{"id":12458,"date":"2023-08-08T19:10:45","date_gmt":"2023-08-08T17:10:45","guid":{"rendered":"https:\/\/www.maria-koenigin.de\/?p=12458"},"modified":"2023-08-08T19:10:45","modified_gmt":"2023-08-08T17:10:45","slug":"einschulung-von-93-neuen-fuenftklaesslern","status":"publish","type":"post","link":"https:\/\/www.maria-koenigin.de\/?p=12458","title":{"rendered":"Einschulung von 93 neuen F\u00fcnftkl\u00e4sslern"},"content":{"rendered":"<p style=\"text-align: justify;\"><img loading=\"lazy\" decoding=\"async\" class=\"alignright wp-image-12459 size-large\" src=\"http:\/\/www.maria-koenigin.de\/wordpress\/wp-content\/uploads\/2023\/08\/MK23-Einschulung-Gottesdienst-5-HQ-1024x682.jpg\" alt=\"\" width=\"625\" height=\"416\" srcset=\"https:\/\/www.maria-koenigin.de\/wordpress\/wp-content\/uploads\/2023\/08\/MK23-Einschulung-Gottesdienst-5-HQ-1024x682.jpg 1024w, https:\/\/www.maria-koenigin.de\/wordpress\/wp-content\/uploads\/2023\/08\/MK23-Einschulung-Gottesdienst-5-HQ-300x200.jpg 300w, https:\/\/www.maria-koenigin.de\/wordpress\/wp-content\/uploads\/2023\/08\/MK23-Einschulung-Gottesdienst-5-HQ-768x512.jpg 768w, https:\/\/www.maria-koenigin.de\/wordpress\/wp-content\/uploads\/2023\/08\/MK23-Einschulung-Gottesdienst-5-HQ-1536x1024.jpg 1536w, https:\/\/www.maria-koenigin.de\/wordpress\/wp-content\/uploads\/2023\/08\/MK23-Einschulung-Gottesdienst-5-HQ-624x416.jpg 624w, https:\/\/www.maria-koenigin.de\/wordpress\/wp-content\/uploads\/2023\/08\/MK23-Einschulung-Gottesdienst-5-HQ.jpg 2000w\" sizes=\"auto, (max-width: 625px) 100vw, 625px\" \/><\/p>\n<p style=\"text-align: justify;\">Montag, der 07. August war bei 93 Familien ganz dick rot im Kalender markiert: die Einschulung an Maria K\u00f6nigin stand an. Zun\u00e4chst feierten die Neuen mit ihren Eltern und Pfarrer Ludger Wollweber einen bunten und lebhaften Gottesdienst, der von der 6a vorbereitet und durch den Mittelstufenchor musikalisch umrahmt wurde. <!--more--><\/p>\n<p><img loading=\"lazy\" decoding=\"async\" class=\"alignright wp-image-12460 size-large\" src=\"http:\/\/www.maria-koenigin.de\/wordpress\/wp-content\/uploads\/2023\/08\/MK23-Einschulung-5a-7-HQ-1024x682.jpg\" alt=\"\" width=\"625\" height=\"416\" srcset=\"https:\/\/www.maria-koenigin.de\/wordpress\/wp-content\/uploads\/2023\/08\/MK23-Einschulung-5a-7-HQ-1024x682.jpg 1024w, https:\/\/www.maria-koenigin.de\/wordpress\/wp-content\/uploads\/2023\/08\/MK23-Einschulung-5a-7-HQ-300x200.jpg 300w, https:\/\/www.maria-koenigin.de\/wordpress\/wp-content\/uploads\/2023\/08\/MK23-Einschulung-5a-7-HQ-768x512.jpg 768w, https:\/\/www.maria-koenigin.de\/wordpress\/wp-content\/uploads\/2023\/08\/MK23-Einschulung-5a-7-HQ-1536x1024.jpg 1536w, https:\/\/www.maria-koenigin.de\/wordpress\/wp-content\/uploads\/2023\/08\/MK23-Einschulung-5a-7-HQ-624x416.jpg 624w, https:\/\/www.maria-koenigin.de\/wordpress\/wp-content\/uploads\/2023\/08\/MK23-Einschulung-5a-7-HQ.jpg 2000w\" sizes=\"auto, (max-width: 625px) 100vw, 625px\" \/> <img loading=\"lazy\" decoding=\"async\" class=\"alignright wp-image-12461 size-large\" src=\"http:\/\/www.maria-koenigin.de\/wordpress\/wp-content\/uploads\/2023\/08\/MK23-Einschulung-5b-8-HQ-1024x682.jpg\" alt=\"\" width=\"625\" height=\"416\" srcset=\"https:\/\/www.maria-koenigin.de\/wordpress\/wp-content\/uploads\/2023\/08\/MK23-Einschulung-5b-8-HQ-1024x682.jpg 1024w, https:\/\/www.maria-koenigin.de\/wordpress\/wp-content\/uploads\/2023\/08\/MK23-Einschulung-5b-8-HQ-300x200.jpg 300w, https:\/\/www.maria-koenigin.de\/wordpress\/wp-content\/uploads\/2023\/08\/MK23-Einschulung-5b-8-HQ-768x512.jpg 768w, https:\/\/www.maria-koenigin.de\/wordpress\/wp-content\/uploads\/2023\/08\/MK23-Einschulung-5b-8-HQ-1536x1024.jpg 1536w, https:\/\/www.maria-koenigin.de\/wordpress\/wp-content\/uploads\/2023\/08\/MK23-Einschulung-5b-8-HQ-624x416.jpg 624w, https:\/\/www.maria-koenigin.de\/wordpress\/wp-content\/uploads\/2023\/08\/MK23-Einschulung-5b-8-HQ.jpg 2000w\" sizes=\"auto, (max-width: 625px) 100vw, 625px\" \/> <img loading=\"lazy\" decoding=\"async\" class=\"alignright wp-image-12462 size-large\" src=\"http:\/\/www.maria-koenigin.de\/wordpress\/wp-content\/uploads\/2023\/08\/MK23-Einschulung-5c-HQ-1024x682.jpg\" alt=\"\" width=\"625\" height=\"416\" srcset=\"https:\/\/www.maria-koenigin.de\/wordpress\/wp-content\/uploads\/2023\/08\/MK23-Einschulung-5c-HQ-1024x682.jpg 1024w, https:\/\/www.maria-koenigin.de\/wordpress\/wp-content\/uploads\/2023\/08\/MK23-Einschulung-5c-HQ-300x200.jpg 300w, https:\/\/www.maria-koenigin.de\/wordpress\/wp-content\/uploads\/2023\/08\/MK23-Einschulung-5c-HQ-768x512.jpg 768w, https:\/\/www.maria-koenigin.de\/wordpress\/wp-content\/uploads\/2023\/08\/MK23-Einschulung-5c-HQ-1536x1024.jpg 1536w, https:\/\/www.maria-koenigin.de\/wordpress\/wp-content\/uploads\/2023\/08\/MK23-Einschulung-5c-HQ-624x416.jpg 624w, https:\/\/www.maria-koenigin.de\/wordpress\/wp-content\/uploads\/2023\/08\/MK23-Einschulung-5c-HQ.jpg 2000w\" sizes=\"auto, (max-width: 625px) 100vw, 625px\" \/><\/p>\n<p style=\"text-align: justify;\">Anschlie\u00dfend wurden die Sch\u00fclerinnen und Sch\u00fcler auf ihre neuen Klassen aufgeteilt und eroberten gemeinsam mit ihren Klassenleitungen, Frau Fr\u00f6hlich, Frau Koch und Herrn Reifenrath, ihren neuen Klassenraum. Die Eltern besuchen parallel eine kurzweilige Informationsveranstaltung der Schulleitung und der Unterstufenkoordination im Konferenzraum. Gegen Mittag endete dann der erste Schultag und strahlende Kinderaugen traten den Heimweg in Vorfreude auf den zweiten Schultag an. <img loading=\"lazy\" decoding=\"async\" class=\"alignright wp-image-12463 size-large\" src=\"http:\/\/www.maria-koenigin.de\/wordpress\/wp-content\/uploads\/2023\/08\/MK23-Einschulung-Eltern-10-HQbearb-1024x306.jpg\" alt=\"\" width=\"625\" height=\"187\" srcset=\"https:\/\/www.maria-koenigin.de\/wordpress\/wp-content\/uploads\/2023\/08\/MK23-Einschulung-Eltern-10-HQbearb-1024x306.jpg 1024w, https:\/\/www.maria-koenigin.de\/wordpress\/wp-content\/uploads\/2023\/08\/MK23-Einschulung-Eltern-10-HQbearb-300x90.jpg 300w, https:\/\/www.maria-koenigin.de\/wordpress\/wp-content\/uploads\/2023\/08\/MK23-Einschulung-Eltern-10-HQbearb-768x229.jpg 768w, https:\/\/www.maria-koenigin.de\/wordpress\/wp-content\/uploads\/2023\/08\/MK23-Einschulung-Eltern-10-HQbearb-1536x458.jpg 1536w, https:\/\/www.maria-koenigin.de\/wordpress\/wp-content\/uploads\/2023\/08\/MK23-Einschulung-Eltern-10-HQbearb-624x186.jpg 624w, https:\/\/www.maria-koenigin.de\/wordpress\/wp-content\/uploads\/2023\/08\/MK23-Einschulung-Eltern-10-HQbearb.jpg 2000w\" sizes=\"auto, (max-width: 625px) 100vw, 625px\" \/><\/p>\n","protected":false},"excerpt":{"rendered":"<p>Montag, der 07. August war bei 93 Familien ganz dick rot im Kalender markiert: die Einschulung an Maria K\u00f6nigin stand an. Zun\u00e4chst feierten die Neuen mit ihren Eltern und Pfarrer Ludger Wollweber einen bunten und lebhaften Gottesdienst, der von der 6a vorbereitet und durch den Mittelstufenchor musikalisch umrahmt wurde.<\/p>\n","protected":false},"author":7,"featured_media":0,"comment_status":"closed","ping_status":"closed","sticky":false,"template":"","format":"standard","meta":{"ngg_post_thumbnail":0,"footnotes":""},"categories":[4],"tags":[],"class_list":["post-12458","post","type-post","status-publish","format-standard","hentry","category-aktuelles"],"_links":{"self":[{"href":"https:\/\/www.maria-koenigin.de\/index.php?rest_route=\/wp\/v2\/posts\/12458","targetHints":{"allow":["GET"]}}],"collection":[{"href":"https:\/\/www.maria-koenigin.de\/index.php?rest_route=\/wp\/v2\/posts"}],"about":[{"href":"https:\/\/www.maria-koenigin.de\/index.php?rest_route=\/wp\/v2\/types\/post"}],"author":[{"embeddable":true,"href":"https:\/\/www.maria-koenigin.de\/index.php?rest_route=\/wp\/v2\/users\/7"}],"replies":[{"embeddable":true,"href":"https:\/\/www.maria-koenigin.de\/index.php?rest_route=%2Fwp%2Fv2%2Fcomments&post=12458"}],"version-history":[{"count":1,"href":"https:\/\/www.maria-koenigin.de\/index.php?rest_route=\/wp\/v2\/posts\/12458\/revisions"}],"predecessor-version":[{"id":12464,"href":"https:\/\/www.maria-koenigin.de\/index.php?rest_route=\/wp\/v2\/posts\/12458\/revisions\/12464"}],"wp:attachment":[{"href":"https:\/\/www.maria-koenigin.de\/index.php?rest_route=%2Fwp%2Fv2%2Fmedia&parent=12458"}],"wp:term":[{"taxonomy":"category","embeddable":true,"href":"https:\/\/www.maria-koenigin.de\/index.php?rest_route=%2Fwp%2Fv2%2Fcategories&post=12458"},{"taxonomy":"post_tag","embeddable":true,"href":"https:\/\/www.maria-koenigin.de\/index.php?rest_route=%2Fwp%2Fv2%2Ftags&post=12458"}],"curies":[{"name":"wp","href":"https:\/\/api.w.org\/{rel}","templated":true}]}}