{"id":12534,"date":"2023-08-11T19:57:50","date_gmt":"2023-08-11T17:57:50","guid":{"rendered":"https:\/\/www.maria-koenigin.de\/?p=12534"},"modified":"2023-08-11T19:57:50","modified_gmt":"2023-08-11T17:57:50","slug":"ueber-600-schueler-bei-strahlender-sonne-auf-dem-kohlhagen","status":"publish","type":"post","link":"https:\/\/www.maria-koenigin.de\/?p=12534","title":{"rendered":"\u00dcber 600 Sch\u00fcler bei strahlender Sonne auf dem Kohlhagen"},"content":{"rendered":"<p style=\"text-align: justify;\"><img loading=\"lazy\" decoding=\"async\" class=\"alignright wp-image-12536 size-full\" src=\"http:\/\/www.maria-koenigin.de\/wordpress\/wp-content\/uploads\/2023\/08\/MK-StdQ-23.jpg\" alt=\"\" width=\"650\" height=\"433\" srcset=\"https:\/\/www.maria-koenigin.de\/wordpress\/wp-content\/uploads\/2023\/08\/MK-StdQ-23.jpg 650w, https:\/\/www.maria-koenigin.de\/wordpress\/wp-content\/uploads\/2023\/08\/MK-StdQ-23-300x200.jpg 300w, https:\/\/www.maria-koenigin.de\/wordpress\/wp-content\/uploads\/2023\/08\/MK-StdQ-23-624x416.jpg 624w\" sizes=\"auto, (max-width: 650px) 100vw, 650px\" \/>Das war besonders gutes Timing. Nach mehreren Wochen Regen fand die Schul-Wallfahrt zum\u00a0 Kohlhagen an einem wundersch\u00f6nen Sonnentag statt. <img loading=\"lazy\" decoding=\"async\" class=\"alignright wp-image-12540 size-large\" src=\"http:\/\/www.maria-koenigin.de\/wordpress\/wp-content\/uploads\/2023\/08\/MK-HQ-28-1024x682.jpg\" alt=\"\" width=\"625\" height=\"416\" srcset=\"https:\/\/www.maria-koenigin.de\/wordpress\/wp-content\/uploads\/2023\/08\/MK-HQ-28-1024x682.jpg 1024w, https:\/\/www.maria-koenigin.de\/wordpress\/wp-content\/uploads\/2023\/08\/MK-HQ-28-300x200.jpg 300w, https:\/\/www.maria-koenigin.de\/wordpress\/wp-content\/uploads\/2023\/08\/MK-HQ-28-768x512.jpg 768w, https:\/\/www.maria-koenigin.de\/wordpress\/wp-content\/uploads\/2023\/08\/MK-HQ-28-1536x1024.jpg 1536w, https:\/\/www.maria-koenigin.de\/wordpress\/wp-content\/uploads\/2023\/08\/MK-HQ-28-624x416.jpg 624w, https:\/\/www.maria-koenigin.de\/wordpress\/wp-content\/uploads\/2023\/08\/MK-HQ-28.jpg 2000w\" sizes=\"auto, (max-width: 625px) 100vw, 625px\" \/><\/p>\n<p style=\"text-align: justify;\">Entsprechend gut war die Stimmung der\u00a0 mehr als 600 Sch\u00fcler und Sch\u00fclerinnen, die sich wieder von unterschiedlichen Ausgangspunkten auf den Weg gemacht hatten. <!--more--><\/p>\n<p style=\"text-align: justify;\"><img loading=\"lazy\" decoding=\"async\" class=\"alignright wp-image-12537 size-full\" src=\"http:\/\/www.maria-koenigin.de\/wordpress\/wp-content\/uploads\/2023\/08\/MK-StdQ-11.jpg\" alt=\"\" width=\"650\" height=\"433\" srcset=\"https:\/\/www.maria-koenigin.de\/wordpress\/wp-content\/uploads\/2023\/08\/MK-StdQ-11.jpg 650w, https:\/\/www.maria-koenigin.de\/wordpress\/wp-content\/uploads\/2023\/08\/MK-StdQ-11-300x200.jpg 300w, https:\/\/www.maria-koenigin.de\/wordpress\/wp-content\/uploads\/2023\/08\/MK-StdQ-11-624x416.jpg 624w\" sizes=\"auto, (max-width: 650px) 100vw, 650px\" \/>Thematisch ging es um \u201eBuen Vivir!&#8220; \u00fcbersetzt gutes Leben, wie es die indigenen V\u00f6lker in den Andenl\u00e4ndern im s\u00fcdlichen Amerika nennen. Dabei handelt es sich um ein Konzept, wie die indigenen V\u00f6lker ihre Rechte und ihre W\u00fcrde behalten und ihre Kultur bewahren k\u00f6nnen.<\/p>\n<p style=\"text-align: justify;\"><img loading=\"lazy\" decoding=\"async\" class=\"alignright wp-image-12535 size-full\" src=\"http:\/\/www.maria-koenigin.de\/wordpress\/wp-content\/uploads\/2023\/08\/MK-StdQ-4.jpg\" alt=\"\" width=\"650\" height=\"433\" srcset=\"https:\/\/www.maria-koenigin.de\/wordpress\/wp-content\/uploads\/2023\/08\/MK-StdQ-4.jpg 650w, https:\/\/www.maria-koenigin.de\/wordpress\/wp-content\/uploads\/2023\/08\/MK-StdQ-4-300x200.jpg 300w, https:\/\/www.maria-koenigin.de\/wordpress\/wp-content\/uploads\/2023\/08\/MK-StdQ-4-624x416.jpg 624w\" sizes=\"auto, (max-width: 650px) 100vw, 650px\" \/>Das Konzept \u201eBuen Vivir\u201c kann auch ein Konzept der Nachhaltigkeit f\u00fcr unser Leben sein. Damit besch\u00e4ftigten sich die Walfahrtgruppen schon auf dem Weg.<\/p>\n<p style=\"text-align: justify;\"><img loading=\"lazy\" decoding=\"async\" class=\"alignright wp-image-12538 size-full\" src=\"http:\/\/www.maria-koenigin.de\/wordpress\/wp-content\/uploads\/2023\/08\/MK-StdQ-19.jpg\" alt=\"\" width=\"650\" height=\"433\" srcset=\"https:\/\/www.maria-koenigin.de\/wordpress\/wp-content\/uploads\/2023\/08\/MK-StdQ-19.jpg 650w, https:\/\/www.maria-koenigin.de\/wordpress\/wp-content\/uploads\/2023\/08\/MK-StdQ-19-300x200.jpg 300w, https:\/\/www.maria-koenigin.de\/wordpress\/wp-content\/uploads\/2023\/08\/MK-StdQ-19-624x416.jpg 624w\" sizes=\"auto, (max-width: 650px) 100vw, 650px\" \/>Auch im Gottesdienst, der vom Mittelstufenchor, einer Band unter Leitung von Harald J\u00fcngst und Sch\u00fclern aus der Jahrgangsstufe 9 und der Q1 mitgestaltet wurde, griff Pater J\u00fcrgen Heite diese Idee auf.\u00a0 \u201eEs geht unserem Volk nur gut, wenn es allen Menschen in unserem Volk gut geht!\u201c \u00dcbertragen auf die Situation in der Schule hei\u00dfe das: \u201eWir sind nur eine gute Klasse oder Stufe, wenn es allen Sch\u00fclern in unserer Klasse\/Stufe gut geht!\u201c <img loading=\"lazy\" decoding=\"async\" class=\"alignright wp-image-12539 size-full\" src=\"http:\/\/www.maria-koenigin.de\/wordpress\/wp-content\/uploads\/2023\/08\/MK-StdQ-9.jpg\" alt=\"\" width=\"650\" height=\"433\" srcset=\"https:\/\/www.maria-koenigin.de\/wordpress\/wp-content\/uploads\/2023\/08\/MK-StdQ-9.jpg 650w, https:\/\/www.maria-koenigin.de\/wordpress\/wp-content\/uploads\/2023\/08\/MK-StdQ-9-300x200.jpg 300w, https:\/\/www.maria-koenigin.de\/wordpress\/wp-content\/uploads\/2023\/08\/MK-StdQ-9-624x416.jpg 624w\" sizes=\"auto, (max-width: 650px) 100vw, 650px\" \/><\/p>\n","protected":false},"excerpt":{"rendered":"<p>Das war besonders gutes Timing. Nach mehreren Wochen Regen fand die Schul-Wallfahrt zum\u00a0 Kohlhagen an einem wundersch\u00f6nen Sonnentag statt. Entsprechend gut war die Stimmung der\u00a0 mehr als 600 Sch\u00fcler und Sch\u00fclerinnen, die sich wieder von unterschiedlichen Ausgangspunkten auf den Weg gemacht hatten.<\/p>\n","protected":false},"author":7,"featured_media":0,"comment_status":"closed","ping_status":"closed","sticky":false,"template":"","format":"standard","meta":{"ngg_post_thumbnail":0,"footnotes":""},"categories":[4],"tags":[],"class_list":["post-12534","post","type-post","status-publish","format-standard","hentry","category-aktuelles"],"_links":{"self":[{"href":"https:\/\/www.maria-koenigin.de\/index.php?rest_route=\/wp\/v2\/posts\/12534","targetHints":{"allow":["GET"]}}],"collection":[{"href":"https:\/\/www.maria-koenigin.de\/index.php?rest_route=\/wp\/v2\/posts"}],"about":[{"href":"https:\/\/www.maria-koenigin.de\/index.php?rest_route=\/wp\/v2\/types\/post"}],"author":[{"embeddable":true,"href":"https:\/\/www.maria-koenigin.de\/index.php?rest_route=\/wp\/v2\/users\/7"}],"replies":[{"embeddable":true,"href":"https:\/\/www.maria-koenigin.de\/index.php?rest_route=%2Fwp%2Fv2%2Fcomments&post=12534"}],"version-history":[{"count":2,"href":"https:\/\/www.maria-koenigin.de\/index.php?rest_route=\/wp\/v2\/posts\/12534\/revisions"}],"predecessor-version":[{"id":12542,"href":"https:\/\/www.maria-koenigin.de\/index.php?rest_route=\/wp\/v2\/posts\/12534\/revisions\/12542"}],"wp:attachment":[{"href":"https:\/\/www.maria-koenigin.de\/index.php?rest_route=%2Fwp%2Fv2%2Fmedia&parent=12534"}],"wp:term":[{"taxonomy":"category","embeddable":true,"href":"https:\/\/www.maria-koenigin.de\/index.php?rest_route=%2Fwp%2Fv2%2Fcategories&post=12534"},{"taxonomy":"post_tag","embeddable":true,"href":"https:\/\/www.maria-koenigin.de\/index.php?rest_route=%2Fwp%2Fv2%2Ftags&post=12534"}],"curies":[{"name":"wp","href":"https:\/\/api.w.org\/{rel}","templated":true}]}}