{"id":12582,"date":"2023-08-29T08:00:48","date_gmt":"2023-08-29T06:00:48","guid":{"rendered":"https:\/\/www.maria-koenigin.de\/?p=12582"},"modified":"2023-08-27T20:30:35","modified_gmt":"2023-08-27T18:30:35","slug":"spannende-erfahrungen-bei-der-young-leaders-akademie","status":"publish","type":"post","link":"https:\/\/www.maria-koenigin.de\/?p=12582","title":{"rendered":"Spannende Erfahrungen bei der young leaders Akademie"},"content":{"rendered":"<p style=\"text-align: justify;\"><a href=\"http:\/\/www.maria-koenigin.de\/wordpress\/wp-content\/uploads\/2023\/08\/Foto-young-leaders-Akademie-2023klein.jpg\"><img loading=\"lazy\" decoding=\"async\" class=\"alignright size-full wp-image-12583\" src=\"http:\/\/www.maria-koenigin.de\/wordpress\/wp-content\/uploads\/2023\/08\/Foto-young-leaders-Akademie-2023klein.jpg\" alt=\"\" width=\"640\" height=\"480\" srcset=\"https:\/\/www.maria-koenigin.de\/wordpress\/wp-content\/uploads\/2023\/08\/Foto-young-leaders-Akademie-2023klein.jpg 640w, https:\/\/www.maria-koenigin.de\/wordpress\/wp-content\/uploads\/2023\/08\/Foto-young-leaders-Akademie-2023klein-300x225.jpg 300w, https:\/\/www.maria-koenigin.de\/wordpress\/wp-content\/uploads\/2023\/08\/Foto-young-leaders-Akademie-2023klein-624x468.jpg 624w\" sizes=\"auto, (max-width: 640px) 100vw, 640px\" \/><\/a><\/p>\n<p style=\"text-align: justify;\">Cecilia Mester und Moritz Ehlers aus der Q1 berichten von der young leaders Akademie 2023:<\/p>\n<p style=\"text-align: justify;\">Fake News, Mobilit\u00e4t, Ethik, Nachhaltigkeit und Vieles mehr \u2013 das waren einige der Themen der 79. young leaders Akademie in Paderborn. Doch was kann man sich eigentlich unter dieser Akademie vorstellen? Dort treffen ca. 100 Jugendliche aus ganz Deutschland aufeinander, die \u2013 qualifiziert aufgrund ihrer schulischen Leistungen und ihres sozialen Engagements \u2013 sechs Tage gemeinsam \u00fcber genau diese Themen diskutieren und philosophieren. Wir bekamen nach unserer Bewerbung die M\u00f6glichkeit im\u00a0 letzten Schuljahr dort teilzunehmen. <!--more--><\/p>\n<p style=\"text-align: justify;\">Die Woche startete mit der Anreise via Zug zu der Jugendherberge, in der die Woche geschlafen wurde. Der Gro\u00dfteil der Zeit verbrachten wir allerdings im Heinz Nixdorf MuseumsForum, wo verschiedenste Plenarsitzungen und Workshops zu unterschiedlichen Themen stattfanden. Diese gaben Gelegenheit, mit Professoren, Profijournalisten und Vorstandsmitgliedern diverser Konzerne zu diskutieren und sich auszutauschen. Generell bestand immer die M\u00f6glichkeit mit anderen Teilnehmern Kontakte zu kn\u00fcpfen und Freundschaften zu schlie\u00dfen. Vor allem abends bildeten sich Gespr\u00e4chsgruppen, in denen die Themen des Tages weiter vertieft wurden. Man konnte andere Perspektiven kennenlernen und stetig seinen Horizont erweitern. Insgesamt k\u00f6nnen wir res\u00fcmieren, dass die Teilnahme an der Akademie eine besondere Erfahrung war.<\/p>\n<p>&nbsp;<\/p>\n","protected":false},"excerpt":{"rendered":"<p>Cecilia Mester und Moritz Ehlers aus der Q1 berichten von der young leaders Akademie 2023: Fake News, Mobilit\u00e4t, Ethik, Nachhaltigkeit und Vieles mehr \u2013 das waren einige der Themen der 79. young leaders Akademie in Paderborn. Doch was kann man sich eigentlich unter dieser Akademie vorstellen? Dort treffen ca. 100 Jugendliche aus ganz Deutschland aufeinander, [&hellip;]<\/p>\n","protected":false},"author":7,"featured_media":0,"comment_status":"closed","ping_status":"closed","sticky":false,"template":"","format":"standard","meta":{"ngg_post_thumbnail":0,"footnotes":""},"categories":[4],"tags":[],"class_list":["post-12582","post","type-post","status-publish","format-standard","hentry","category-aktuelles"],"_links":{"self":[{"href":"https:\/\/www.maria-koenigin.de\/index.php?rest_route=\/wp\/v2\/posts\/12582","targetHints":{"allow":["GET"]}}],"collection":[{"href":"https:\/\/www.maria-koenigin.de\/index.php?rest_route=\/wp\/v2\/posts"}],"about":[{"href":"https:\/\/www.maria-koenigin.de\/index.php?rest_route=\/wp\/v2\/types\/post"}],"author":[{"embeddable":true,"href":"https:\/\/www.maria-koenigin.de\/index.php?rest_route=\/wp\/v2\/users\/7"}],"replies":[{"embeddable":true,"href":"https:\/\/www.maria-koenigin.de\/index.php?rest_route=%2Fwp%2Fv2%2Fcomments&post=12582"}],"version-history":[{"count":2,"href":"https:\/\/www.maria-koenigin.de\/index.php?rest_route=\/wp\/v2\/posts\/12582\/revisions"}],"predecessor-version":[{"id":12585,"href":"https:\/\/www.maria-koenigin.de\/index.php?rest_route=\/wp\/v2\/posts\/12582\/revisions\/12585"}],"wp:attachment":[{"href":"https:\/\/www.maria-koenigin.de\/index.php?rest_route=%2Fwp%2Fv2%2Fmedia&parent=12582"}],"wp:term":[{"taxonomy":"category","embeddable":true,"href":"https:\/\/www.maria-koenigin.de\/index.php?rest_route=%2Fwp%2Fv2%2Fcategories&post=12582"},{"taxonomy":"post_tag","embeddable":true,"href":"https:\/\/www.maria-koenigin.de\/index.php?rest_route=%2Fwp%2Fv2%2Ftags&post=12582"}],"curies":[{"name":"wp","href":"https:\/\/api.w.org\/{rel}","templated":true}]}}