{"id":12610,"date":"2023-09-13T07:30:29","date_gmt":"2023-09-13T05:30:29","guid":{"rendered":"https:\/\/www.maria-koenigin.de\/?p=12610"},"modified":"2023-09-13T22:49:33","modified_gmt":"2023-09-13T20:49:33","slug":"maria-koenigin-bei-der-klima-messe-in-olpe","status":"publish","type":"post","link":"https:\/\/www.maria-koenigin.de\/?p=12610","title":{"rendered":"Maria K\u00f6nigin bei der Klima-Messe in Olpe"},"content":{"rendered":"<p style=\"text-align: justify;\"><img loading=\"lazy\" decoding=\"async\" class=\"alignright wp-image-12611 size-large\" src=\"http:\/\/www.maria-koenigin.de\/wordpress\/wp-content\/uploads\/2023\/09\/Klima-Messe-Olpe-5-1024x768.jpeg\" alt=\"\" width=\"625\" height=\"469\" srcset=\"https:\/\/www.maria-koenigin.de\/wordpress\/wp-content\/uploads\/2023\/09\/Klima-Messe-Olpe-5-1024x768.jpeg 1024w, https:\/\/www.maria-koenigin.de\/wordpress\/wp-content\/uploads\/2023\/09\/Klima-Messe-Olpe-5-300x225.jpeg 300w, https:\/\/www.maria-koenigin.de\/wordpress\/wp-content\/uploads\/2023\/09\/Klima-Messe-Olpe-5-768x576.jpeg 768w, https:\/\/www.maria-koenigin.de\/wordpress\/wp-content\/uploads\/2023\/09\/Klima-Messe-Olpe-5-1536x1152.jpeg 1536w, https:\/\/www.maria-koenigin.de\/wordpress\/wp-content\/uploads\/2023\/09\/Klima-Messe-Olpe-5-2048x1536.jpeg 2048w, https:\/\/www.maria-koenigin.de\/wordpress\/wp-content\/uploads\/2023\/09\/Klima-Messe-Olpe-5-624x468.jpeg 624w\" sizes=\"auto, (max-width: 625px) 100vw, 625px\" \/>In Olpe-Dahl fand jetzt die erste Klima-Messe im Kreis Olpe statt und unser Gymnasium war neben vielen anderen Ausstellern aus den Bereichen Bauern und Energie, E-Mobilit\u00e4t, Innovation und Technologie sowie Kulinarisches und Regionales dort als einzige weiterf\u00fchrende Schule vertreten. Einige Lehrerinnen und Lehrer sowie Oberstufensch\u00fclerinnen waren f\u00fcr die Besucher der Messe Ansprechpartner und berichteten unter anderem \u00fcber die Streuobstwiese, die Photovoltaik-Anlage sowie \u00fcber das Servir-Projekt und die Aktivit\u00e4ten des Projektkurses \u201eKlimawandel\u201c. <!--more--><\/p>\n<p style=\"text-align: justify;\"><img loading=\"lazy\" decoding=\"async\" class=\"alignright wp-image-12612 size-large\" src=\"http:\/\/www.maria-koenigin.de\/wordpress\/wp-content\/uploads\/2023\/09\/Klima-Messe-Olpe-3-1024x768.jpeg\" alt=\"\" width=\"625\" height=\"469\" srcset=\"https:\/\/www.maria-koenigin.de\/wordpress\/wp-content\/uploads\/2023\/09\/Klima-Messe-Olpe-3-1024x768.jpeg 1024w, https:\/\/www.maria-koenigin.de\/wordpress\/wp-content\/uploads\/2023\/09\/Klima-Messe-Olpe-3-300x225.jpeg 300w, https:\/\/www.maria-koenigin.de\/wordpress\/wp-content\/uploads\/2023\/09\/Klima-Messe-Olpe-3-768x576.jpeg 768w, https:\/\/www.maria-koenigin.de\/wordpress\/wp-content\/uploads\/2023\/09\/Klima-Messe-Olpe-3-1536x1152.jpeg 1536w, https:\/\/www.maria-koenigin.de\/wordpress\/wp-content\/uploads\/2023\/09\/Klima-Messe-Olpe-3-2048x1536.jpeg 2048w, https:\/\/www.maria-koenigin.de\/wordpress\/wp-content\/uploads\/2023\/09\/Klima-Messe-Olpe-3-624x468.jpeg 624w\" sizes=\"auto, (max-width: 625px) 100vw, 625px\" \/>So konnten die gro\u00dfen und kleinen G\u00e4ste unter Anleitung von Louisa, Sina, Talea und Lisa zum Beispiel Experimente aus dem Klimakoffer durchf\u00fchren. Auch unsere Sch\u00fclerin Carolin war mit dabei, beim Stand von Fridays for future, in direkter Nachbarschaft zu uns.<\/p>\n<p style=\"text-align: justify;\"><img loading=\"lazy\" decoding=\"async\" class=\"alignright wp-image-12613 size-large\" src=\"http:\/\/www.maria-koenigin.de\/wordpress\/wp-content\/uploads\/2023\/09\/Klima-Messe-Olpe-4-1024x768.jpeg\" alt=\"\" width=\"625\" height=\"469\" srcset=\"https:\/\/www.maria-koenigin.de\/wordpress\/wp-content\/uploads\/2023\/09\/Klima-Messe-Olpe-4-1024x768.jpeg 1024w, https:\/\/www.maria-koenigin.de\/wordpress\/wp-content\/uploads\/2023\/09\/Klima-Messe-Olpe-4-300x225.jpeg 300w, https:\/\/www.maria-koenigin.de\/wordpress\/wp-content\/uploads\/2023\/09\/Klima-Messe-Olpe-4-768x576.jpeg 768w, https:\/\/www.maria-koenigin.de\/wordpress\/wp-content\/uploads\/2023\/09\/Klima-Messe-Olpe-4-1536x1152.jpeg 1536w, https:\/\/www.maria-koenigin.de\/wordpress\/wp-content\/uploads\/2023\/09\/Klima-Messe-Olpe-4-2048x1536.jpeg 2048w, https:\/\/www.maria-koenigin.de\/wordpress\/wp-content\/uploads\/2023\/09\/Klima-Messe-Olpe-4-624x468.jpeg 624w\" sizes=\"auto, (max-width: 625px) 100vw, 625px\" \/>Gl\u00fccklicherweise konnten wir uns immer wieder zwischendurch am Stand von Foodsharing Siegen mit aussortierten, aber noch immer sehr leckeren Lebensmitteln st\u00e4rken. Au\u00dferdem bot sich zwischendurch immer wieder die Gelegenheit an interessanten Vortr\u00e4gen teilzunehmen \u00fcber Verzicht und Gl\u00fcck, Bl\u00fchstreifen oder Weltern\u00e4hrung im Klimawandel. Es war gut und interessant da zu sein, auch wenn wir uns noch mehr Besucher gew\u00fcnscht h\u00e4tten.<\/p>\n<p style=\"text-align: justify;\">Peter Peil<\/p>\n","protected":false},"excerpt":{"rendered":"<p>In Olpe-Dahl fand jetzt die erste Klima-Messe im Kreis Olpe statt und unser Gymnasium war neben vielen anderen Ausstellern aus den Bereichen Bauern und Energie, E-Mobilit\u00e4t, Innovation und Technologie sowie Kulinarisches und Regionales dort als einzige weiterf\u00fchrende Schule vertreten. Einige Lehrerinnen und Lehrer sowie Oberstufensch\u00fclerinnen waren f\u00fcr die Besucher der Messe Ansprechpartner und berichteten unter [&hellip;]<\/p>\n","protected":false},"author":7,"featured_media":0,"comment_status":"closed","ping_status":"closed","sticky":false,"template":"","format":"standard","meta":{"ngg_post_thumbnail":0,"footnotes":""},"categories":[4],"tags":[],"class_list":["post-12610","post","type-post","status-publish","format-standard","hentry","category-aktuelles"],"_links":{"self":[{"href":"https:\/\/www.maria-koenigin.de\/index.php?rest_route=\/wp\/v2\/posts\/12610","targetHints":{"allow":["GET"]}}],"collection":[{"href":"https:\/\/www.maria-koenigin.de\/index.php?rest_route=\/wp\/v2\/posts"}],"about":[{"href":"https:\/\/www.maria-koenigin.de\/index.php?rest_route=\/wp\/v2\/types\/post"}],"author":[{"embeddable":true,"href":"https:\/\/www.maria-koenigin.de\/index.php?rest_route=\/wp\/v2\/users\/7"}],"replies":[{"embeddable":true,"href":"https:\/\/www.maria-koenigin.de\/index.php?rest_route=%2Fwp%2Fv2%2Fcomments&post=12610"}],"version-history":[{"count":2,"href":"https:\/\/www.maria-koenigin.de\/index.php?rest_route=\/wp\/v2\/posts\/12610\/revisions"}],"predecessor-version":[{"id":12671,"href":"https:\/\/www.maria-koenigin.de\/index.php?rest_route=\/wp\/v2\/posts\/12610\/revisions\/12671"}],"wp:attachment":[{"href":"https:\/\/www.maria-koenigin.de\/index.php?rest_route=%2Fwp%2Fv2%2Fmedia&parent=12610"}],"wp:term":[{"taxonomy":"category","embeddable":true,"href":"https:\/\/www.maria-koenigin.de\/index.php?rest_route=%2Fwp%2Fv2%2Fcategories&post=12610"},{"taxonomy":"post_tag","embeddable":true,"href":"https:\/\/www.maria-koenigin.de\/index.php?rest_route=%2Fwp%2Fv2%2Ftags&post=12610"}],"curies":[{"name":"wp","href":"https:\/\/api.w.org\/{rel}","templated":true}]}}