{"id":12615,"date":"2023-09-10T22:35:46","date_gmt":"2023-09-10T20:35:46","guid":{"rendered":"https:\/\/www.maria-koenigin.de\/?p=12615"},"modified":"2023-09-10T22:35:46","modified_gmt":"2023-09-10T20:35:46","slug":"mixed-team-und-lya-bourgund-gewinnen-beim-stadtlauf","status":"publish","type":"post","link":"https:\/\/www.maria-koenigin.de\/?p=12615","title":{"rendered":"Mixed-Team und Lya Bourgund gewinnen beim Stadtlauf"},"content":{"rendered":"<p style=\"text-align: justify;\"><img loading=\"lazy\" decoding=\"async\" class=\"alignright wp-image-12616 size-full\" src=\"http:\/\/www.maria-koenigin.de\/wordpress\/wp-content\/uploads\/2023\/09\/Stadtlauf-Sieger-klein.jpg\" alt=\"\" width=\"640\" height=\"853\" srcset=\"https:\/\/www.maria-koenigin.de\/wordpress\/wp-content\/uploads\/2023\/09\/Stadtlauf-Sieger-klein.jpg 640w, https:\/\/www.maria-koenigin.de\/wordpress\/wp-content\/uploads\/2023\/09\/Stadtlauf-Sieger-klein-225x300.jpg 225w, https:\/\/www.maria-koenigin.de\/wordpress\/wp-content\/uploads\/2023\/09\/Stadtlauf-Sieger-klein-624x832.jpg 624w\" sizes=\"auto, (max-width: 640px) 100vw, 640px\" \/>Auch bei der dritten Auflage des Laufevents &#8222;Lennestadt l\u00e4uft&#8220; war ein Team von Maria K\u00f6nigin am Start. Bei der neu strukturierten Veranstaltung galt es nun eine Strecke von ca. 6,3km auf drei Runden im Bereich der Altenhundemer Innenstadt zu absolvieren. <!--more--><\/p>\n<p style=\"text-align: justify;\"><img loading=\"lazy\" decoding=\"async\" class=\"alignright wp-image-12617 size-full\" src=\"http:\/\/www.maria-koenigin.de\/wordpress\/wp-content\/uploads\/2023\/09\/Stadtlauf-Teams-klein.jpg\" alt=\"\" width=\"640\" height=\"551\" srcset=\"https:\/\/www.maria-koenigin.de\/wordpress\/wp-content\/uploads\/2023\/09\/Stadtlauf-Teams-klein.jpg 640w, https:\/\/www.maria-koenigin.de\/wordpress\/wp-content\/uploads\/2023\/09\/Stadtlauf-Teams-klein-300x258.jpg 300w, https:\/\/www.maria-koenigin.de\/wordpress\/wp-content\/uploads\/2023\/09\/Stadtlauf-Teams-klein-624x537.jpg 624w\" sizes=\"auto, (max-width: 640px) 100vw, 640px\" \/>Da nicht der Leistungssportgedanke sondern das <em>miteinander Sport machen<\/em> im Vordergrund steht, werden keine Zeiten gestoppt. Jeweils vier aufeinander ins Ziel einkommende L\u00e4ufer eines Teams bilden eine Mannschaft, deren Platzziffern addiert werden. Nach dem 2. Platz im Vorjahr konnte sich das MK-Team nun in der mixed-Wertung sogar den ersten Platz sichern. Die Lehrer Peter Peil, Daniel Eickhoff und Sandra Clemens wurden von Mika Kebben aus der 9a unterst\u00fctzt. Das zweite MK-Team bestand aus Jennifer Stahl,\u00a0 Elias Gr\u00fcbel aus der 9b, Sebastian Wiese und Christoph Tebr\u00fcgge. Ebenso wie die Veranstalter res\u00fcmierte auch die MK-Gruppe, dass es ein gelungener Nachmittag war. An der Strecke herrschte eine ausgelassene Stimmung, immer wieder wurde man angefeuert oder mit lauter Musik zus\u00e4tzlich motiviert. Anwohner in der Pfarrgasse sorgten mit Gartenschl\u00e4uchen und Spr\u00fchnebel f\u00fcr eine besonders erfreuliche Erfrischung bei den hochsommerlichen Temperaturen.<\/p>\n<p style=\"text-align: justify;\"><img loading=\"lazy\" decoding=\"async\" class=\"alignright wp-image-12618 size-full\" src=\"http:\/\/www.maria-koenigin.de\/wordpress\/wp-content\/uploads\/2023\/09\/LyaBourgrund-mit-Medaille-ohne-Urkunde.jpeg\" alt=\"\" width=\"770\" height=\"1004\" srcset=\"https:\/\/www.maria-koenigin.de\/wordpress\/wp-content\/uploads\/2023\/09\/LyaBourgrund-mit-Medaille-ohne-Urkunde.jpeg 770w, https:\/\/www.maria-koenigin.de\/wordpress\/wp-content\/uploads\/2023\/09\/LyaBourgrund-mit-Medaille-ohne-Urkunde-230x300.jpeg 230w, https:\/\/www.maria-koenigin.de\/wordpress\/wp-content\/uploads\/2023\/09\/LyaBourgrund-mit-Medaille-ohne-Urkunde-768x1001.jpeg 768w, https:\/\/www.maria-koenigin.de\/wordpress\/wp-content\/uploads\/2023\/09\/LyaBourgrund-mit-Medaille-ohne-Urkunde-624x814.jpeg 624w\" sizes=\"auto, (max-width: 770px) 100vw, 770px\" \/>Vor dem Hauptlauf hatte es bereits Wettbewerbe f\u00fcr Kinder der U12 und Jugendliche der U16 gegeben, bei denen viele Sch\u00fclerinnen und Sch\u00fcler von MK f\u00fcr ihre Sportvereine oder Nachbarschaftsgruppen aktiv waren. Lya Bourgund aus der 10c konnte den 1,5km-Lauf sogar gewinnen.<\/p>\n<p style=\"text-align: justify;\">Da am Vormittag bereits das Sportfest der Klassen 5 bis 8 stattgefunden hatte, war der 8.September ein besonders sportlicher Freitag f\u00fcr das Gymnasium Maria K\u00f6nigin<\/p>\n","protected":false},"excerpt":{"rendered":"<p>Auch bei der dritten Auflage des Laufevents &#8222;Lennestadt l\u00e4uft&#8220; war ein Team von Maria K\u00f6nigin am Start. Bei der neu strukturierten Veranstaltung galt es nun eine Strecke von ca. 6,3km auf drei Runden im Bereich der Altenhundemer Innenstadt zu absolvieren.<\/p>\n","protected":false},"author":7,"featured_media":0,"comment_status":"closed","ping_status":"closed","sticky":false,"template":"","format":"standard","meta":{"ngg_post_thumbnail":0,"footnotes":""},"categories":[4],"tags":[],"class_list":["post-12615","post","type-post","status-publish","format-standard","hentry","category-aktuelles"],"_links":{"self":[{"href":"https:\/\/www.maria-koenigin.de\/index.php?rest_route=\/wp\/v2\/posts\/12615","targetHints":{"allow":["GET"]}}],"collection":[{"href":"https:\/\/www.maria-koenigin.de\/index.php?rest_route=\/wp\/v2\/posts"}],"about":[{"href":"https:\/\/www.maria-koenigin.de\/index.php?rest_route=\/wp\/v2\/types\/post"}],"author":[{"embeddable":true,"href":"https:\/\/www.maria-koenigin.de\/index.php?rest_route=\/wp\/v2\/users\/7"}],"replies":[{"embeddable":true,"href":"https:\/\/www.maria-koenigin.de\/index.php?rest_route=%2Fwp%2Fv2%2Fcomments&post=12615"}],"version-history":[{"count":1,"href":"https:\/\/www.maria-koenigin.de\/index.php?rest_route=\/wp\/v2\/posts\/12615\/revisions"}],"predecessor-version":[{"id":12619,"href":"https:\/\/www.maria-koenigin.de\/index.php?rest_route=\/wp\/v2\/posts\/12615\/revisions\/12619"}],"wp:attachment":[{"href":"https:\/\/www.maria-koenigin.de\/index.php?rest_route=%2Fwp%2Fv2%2Fmedia&parent=12615"}],"wp:term":[{"taxonomy":"category","embeddable":true,"href":"https:\/\/www.maria-koenigin.de\/index.php?rest_route=%2Fwp%2Fv2%2Fcategories&post=12615"},{"taxonomy":"post_tag","embeddable":true,"href":"https:\/\/www.maria-koenigin.de\/index.php?rest_route=%2Fwp%2Fv2%2Ftags&post=12615"}],"curies":[{"name":"wp","href":"https:\/\/api.w.org\/{rel}","templated":true}]}}