{"id":12687,"date":"2023-09-20T07:30:54","date_gmt":"2023-09-20T05:30:54","guid":{"rendered":"https:\/\/www.maria-koenigin.de\/?p=12687"},"modified":"2023-09-17T16:07:25","modified_gmt":"2023-09-17T14:07:25","slug":"erdkunde-leistungskurs-besucht-muenster","status":"publish","type":"post","link":"https:\/\/www.maria-koenigin.de\/?p=12687","title":{"rendered":"Erdkunde-Leistungskurs besucht M\u00fcnster"},"content":{"rendered":"<p style=\"text-align: justify;\"><img loading=\"lazy\" decoding=\"async\" class=\"alignright wp-image-12688 size-full\" src=\"http:\/\/www.maria-koenigin.de\/wordpress\/wp-content\/uploads\/2023\/09\/Exkursion-Muenster-2023klein.jpg\" alt=\"\" width=\"640\" height=\"480\" srcset=\"https:\/\/www.maria-koenigin.de\/wordpress\/wp-content\/uploads\/2023\/09\/Exkursion-Muenster-2023klein.jpg 640w, https:\/\/www.maria-koenigin.de\/wordpress\/wp-content\/uploads\/2023\/09\/Exkursion-Muenster-2023klein-300x225.jpg 300w, https:\/\/www.maria-koenigin.de\/wordpress\/wp-content\/uploads\/2023\/09\/Exkursion-Muenster-2023klein-624x468.jpg 624w\" sizes=\"auto, (max-width: 640px) 100vw, 640px\" \/>Zu einer zweit\u00e4gige Exkursion hat sich der Erdkunde-Leistungskurs der Q2 mit seinem Lehrer Peter Peil bereits vor den Ferien auf den Weg gemacht. Luca Endler aus der Q2 berichtet:<\/p>\n<p style=\"text-align: justify;\">Wir hatten uns in den Wochen zuvor mit dem Thema Stadtgeographie besch\u00e4ftigt und Herr Peil schlug vor, uns das Ganze an einem konkreten Beispiel anzusehen. Nach einer Abstimmung im Kurs entschieden wir uns f\u00fcr M\u00fcnster \u2013 nicht zuletzt aufgrund des historischen Stadtkerns und der langen Geschichte der Stadt. Von Altenhundem ging es f\u00fcr uns zun\u00e4chst nach Dortmund und anschlie\u00dfend nach M\u00fcnster. <!--more--><\/p>\n<p style=\"text-align: justify;\">In M\u00fcnster angekommen, zeigte Herr Peil uns zun\u00e4chst den Weg zu unserer Unterkunft, einem Hostel mitten in der Altstadt. Da wir hier erst um 15:00 Uhr einchecken konnten, entschied sich der Gro\u00dfteil von uns dazu, direkt mit der Arbeit an unseren Pr\u00e4sentationen zu beginnen. Wir hatten zuvor Gruppen gebildet, die sich mit Themen wie z.B. der Nachhaltigkeit der Stadt, der Digitalisierung in M\u00fcnster oder dem umfunktionierten Stadthafen besch\u00e4ftigen sollten. Mithilfe von E-Scootern, den \u00f6ffentlichen Verkehrsmitteln oder schlicht zu Fu\u00df versuchten wir, so viel wie m\u00f6glich von der Stadt zu sehen und \u00fcber sie herauszufinden. Gegen 13:00 Uhr trafen sich einige von uns mit Herrn Peil in der Mensa am Aasee, um zu Mittag zu essen. Wieder andere nutzen die Zeit, in der Altstadt zu essen oder einkaufen zu gehen. Um 15:00 trafen wir uns dann am Hostel, teilten uns auf die Zimmer auf und machten eine kleine Pause.<\/p>\n<p style=\"text-align: justify;\">Herr Peil hatte uns im Vorfeld zu einer einst\u00fcndigen F\u00fchrung im Stadtmuseum angemeldet, bei der wir ab 16:30 Uhr vieles \u00fcber die Entwicklung der Stadt von der Gr\u00fcndung bis in die Gegenwart erfuhren. Anhand von Modellen wurde uns hier erkl\u00e4rt, wie sich die Stadt immer weiter ausdehnte und weiterentwickelte. Nach dieser informativen und kurzweiligen F\u00fchrung liefen einige von uns mit Herrn Peil zum sogenannten Kreativkai, dem umfunktionierten Stadthafen, um in sch\u00f6ner Atmosph\u00e4re zu essen.<\/p>\n<p style=\"text-align: justify;\">Von dort aus ging es f\u00fcr viele von uns zum Aasee, um den Tag bei Sonnenuntergang und mit einem Feierabendgetr\u00e4nk ausklingen zu lassen.<\/p>\n<p style=\"text-align: justify;\">Am n\u00e4chsten Morgen besuchten wir nach einem kurzen, individuellen Fr\u00fchst\u00fcck und dem Aufr\u00e4umen der Zimmer noch den Wochenmarkt, der jeden Mittwoch und Samstag auf dem Domplatz stattfindet. Hier hatten wir Zeit, uns die verschiedenen St\u00e4nde mit ihrem gro\u00dfen Angebot anzusehen. Vor allem der frisch gepresste Orangensaft eines Obst- und Gem\u00fcseh\u00e4ndlers erfreute sich bei uns gro\u00dfer Beliebtheit. Gegen 12:00 Ihr trafen wir uns dann alle wieder am Hostel und von dort aus ging es zum Hauptbahnhof, von wo wir um 12:30 Uhr die Heimreise antraten.<\/p>\n","protected":false},"excerpt":{"rendered":"<p>Zu einer zweit\u00e4gige Exkursion hat sich der Erdkunde-Leistungskurs der Q2 mit seinem Lehrer Peter Peil bereits vor den Ferien auf den Weg gemacht. Luca Endler aus der Q2 berichtet: Wir hatten uns in den Wochen zuvor mit dem Thema Stadtgeographie besch\u00e4ftigt und Herr Peil schlug vor, uns das Ganze an einem konkreten Beispiel anzusehen. Nach [&hellip;]<\/p>\n","protected":false},"author":7,"featured_media":0,"comment_status":"closed","ping_status":"closed","sticky":false,"template":"","format":"standard","meta":{"ngg_post_thumbnail":0,"footnotes":""},"categories":[4],"tags":[],"class_list":["post-12687","post","type-post","status-publish","format-standard","hentry","category-aktuelles"],"_links":{"self":[{"href":"https:\/\/www.maria-koenigin.de\/index.php?rest_route=\/wp\/v2\/posts\/12687","targetHints":{"allow":["GET"]}}],"collection":[{"href":"https:\/\/www.maria-koenigin.de\/index.php?rest_route=\/wp\/v2\/posts"}],"about":[{"href":"https:\/\/www.maria-koenigin.de\/index.php?rest_route=\/wp\/v2\/types\/post"}],"author":[{"embeddable":true,"href":"https:\/\/www.maria-koenigin.de\/index.php?rest_route=\/wp\/v2\/users\/7"}],"replies":[{"embeddable":true,"href":"https:\/\/www.maria-koenigin.de\/index.php?rest_route=%2Fwp%2Fv2%2Fcomments&post=12687"}],"version-history":[{"count":2,"href":"https:\/\/www.maria-koenigin.de\/index.php?rest_route=\/wp\/v2\/posts\/12687\/revisions"}],"predecessor-version":[{"id":12690,"href":"https:\/\/www.maria-koenigin.de\/index.php?rest_route=\/wp\/v2\/posts\/12687\/revisions\/12690"}],"wp:attachment":[{"href":"https:\/\/www.maria-koenigin.de\/index.php?rest_route=%2Fwp%2Fv2%2Fmedia&parent=12687"}],"wp:term":[{"taxonomy":"category","embeddable":true,"href":"https:\/\/www.maria-koenigin.de\/index.php?rest_route=%2Fwp%2Fv2%2Fcategories&post=12687"},{"taxonomy":"post_tag","embeddable":true,"href":"https:\/\/www.maria-koenigin.de\/index.php?rest_route=%2Fwp%2Fv2%2Ftags&post=12687"}],"curies":[{"name":"wp","href":"https:\/\/api.w.org\/{rel}","templated":true}]}}