{"id":12709,"date":"2023-09-20T22:46:26","date_gmt":"2023-09-20T20:46:26","guid":{"rendered":"https:\/\/www.maria-koenigin.de\/?p=12709"},"modified":"2023-09-20T22:46:26","modified_gmt":"2023-09-20T20:46:26","slug":"auszeichnung-fuer-karlotta-arens-und-cornelius-mester","status":"publish","type":"post","link":"https:\/\/www.maria-koenigin.de\/?p=12709","title":{"rendered":"Auszeichnung f\u00fcr Karlotta Arens und Cornelius Mester"},"content":{"rendered":"<p><strong><img loading=\"lazy\" decoding=\"async\" class=\"alignright wp-image-12710 size-full\" src=\"http:\/\/www.maria-koenigin.de\/wordpress\/wp-content\/uploads\/2023\/09\/DiMUS-Gesamtgruppe-bearb-klein.jpg\" alt=\"\" width=\"640\" height=\"308\" srcset=\"https:\/\/www.maria-koenigin.de\/wordpress\/wp-content\/uploads\/2023\/09\/DiMUS-Gesamtgruppe-bearb-klein.jpg 640w, https:\/\/www.maria-koenigin.de\/wordpress\/wp-content\/uploads\/2023\/09\/DiMUS-Gesamtgruppe-bearb-klein-300x144.jpg 300w, https:\/\/www.maria-koenigin.de\/wordpress\/wp-content\/uploads\/2023\/09\/DiMUS-Gesamtgruppe-bearb-klein-624x300.jpg 624w\" sizes=\"auto, (max-width: 640px) 100vw, 640px\" \/>Auszeichnungsfeier der Dieter Mennekes Umweltstiftung (DiMUS)<\/strong><\/p>\n<p style=\"text-align: justify;\"><strong>\u00a0<\/strong>\u201eEs ist aus Sicht der Stiftung immer eine Sternstunde, wenn man engagierte, zielstrebige und schon im jungen Alter beachtlich verantwortungsbewusste Menschen auszeichnen darf.\u201c Mit diesen Worten brachte Erhard Reichling von der Dieter Mennekes Umweltstiftung (DiMUS) die\u00a0 Stimmungslage der mehr als sechzig Anwesenden bei der diesj\u00e4hrigen Vergabe der\u00a0 Stipendien an vier Sch\u00fclerinnen und Sch\u00fcler der beiden Lennest\u00e4dter Gymnasien auf den Punkt. <!--more--><\/p>\n<p style=\"text-align: justify;\"><img loading=\"lazy\" decoding=\"async\" class=\"alignright wp-image-12711 size-full\" src=\"http:\/\/www.maria-koenigin.de\/wordpress\/wp-content\/uploads\/2023\/09\/Stipendiaten-mit-Stiftern-klein.bmp\" alt=\"\" width=\"1436\" height=\"1033\" \/>Ausgezeichnet wurden in einer Feierstunde am Gymnasium Maria K\u00f6nigin aus dem diesj\u00e4hrigen Abiturjahrgang Greta Brieden und Tom Baier vom Gymnasium der Lennestadt und Karlotta Arens und Cornelius Mester vom Gymnasium Maria K\u00f6nigin.<\/p>\n<p style=\"text-align: justify;\"><img loading=\"lazy\" decoding=\"async\" class=\"alignright wp-image-12717 size-full\" src=\"http:\/\/www.maria-koenigin.de\/wordpress\/wp-content\/uploads\/2023\/09\/DiMUS-Rechling-kllein.jpg\" alt=\"\" width=\"640\" height=\"427\" srcset=\"https:\/\/www.maria-koenigin.de\/wordpress\/wp-content\/uploads\/2023\/09\/DiMUS-Rechling-kllein.jpg 640w, https:\/\/www.maria-koenigin.de\/wordpress\/wp-content\/uploads\/2023\/09\/DiMUS-Rechling-kllein-300x200.jpg 300w, https:\/\/www.maria-koenigin.de\/wordpress\/wp-content\/uploads\/2023\/09\/DiMUS-Rechling-kllein-624x416.jpg 624w\" sizes=\"auto, (max-width: 640px) 100vw, 640px\" \/>Erhard Reichling hob neben den sehr guten Leistungen der Preistr\u00e4ger auch ihren Einsatz hervor: \u201eSie haben ihre F\u00e4higkeiten in hervorragender, geradezu bewundernswerter Weise genutzt, sich im Rahmen des schulischen Umfeldes und dar\u00fcber hinaus zu engagieren.\u201c<\/p>\n<p style=\"text-align: justify;\"><img loading=\"lazy\" decoding=\"async\" class=\"alignright wp-image-12716 size-full\" src=\"http:\/\/www.maria-koenigin.de\/wordpress\/wp-content\/uploads\/2023\/09\/DiMUS-Fabian-Borys-klein.jpg\" alt=\"\" width=\"640\" height=\"853\" srcset=\"https:\/\/www.maria-koenigin.de\/wordpress\/wp-content\/uploads\/2023\/09\/DiMUS-Fabian-Borys-klein.jpg 640w, https:\/\/www.maria-koenigin.de\/wordpress\/wp-content\/uploads\/2023\/09\/DiMUS-Fabian-Borys-klein-225x300.jpg 225w, https:\/\/www.maria-koenigin.de\/wordpress\/wp-content\/uploads\/2023\/09\/DiMUS-Fabian-Borys-klein-624x832.jpg 624w\" sizes=\"auto, (max-width: 640px) 100vw, 640px\" \/>Schulleiter Fabian Borys hatte zuvor in seiner Begr\u00fc\u00dfung an die Leistung von Dieter Mennekes erinnert, der \u201eschon fr\u00fch Visionen hatte, die er hier in das Sauerland brachte, weit bevor der Blick auf den Umweltschutz auch in der Breite der Bev\u00f6lkerung angekommen war.\u201c Mit Blick auf die Klimakrise erkl\u00e4rte er, dass \u201enachhaltige, intelligente Konzepte notwendig seien, die umweltschonende Prozesse und Kreisl\u00e4ufe ber\u00fccksichtigen und auf nachfolgende Generationen ausgerichtet sind.\u201c<\/p>\n<p style=\"text-align: justify;\"><img loading=\"lazy\" decoding=\"async\" class=\"alignright wp-image-12712 size-full\" src=\"http:\/\/www.maria-koenigin.de\/wordpress\/wp-content\/uploads\/2023\/09\/DiMUS-Karlotta-klein.jpg\" alt=\"\" width=\"640\" height=\"1019\" srcset=\"https:\/\/www.maria-koenigin.de\/wordpress\/wp-content\/uploads\/2023\/09\/DiMUS-Karlotta-klein.jpg 640w, https:\/\/www.maria-koenigin.de\/wordpress\/wp-content\/uploads\/2023\/09\/DiMUS-Karlotta-klein-188x300.jpg 188w, https:\/\/www.maria-koenigin.de\/wordpress\/wp-content\/uploads\/2023\/09\/DiMUS-Karlotta-klein-624x994.jpg 624w\" sizes=\"auto, (max-width: 640px) 100vw, 640px\" \/>Vielf\u00e4ltig engagiert ist Karlotta Arens, die Ansgar Kaufmann w\u00fcrdigte. Karlotta habe sich \u00fcber die gesamte Schullaufbahn in der SV f\u00fcr die Interessen der Sch\u00fclerinnen und Sch\u00fcler eingesetzt und viele kreative und neue Ideen eingebracht und umgesetzt. So hat sie bereits 2021 daf\u00fcr gesorgt, dass am Gymnasium Maria K\u00f6nigin \u201ekostenlose Hygieneartikel und Menstruationsprodukte bereit gestellt\u201c wurden. Damit sei die SV der Schule Vorreiterin einer wichtigen Bewegung gewesen. Ihr gro\u00dfes Organisationstalent habe Karlotta auch bei verschiedenen sozialen Aktionen der letzten Jahre gezeigt. Als ihr Deutsch LK-Lehrer berichtete Kaufmann: \u201eWenn es an die Korrektur ihrer Klausuren ging, konnte ich den Rotstift zun\u00e4chst einmal beiseitelegen.\u201c Schlie\u00dflich setze sich Karlotta auch als Fu\u00dfballtrainerin, im Tambourkorps und in der Kirchengemeinde ein.<\/p>\n<p style=\"text-align: justify;\"><img loading=\"lazy\" decoding=\"async\" class=\"alignright wp-image-12713 size-full\" src=\"http:\/\/www.maria-koenigin.de\/wordpress\/wp-content\/uploads\/2023\/09\/DiMUS-Cornelius-klein.jpg\" alt=\"\" width=\"640\" height=\"946\" srcset=\"https:\/\/www.maria-koenigin.de\/wordpress\/wp-content\/uploads\/2023\/09\/DiMUS-Cornelius-klein.jpg 640w, https:\/\/www.maria-koenigin.de\/wordpress\/wp-content\/uploads\/2023\/09\/DiMUS-Cornelius-klein-203x300.jpg 203w, https:\/\/www.maria-koenigin.de\/wordpress\/wp-content\/uploads\/2023\/09\/DiMUS-Cornelius-klein-624x922.jpg 624w\" sizes=\"auto, (max-width: 640px) 100vw, 640px\" \/>Mit Bez\u00fcgen zu Karl May garnierte Christiane Schell ihre Laudatio f\u00fcr Cornelius Mester, da dieser schon als Kind bei den Elsper Festspielen aktiv gewesen ist.\u00a0 Cornelius habe sowohl bei der Mathematik-Olympiade als auch beim K\u00e4nguru Wettbewerb in seiner Schulzeit durchgehend teilgenommen und immer auch Preise gewonnen. Besonders hob sie neben dem Leistungsverm\u00f6gen das Engagement von Cornelius in der SV und als Sch\u00fclersprecher hervor. Dabei habe er das Projekt \u201eDigitalisierung an MK\u201c intensiv begleitet und auch einen Erste-Hilfe-Kurs f\u00fcr alle Sch\u00fcler angeregt, geplant und umgesetzt. In seiner Freizeit sei er zudem in der Feuerwehr, im Musikverein und in der Kirchengemeinde aktiv.<\/p>\n<p style=\"text-align: justify;\"><img loading=\"lazy\" decoding=\"async\" class=\"alignright wp-image-12719 size-large\" src=\"http:\/\/www.maria-koenigin.de\/wordpress\/wp-content\/uploads\/2023\/09\/DiMus-Theresa-1024x768.jpg\" alt=\"\" width=\"625\" height=\"469\" srcset=\"https:\/\/www.maria-koenigin.de\/wordpress\/wp-content\/uploads\/2023\/09\/DiMus-Theresa-1024x768.jpg 1024w, https:\/\/www.maria-koenigin.de\/wordpress\/wp-content\/uploads\/2023\/09\/DiMus-Theresa-300x225.jpg 300w, https:\/\/www.maria-koenigin.de\/wordpress\/wp-content\/uploads\/2023\/09\/DiMus-Theresa-768x576.jpg 768w, https:\/\/www.maria-koenigin.de\/wordpress\/wp-content\/uploads\/2023\/09\/DiMus-Theresa-1536x1152.jpg 1536w, https:\/\/www.maria-koenigin.de\/wordpress\/wp-content\/uploads\/2023\/09\/DiMus-Theresa-2048x1536.jpg 2048w, https:\/\/www.maria-koenigin.de\/wordpress\/wp-content\/uploads\/2023\/09\/DiMus-Theresa-624x468.jpg 624w\" sizes=\"auto, (max-width: 625px) 100vw, 625px\" \/>Beeindruckt und begeistert von Leistungen und Engagement der Stipendiaten zeigte sich auch Peter Schauerte, der Gesch\u00e4ftsf\u00fchrer der DiMUS. Er verdeutlichte, dass der Grundsatz von Dieter Mennekes, die Umwelt brauche \u201eintelligente L\u00f6sungen von intelligenten Menschen\u201c bei den vier Ausgezeichneten v\u00f6llig zutreffend sei. So \u00fcberreichte er dann auch die Urkunden an die Stipendiaten, die jeweils 1.500 Euro erhalten.<\/p>\n<p style=\"text-align: justify;\"><img loading=\"lazy\" decoding=\"async\" class=\"alignright wp-image-12714 size-full\" src=\"http:\/\/www.maria-koenigin.de\/wordpress\/wp-content\/uploads\/2023\/09\/Dimus-Blaeser-klein.jpg\" alt=\"\" width=\"640\" height=\"427\" srcset=\"https:\/\/www.maria-koenigin.de\/wordpress\/wp-content\/uploads\/2023\/09\/Dimus-Blaeser-klein.jpg 640w, https:\/\/www.maria-koenigin.de\/wordpress\/wp-content\/uploads\/2023\/09\/Dimus-Blaeser-klein-300x200.jpg 300w, https:\/\/www.maria-koenigin.de\/wordpress\/wp-content\/uploads\/2023\/09\/Dimus-Blaeser-klein-624x416.jpg 624w\" sizes=\"auto, (max-width: 640px) 100vw, 640px\" \/>Die musikalische Gestaltung der Veranstaltung \u00fcbernahmen Theresa Kaiser am Klavier und ein Bl\u00e4serensemble des Gymnasiums Maria K\u00f6nigin unter Leitung von Berthold Kresin mit den Sch\u00fclern Henry Assmann, Nele Jaspers, Philipp Kr\u00e4mer, Jonathan Regeling und Pauline Witte.<\/p>\n<p style=\"text-align: justify;\"><img loading=\"lazy\" decoding=\"async\" class=\"alignright wp-image-12715 size-full\" src=\"http:\/\/www.maria-koenigin.de\/wordpress\/wp-content\/uploads\/2023\/09\/DiMUS-KuK-klein.jpg\" alt=\"\" width=\"640\" height=\"338\" srcset=\"https:\/\/www.maria-koenigin.de\/wordpress\/wp-content\/uploads\/2023\/09\/DiMUS-KuK-klein.jpg 640w, https:\/\/www.maria-koenigin.de\/wordpress\/wp-content\/uploads\/2023\/09\/DiMUS-KuK-klein-300x158.jpg 300w, https:\/\/www.maria-koenigin.de\/wordpress\/wp-content\/uploads\/2023\/09\/DiMUS-KuK-klein-624x330.jpg 624w\" sizes=\"auto, (max-width: 640px) 100vw, 640px\" \/>Zu Gast waren auch sieben ehemalige Stipendiaten aus fr\u00fcheren Jahren, f\u00fcr Maria K\u00f6nigin Riccarda Schauerte, Anna Stahl, Verena Sch\u00f6rmann, Lara Nollen und Nils Krengel, die jeweils kurz, aber sehr interessant \u00fcber ihren weiteren Werdegang berichteten und beim anschlie\u00dfenden Beisammensein genauso gefragte Gespr\u00e4chspartner waren wie die aktuell Ausgezeichneten.<\/p>\n","protected":false},"excerpt":{"rendered":"<p>Auszeichnungsfeier der Dieter Mennekes Umweltstiftung (DiMUS) \u00a0\u201eEs ist aus Sicht der Stiftung immer eine Sternstunde, wenn man engagierte, zielstrebige und schon im jungen Alter beachtlich verantwortungsbewusste Menschen auszeichnen darf.\u201c Mit diesen Worten brachte Erhard Reichling von der Dieter Mennekes Umweltstiftung (DiMUS) die\u00a0 Stimmungslage der mehr als sechzig Anwesenden bei der diesj\u00e4hrigen Vergabe der\u00a0 Stipendien an [&hellip;]<\/p>\n","protected":false},"author":7,"featured_media":0,"comment_status":"closed","ping_status":"closed","sticky":false,"template":"","format":"standard","meta":{"ngg_post_thumbnail":0,"footnotes":""},"categories":[4],"tags":[],"class_list":["post-12709","post","type-post","status-publish","format-standard","hentry","category-aktuelles"],"_links":{"self":[{"href":"https:\/\/www.maria-koenigin.de\/index.php?rest_route=\/wp\/v2\/posts\/12709","targetHints":{"allow":["GET"]}}],"collection":[{"href":"https:\/\/www.maria-koenigin.de\/index.php?rest_route=\/wp\/v2\/posts"}],"about":[{"href":"https:\/\/www.maria-koenigin.de\/index.php?rest_route=\/wp\/v2\/types\/post"}],"author":[{"embeddable":true,"href":"https:\/\/www.maria-koenigin.de\/index.php?rest_route=\/wp\/v2\/users\/7"}],"replies":[{"embeddable":true,"href":"https:\/\/www.maria-koenigin.de\/index.php?rest_route=%2Fwp%2Fv2%2Fcomments&post=12709"}],"version-history":[{"count":2,"href":"https:\/\/www.maria-koenigin.de\/index.php?rest_route=\/wp\/v2\/posts\/12709\/revisions"}],"predecessor-version":[{"id":12720,"href":"https:\/\/www.maria-koenigin.de\/index.php?rest_route=\/wp\/v2\/posts\/12709\/revisions\/12720"}],"wp:attachment":[{"href":"https:\/\/www.maria-koenigin.de\/index.php?rest_route=%2Fwp%2Fv2%2Fmedia&parent=12709"}],"wp:term":[{"taxonomy":"category","embeddable":true,"href":"https:\/\/www.maria-koenigin.de\/index.php?rest_route=%2Fwp%2Fv2%2Fcategories&post=12709"},{"taxonomy":"post_tag","embeddable":true,"href":"https:\/\/www.maria-koenigin.de\/index.php?rest_route=%2Fwp%2Fv2%2Ftags&post=12709"}],"curies":[{"name":"wp","href":"https:\/\/api.w.org\/{rel}","templated":true}]}}