{"id":12906,"date":"2023-10-09T13:18:52","date_gmt":"2023-10-09T11:18:52","guid":{"rendered":"https:\/\/www.maria-koenigin.de\/?p=12906"},"modified":"2023-10-09T13:18:52","modified_gmt":"2023-10-09T11:18:52","slug":"orientierungstage-der-ef-im-jugendhof-pallotti","status":"publish","type":"post","link":"https:\/\/www.maria-koenigin.de\/?p=12906","title":{"rendered":"Orientierungstage der EF im Jugendhof Pallotti"},"content":{"rendered":"<p style=\"text-align: justify;\"><img loading=\"lazy\" decoding=\"async\" class=\"alignright wp-image-12907 size-full\" src=\"http:\/\/www.maria-koenigin.de\/wordpress\/wp-content\/uploads\/2023\/10\/Innenhof-TdO-23.jpg\" alt=\"\" width=\"640\" height=\"480\" srcset=\"https:\/\/www.maria-koenigin.de\/wordpress\/wp-content\/uploads\/2023\/10\/Innenhof-TdO-23.jpg 640w, https:\/\/www.maria-koenigin.de\/wordpress\/wp-content\/uploads\/2023\/10\/Innenhof-TdO-23-300x225.jpg 300w, https:\/\/www.maria-koenigin.de\/wordpress\/wp-content\/uploads\/2023\/10\/Innenhof-TdO-23-624x468.jpg 624w\" sizes=\"auto, (max-width: 640px) 100vw, 640px\" \/>Etwas anders als sonst waren die die Orientierungstage in diesem Jahr. Wir haben die Orientierungstage f\u00fcr den B\u00fcndelungsjahrgang organisiert, der in diesem Jahr zun\u00e4chst im Geb\u00e4ude des Gymnasiums der Lennestadt unterrichtet wird. Die Tage fanden im Jugendhof Pallotti in direkter Nachbarschaft zu unserer Schule statt. Zum bew\u00e4hrten Konzept der Orientierungstage geh\u00f6rt das Team aus ehemaligen MK\u2018lern genauso wie eine Mischung aus Gespr\u00e4chs- und Freizeitangeboten. <!--more-->Die ehemaligen Sch\u00fclerinnen und Sch\u00fcler waren auch in diesem Jahr wieder mit gro\u00dfer Begeisterung dabei und waren mit ihren unterschiedlichen Erfahrungen aus Studium, Auslandsaufenthalten und interessanten Hobbies auch gefragte Gespr\u00e4chspartner f\u00fcr die Sch\u00fcler, wenn es um die Orientierung f\u00fcr ihre Zukunft ging.<\/p>\n<p style=\"text-align: justify;\"><img loading=\"lazy\" decoding=\"async\" class=\"alignright wp-image-12914 size-full\" src=\"http:\/\/www.maria-koenigin.de\/wordpress\/wp-content\/uploads\/2023\/10\/Karaoke-2-klein.jpg\" alt=\"\" width=\"640\" height=\"480\" srcset=\"https:\/\/www.maria-koenigin.de\/wordpress\/wp-content\/uploads\/2023\/10\/Karaoke-2-klein.jpg 640w, https:\/\/www.maria-koenigin.de\/wordpress\/wp-content\/uploads\/2023\/10\/Karaoke-2-klein-300x225.jpg 300w, https:\/\/www.maria-koenigin.de\/wordpress\/wp-content\/uploads\/2023\/10\/Karaoke-2-klein-624x468.jpg 624w\" sizes=\"auto, (max-width: 640px) 100vw, 640px\" \/>Zusammenfassend kann man sagen, dass auch in diesem Schuljahr 2023 die Orientierungstage wieder ein voller Erfolg waren, ganz besonders in Bezug auf das intensive Kennenlernen innerhalb der Stufe. Dar\u00fcber hinaus lassen sich die Inhalte der Tage gut mit den folgenden Formulierungen beschreiben:<\/p>\n<ul style=\"text-align: justify;\">\n<li>Wachsen in Beziehung zu sich selbst<\/li>\n<li>Wachsen in Beziehung zu seinen Mitmenschen<\/li>\n<li>Wachsen in Beziehung zu Gott<\/li>\n<li>Wachsen in Beziehung zur Gesellschaft und Welt<\/li>\n<\/ul>\n<p style=\"text-align: justify;\">Um in diesem Sinne zu wachsen und sich kennenzulernen, haben die Sch\u00fcler die Gespr\u00e4chsgruppen genutzt, diskutiert, Kooperations\u00fcbungen durchgef\u00fchrt und kreative Methoden ausprobiert. In der Freizeit waren besonders die Sportangebote und das Karaoke-Singen beliebt.<\/p>\n<p style=\"text-align: justify;\"><img loading=\"lazy\" decoding=\"async\" class=\"alignright wp-image-12915 size-full\" src=\"http:\/\/www.maria-koenigin.de\/wordpress\/wp-content\/uploads\/2023\/10\/Tdo-23-bearbklein.jpg\" alt=\"\" width=\"640\" height=\"422\" srcset=\"https:\/\/www.maria-koenigin.de\/wordpress\/wp-content\/uploads\/2023\/10\/Tdo-23-bearbklein.jpg 640w, https:\/\/www.maria-koenigin.de\/wordpress\/wp-content\/uploads\/2023\/10\/Tdo-23-bearbklein-300x198.jpg 300w, https:\/\/www.maria-koenigin.de\/wordpress\/wp-content\/uploads\/2023\/10\/Tdo-23-bearbklein-624x411.jpg 624w\" sizes=\"auto, (max-width: 640px) 100vw, 640px\" \/>Der Text \u201eDas Paradox unserer Zeit\u201c aus der Abschlussveranstaltung spiegelt einige Gedanken dieser Tage wider.<\/p>\n<p style=\"text-align: justify;\"><em>Wir haben hohe Geb\u00e4ude, aber eine niedrige Toleranz, breite Autobahnen, aber enge Ansichten. Wir verbrauchen mehr, aber haben weniger, machen mehr Eink\u00e4ufe, aber haben weniger Freude. Wir haben gr\u00f6\u00dfere H\u00e4user, aber kleinere Familien, mehr Bequemlichkeit, aber weniger Zeit, mehr Ausbildung, aber weniger Vernunft, mehr Kenntnisse, aber weniger Verstand; mehr Experten, aber auch mehr Probleme, mehr Medizin, aber weniger Gesundheit.<\/em><\/p>\n<p style=\"text-align: justify;\"><em>Wir rauchen zu stark, wir trinken zu viel, wir geben verantwortungslos viel aus;\u00a0<\/em><em>wir lachen zu wenig, fahren zu schnell, regen uns zu schnell auf, gehen zu sp\u00e4t schlafen, stehen zu m\u00fcde auf; wir lesen zu wenig, sehen zu viel fern, beten zu selten.\u00a0<\/em><em>Wir haben unseren Besitz vervielfacht, aber unsere Werte reduziert.\u00a0<\/em><em>Wir sprechen zu viel, wir lieben zu selten und hassen zu oft.\u00a0<\/em><em>Wir wissen, wie man seinen Lebensunterhalt verdient, aber nicht mehr, wie man lebt.\u00a0<\/em><em>Wir haben dem Leben Jahre hinzugef\u00fcgt, aber nicht den Jahren Leben.\u00a0<\/em><em>Wir kommen zum Mond, aber nicht mehr an die T\u00fcr des Nachbarn.\u00a0<\/em><em>Wir haben den Weltraum erobert, aber nicht den Raum in uns. Wir machen gr\u00f6\u00dfere Dinge, aber keine Besseren. Wir haben die Luft gereinigt, aber die Seelen verschmutzt. Wir k\u00f6nnen Atome spalten, aber nicht unsere Vorurteile.\u00a0<\/em><em>Wir schreiben mehr, aber wissen weniger, wir planen mehr, aber setzen weniger um. Wir haben gelernt schnell zu sein, aber k\u00f6nnen nicht warten. Wir machen einen gro\u00dfen technischen Fortschritt, aber ignorieren den sozialen R\u00fcckschritt.\u00a0<\/em><em>(\u2026)<\/em><\/p>\n<p style=\"text-align: justify;\"><em>Denkt daran, denen die ihr liebt, mehr Zeit zu schenken, weil sie nicht immer mit euch sein werden. Schenkt dem Menschen neben euch eine Umarmung, denn sie ist der einzige Schatz, der von Herzen kommt und nichts kostet au\u00dfer \u00dcberwindung.\u00a0<\/em><em>Fangt an zu leben: genie\u00dft die sch\u00f6nen Momente und lernt aus den weniger sch\u00f6nen.\u00a0<\/em><em>Seid in der Lage, euch Fehler einzugestehen und ruft euch t\u00e4glich ins Bewusstsein, ob ihr ein reines Gewissen habt und mit eurem Leben zufrieden w\u00e4rt, wenn ihr diese Welt morgen verlassen m\u00fcsstet.<\/em><\/p>\n<p style=\"text-align: justify;\"><em>Also:\u00a0<\/em><em>Findet Zeit zu lieben. Findet Zeit miteinander zu sprechen. Findet Zeit, eure Tr\u00e4ume zu verwirklichen, denn das Leben wird nicht gemessen an der Anzahl der Atemz\u00fcge, sondern an der Anzahl der Augenblicke, die uns des Atems berauben.<\/em><\/p>\n<p style=\"text-align: justify;\"><em>Verfasser: Dr. Bob Moorehead (gek\u00fcrzt)<\/em><\/p>\n<p><img loading=\"lazy\" decoding=\"async\" class=\"alignright wp-image-12916 size-full\" src=\"http:\/\/www.maria-koenigin.de\/wordpress\/wp-content\/uploads\/2023\/10\/Karaoke.jpg\" alt=\"\" width=\"640\" height=\"480\" srcset=\"https:\/\/www.maria-koenigin.de\/wordpress\/wp-content\/uploads\/2023\/10\/Karaoke.jpg 640w, https:\/\/www.maria-koenigin.de\/wordpress\/wp-content\/uploads\/2023\/10\/Karaoke-300x225.jpg 300w, https:\/\/www.maria-koenigin.de\/wordpress\/wp-content\/uploads\/2023\/10\/Karaoke-624x468.jpg 624w\" sizes=\"auto, (max-width: 640px) 100vw, 640px\" \/><\/p>\n","protected":false},"excerpt":{"rendered":"<p>Etwas anders als sonst waren die die Orientierungstage in diesem Jahr. Wir haben die Orientierungstage f\u00fcr den B\u00fcndelungsjahrgang organisiert, der in diesem Jahr zun\u00e4chst im Geb\u00e4ude des Gymnasiums der Lennestadt unterrichtet wird. Die Tage fanden im Jugendhof Pallotti in direkter Nachbarschaft zu unserer Schule statt. Zum bew\u00e4hrten Konzept der Orientierungstage geh\u00f6rt das Team aus ehemaligen [&hellip;]<\/p>\n","protected":false},"author":7,"featured_media":0,"comment_status":"closed","ping_status":"closed","sticky":false,"template":"","format":"standard","meta":{"ngg_post_thumbnail":0,"footnotes":""},"categories":[4],"tags":[],"class_list":["post-12906","post","type-post","status-publish","format-standard","hentry","category-aktuelles"],"_links":{"self":[{"href":"https:\/\/www.maria-koenigin.de\/index.php?rest_route=\/wp\/v2\/posts\/12906","targetHints":{"allow":["GET"]}}],"collection":[{"href":"https:\/\/www.maria-koenigin.de\/index.php?rest_route=\/wp\/v2\/posts"}],"about":[{"href":"https:\/\/www.maria-koenigin.de\/index.php?rest_route=\/wp\/v2\/types\/post"}],"author":[{"embeddable":true,"href":"https:\/\/www.maria-koenigin.de\/index.php?rest_route=\/wp\/v2\/users\/7"}],"replies":[{"embeddable":true,"href":"https:\/\/www.maria-koenigin.de\/index.php?rest_route=%2Fwp%2Fv2%2Fcomments&post=12906"}],"version-history":[{"count":2,"href":"https:\/\/www.maria-koenigin.de\/index.php?rest_route=\/wp\/v2\/posts\/12906\/revisions"}],"predecessor-version":[{"id":12918,"href":"https:\/\/www.maria-koenigin.de\/index.php?rest_route=\/wp\/v2\/posts\/12906\/revisions\/12918"}],"wp:attachment":[{"href":"https:\/\/www.maria-koenigin.de\/index.php?rest_route=%2Fwp%2Fv2%2Fmedia&parent=12906"}],"wp:term":[{"taxonomy":"category","embeddable":true,"href":"https:\/\/www.maria-koenigin.de\/index.php?rest_route=%2Fwp%2Fv2%2Fcategories&post=12906"},{"taxonomy":"post_tag","embeddable":true,"href":"https:\/\/www.maria-koenigin.de\/index.php?rest_route=%2Fwp%2Fv2%2Ftags&post=12906"}],"curies":[{"name":"wp","href":"https:\/\/api.w.org\/{rel}","templated":true}]}}