{"id":12973,"date":"2023-10-13T10:22:54","date_gmt":"2023-10-13T08:22:54","guid":{"rendered":"https:\/\/www.maria-koenigin.de\/?p=12973"},"modified":"2023-10-15T10:46:44","modified_gmt":"2023-10-15T08:46:44","slug":"tiktok-und-co-info-abend-fuer-eltern-der-klassen-5-und-6","status":"publish","type":"post","link":"https:\/\/www.maria-koenigin.de\/?p=12973","title":{"rendered":"TikTok und Co. \u2013 Info-Abend f\u00fcr Eltern der Klassen 5 und 6"},"content":{"rendered":"<p style=\"text-align: justify;\"><img loading=\"lazy\" decoding=\"async\" class=\"alignright wp-image-13034 size-full\" src=\"http:\/\/www.maria-koenigin.de\/wordpress\/wp-content\/uploads\/2023\/10\/Handybild.jpg\" alt=\"\" width=\"640\" height=\"427\" srcset=\"https:\/\/www.maria-koenigin.de\/wordpress\/wp-content\/uploads\/2023\/10\/Handybild.jpg 640w, https:\/\/www.maria-koenigin.de\/wordpress\/wp-content\/uploads\/2023\/10\/Handybild-300x200.jpg 300w, https:\/\/www.maria-koenigin.de\/wordpress\/wp-content\/uploads\/2023\/10\/Handybild-624x416.jpg 624w\" sizes=\"auto, (max-width: 640px) 100vw, 640px\" \/>Zu einem informations- und Gespr\u00e4chsabend laden wir am <strong>Dienstag, dem 17.10. um 18.30 Uhr in den Konferenzraum der Schule<\/strong> vor allem die Eltern der j\u00fcngeren Sch\u00fclerinnen und Sch\u00fcler ein.\u00a0\u00a0<span style=\"font-size: 1rem;\">Herr Kriminalhauptkommissar Michael Meinerzhagen von der Polizeibeh\u00f6rde des Kreises Olpe wird zu den Gefahren und dem Umgang mit digitalen Medien referieren, mit Ihnen das Gespr\u00e4ch suchen und Ihnen sicherlich einige Tipps und Handlungsempfehlungen als Hilfestellung geben k\u00f6nnen. <\/span><!--more--><\/p>\n<p style=\"text-align: justify;\"><span style=\"font-size: 1rem;\">YouTube, Snapchat, TikTok und andere soziale Medien gewinnen zunehmend an Bedeutung f\u00fcr die Heranwachsenden.\u00a0<\/span>Ein Leben ohne Smartphone k\u00f6nnen sich viele nicht mehr vorstellen. Hier als Eltern den \u00dcberblick zu behalten, f\u00e4llt nicht immer leicht. In diesem Elternabend wollen wir Einblicke geben in die Faszination der digitalen Lebenswelt Ihres Kindes. Wir wollen helfen, einen klaren Blick f\u00fcr m\u00f6gliche Probleme zu entwickeln, und Ihre pers\u00f6nliche Medienkompetenz zu erweitern und den Austausch mit anderen Eltern erm\u00f6glichen.<\/p>\n<p><strong>\u00a0<\/strong><\/p>\n","protected":false},"excerpt":{"rendered":"<p>Zu einem informations- und Gespr\u00e4chsabend laden wir am Dienstag, dem 17.10. um 18.30 Uhr in den Konferenzraum der Schule vor allem die Eltern der j\u00fcngeren Sch\u00fclerinnen und Sch\u00fcler ein.\u00a0\u00a0Herr Kriminalhauptkommissar Michael Meinerzhagen von der Polizeibeh\u00f6rde des Kreises Olpe wird zu den Gefahren und dem Umgang mit digitalen Medien referieren, mit Ihnen das Gespr\u00e4ch suchen und [&hellip;]<\/p>\n","protected":false},"author":7,"featured_media":0,"comment_status":"closed","ping_status":"closed","sticky":false,"template":"","format":"standard","meta":{"ngg_post_thumbnail":0,"footnotes":""},"categories":[4],"tags":[],"class_list":["post-12973","post","type-post","status-publish","format-standard","hentry","category-aktuelles"],"_links":{"self":[{"href":"https:\/\/www.maria-koenigin.de\/index.php?rest_route=\/wp\/v2\/posts\/12973","targetHints":{"allow":["GET"]}}],"collection":[{"href":"https:\/\/www.maria-koenigin.de\/index.php?rest_route=\/wp\/v2\/posts"}],"about":[{"href":"https:\/\/www.maria-koenigin.de\/index.php?rest_route=\/wp\/v2\/types\/post"}],"author":[{"embeddable":true,"href":"https:\/\/www.maria-koenigin.de\/index.php?rest_route=\/wp\/v2\/users\/7"}],"replies":[{"embeddable":true,"href":"https:\/\/www.maria-koenigin.de\/index.php?rest_route=%2Fwp%2Fv2%2Fcomments&post=12973"}],"version-history":[{"count":6,"href":"https:\/\/www.maria-koenigin.de\/index.php?rest_route=\/wp\/v2\/posts\/12973\/revisions"}],"predecessor-version":[{"id":13037,"href":"https:\/\/www.maria-koenigin.de\/index.php?rest_route=\/wp\/v2\/posts\/12973\/revisions\/13037"}],"wp:attachment":[{"href":"https:\/\/www.maria-koenigin.de\/index.php?rest_route=%2Fwp%2Fv2%2Fmedia&parent=12973"}],"wp:term":[{"taxonomy":"category","embeddable":true,"href":"https:\/\/www.maria-koenigin.de\/index.php?rest_route=%2Fwp%2Fv2%2Fcategories&post=12973"},{"taxonomy":"post_tag","embeddable":true,"href":"https:\/\/www.maria-koenigin.de\/index.php?rest_route=%2Fwp%2Fv2%2Ftags&post=12973"}],"curies":[{"name":"wp","href":"https:\/\/api.w.org\/{rel}","templated":true}]}}