{"id":13009,"date":"2023-10-18T06:58:51","date_gmt":"2023-10-18T04:58:51","guid":{"rendered":"https:\/\/www.maria-koenigin.de\/?p=13009"},"modified":"2023-10-13T19:39:24","modified_gmt":"2023-10-13T17:39:24","slug":"gesammelte-schaetze-alu-abholung-durch-trimet","status":"publish","type":"post","link":"https:\/\/www.maria-koenigin.de\/?p=13009","title":{"rendered":"Gesammelte \u201eSch\u00e4tze\u201c \u2013  Alu-Abholung durch TRIMET"},"content":{"rendered":"<p style=\"text-align: justify;\"><img loading=\"lazy\" decoding=\"async\" class=\"alignright wp-image-13010 size-full\" src=\"http:\/\/www.maria-koenigin.de\/wordpress\/wp-content\/uploads\/2023\/10\/Alu-Abholung-23.1-klein.jpg\" alt=\"\" width=\"640\" height=\"360\" srcset=\"https:\/\/www.maria-koenigin.de\/wordpress\/wp-content\/uploads\/2023\/10\/Alu-Abholung-23.1-klein.jpg 640w, https:\/\/www.maria-koenigin.de\/wordpress\/wp-content\/uploads\/2023\/10\/Alu-Abholung-23.1-klein-300x169.jpg 300w, https:\/\/www.maria-koenigin.de\/wordpress\/wp-content\/uploads\/2023\/10\/Alu-Abholung-23.1-klein-624x351.jpg 624w\" sizes=\"auto, (max-width: 640px) 100vw, 640px\" \/>Nach zwei Jahren Alu annehmen, sortieren und pressen war es jetzt wieder soweit: Die Firma Trimet, die sich in ihrem Werk in Gelsenkirchen auf das Recycling von Aluminium spezialisiert hat, kam mit einem gro\u00dfen Container, um die gepressten Alu-Ballen, bestehend aus Teelichtern, Joghurtdeckeln,, Aluschalen und all dem t\u00e4glich anfallenden Alu-\u201eM\u00fcll\u201c abzuholen.<!--more--> Dar\u00fcber hinaus konnten viele aus Aluminium hergestellte Produkte wie Deckenverkleidungen, Nummernschilder, Verstrebungen usw. gesammelt werden. Flei\u00dfige Sch\u00fclerinnen und Sch\u00fcler aus der Q1 halfen die 2200 Kilogramm Alu-Schrott aufzuladen. Die Bedeutung des Alu-Recyclings nimmt stetig weiter zu, da der Prozess der ALU-Herstellung sehr energieintensiv ist und damit, besonders in Deutschland, immer teurer wird.\u00a0<img loading=\"lazy\" decoding=\"async\" class=\"alignleft wp-image-13011 size-large\" src=\"http:\/\/www.maria-koenigin.de\/wordpress\/wp-content\/uploads\/2023\/10\/Alu-Abholung-23.2-klein-576x1024.jpg\" alt=\"\" width=\"576\" height=\"1024\" srcset=\"https:\/\/www.maria-koenigin.de\/wordpress\/wp-content\/uploads\/2023\/10\/Alu-Abholung-23.2-klein-576x1024.jpg 576w, https:\/\/www.maria-koenigin.de\/wordpress\/wp-content\/uploads\/2023\/10\/Alu-Abholung-23.2-klein-169x300.jpg 169w, https:\/\/www.maria-koenigin.de\/wordpress\/wp-content\/uploads\/2023\/10\/Alu-Abholung-23.2-klein-624x1109.jpg 624w, https:\/\/www.maria-koenigin.de\/wordpress\/wp-content\/uploads\/2023\/10\/Alu-Abholung-23.2-klein.jpg 640w\" sizes=\"auto, (max-width: 576px) 100vw, 576px\" \/><\/p>\n<p>&nbsp;<\/p>\n<p>&nbsp;<\/p>\n<p>&nbsp;<\/p>\n<p>&nbsp;<\/p>\n<p>&nbsp;<\/p>\n<p>&nbsp;<\/p>\n<p>&nbsp;<\/p>\n<p>&nbsp;<\/p>\n<p>&nbsp;<\/p>\n<p>&nbsp;<\/p>\n<p>&nbsp;<\/p>\n<p>&nbsp;<\/p>\n<p>&nbsp;<\/p>\n<p>&nbsp;<\/p>\n<p>&nbsp;<\/p>\n<p>&nbsp;<\/p>\n<p>&nbsp;<\/p>\n<p>&nbsp;<\/p>\n<p>&nbsp;<\/p>\n<p>&nbsp;<\/p>\n<p>&nbsp;<\/p>\n<p>&nbsp;<\/p>\n<p style=\"text-align: justify;\">Der Erl\u00f6s, den die Firma TRIMET spenden wird, steht noch nicht fest, die Stadt Lennestadt unterst\u00fctzt uns wie seit Jahren mit einem Zuschuss von 25 Cent pro Kilogramm.<\/p>\n<p style=\"text-align: justify;\">Zur Erinnerung f\u00fcr alle interessierten Spender\/Innen: Alu-Abgabe: Jeden 1. Samstag im Monat von 10 bis 12 Uhr in der ALU-Scheune beim Gymnasium Maria K\u00f6nigin!<\/p>\n<p style=\"text-align: justify;\"><em>Simone Reuter<\/em><img loading=\"lazy\" decoding=\"async\" class=\"alignleft wp-image-13013 size-large\" src=\"http:\/\/www.maria-koenigin.de\/wordpress\/wp-content\/uploads\/2023\/10\/Alu-Abholung-23.3-klein-576x1024.jpg\" alt=\"\" width=\"576\" height=\"1024\" srcset=\"https:\/\/www.maria-koenigin.de\/wordpress\/wp-content\/uploads\/2023\/10\/Alu-Abholung-23.3-klein-576x1024.jpg 576w, https:\/\/www.maria-koenigin.de\/wordpress\/wp-content\/uploads\/2023\/10\/Alu-Abholung-23.3-klein-169x300.jpg 169w, https:\/\/www.maria-koenigin.de\/wordpress\/wp-content\/uploads\/2023\/10\/Alu-Abholung-23.3-klein-624x1109.jpg 624w, https:\/\/www.maria-koenigin.de\/wordpress\/wp-content\/uploads\/2023\/10\/Alu-Abholung-23.3-klein.jpg 640w\" sizes=\"auto, (max-width: 576px) 100vw, 576px\" \/><\/p>\n","protected":false},"excerpt":{"rendered":"<p>Nach zwei Jahren Alu annehmen, sortieren und pressen war es jetzt wieder soweit: Die Firma Trimet, die sich in ihrem Werk in Gelsenkirchen auf das Recycling von Aluminium spezialisiert hat, kam mit einem gro\u00dfen Container, um die gepressten Alu-Ballen, bestehend aus Teelichtern, Joghurtdeckeln,, Aluschalen und all dem t\u00e4glich anfallenden Alu-\u201eM\u00fcll\u201c abzuholen.<\/p>\n","protected":false},"author":7,"featured_media":0,"comment_status":"closed","ping_status":"closed","sticky":false,"template":"","format":"standard","meta":{"ngg_post_thumbnail":0,"footnotes":""},"categories":[4],"tags":[],"class_list":["post-13009","post","type-post","status-publish","format-standard","hentry","category-aktuelles"],"_links":{"self":[{"href":"https:\/\/www.maria-koenigin.de\/index.php?rest_route=\/wp\/v2\/posts\/13009","targetHints":{"allow":["GET"]}}],"collection":[{"href":"https:\/\/www.maria-koenigin.de\/index.php?rest_route=\/wp\/v2\/posts"}],"about":[{"href":"https:\/\/www.maria-koenigin.de\/index.php?rest_route=\/wp\/v2\/types\/post"}],"author":[{"embeddable":true,"href":"https:\/\/www.maria-koenigin.de\/index.php?rest_route=\/wp\/v2\/users\/7"}],"replies":[{"embeddable":true,"href":"https:\/\/www.maria-koenigin.de\/index.php?rest_route=%2Fwp%2Fv2%2Fcomments&post=13009"}],"version-history":[{"count":3,"href":"https:\/\/www.maria-koenigin.de\/index.php?rest_route=\/wp\/v2\/posts\/13009\/revisions"}],"predecessor-version":[{"id":13024,"href":"https:\/\/www.maria-koenigin.de\/index.php?rest_route=\/wp\/v2\/posts\/13009\/revisions\/13024"}],"wp:attachment":[{"href":"https:\/\/www.maria-koenigin.de\/index.php?rest_route=%2Fwp%2Fv2%2Fmedia&parent=13009"}],"wp:term":[{"taxonomy":"category","embeddable":true,"href":"https:\/\/www.maria-koenigin.de\/index.php?rest_route=%2Fwp%2Fv2%2Fcategories&post=13009"},{"taxonomy":"post_tag","embeddable":true,"href":"https:\/\/www.maria-koenigin.de\/index.php?rest_route=%2Fwp%2Fv2%2Ftags&post=13009"}],"curies":[{"name":"wp","href":"https:\/\/api.w.org\/{rel}","templated":true}]}}