{"id":13016,"date":"2023-10-19T17:08:11","date_gmt":"2023-10-19T15:08:11","guid":{"rendered":"https:\/\/www.maria-koenigin.de\/?p=13016"},"modified":"2023-10-13T17:23:21","modified_gmt":"2023-10-13T15:23:21","slug":"ueberragende-momente-beim-weltjugendtag-in-lissabon","status":"publish","type":"post","link":"https:\/\/www.maria-koenigin.de\/?p=13016","title":{"rendered":"\u00dcberragende Momente beim Weltjugendtag in LISSABON"},"content":{"rendered":"<p style=\"text-align: justify;\"><img loading=\"lazy\" decoding=\"async\" class=\"alignright wp-image-13021 size-large\" src=\"http:\/\/www.maria-koenigin.de\/wordpress\/wp-content\/uploads\/2023\/10\/WJT-3-956x1024.jpeg\" alt=\"\" width=\"625\" height=\"669\" srcset=\"https:\/\/www.maria-koenigin.de\/wordpress\/wp-content\/uploads\/2023\/10\/WJT-3-956x1024.jpeg 956w, https:\/\/www.maria-koenigin.de\/wordpress\/wp-content\/uploads\/2023\/10\/WJT-3-280x300.jpeg 280w, https:\/\/www.maria-koenigin.de\/wordpress\/wp-content\/uploads\/2023\/10\/WJT-3-768x823.jpeg 768w, https:\/\/www.maria-koenigin.de\/wordpress\/wp-content\/uploads\/2023\/10\/WJT-3-624x668.jpeg 624w, https:\/\/www.maria-koenigin.de\/wordpress\/wp-content\/uploads\/2023\/10\/WJT-3.jpeg 1151w\" sizes=\"auto, (max-width: 625px) 100vw, 625px\" \/><\/p>\n<p style=\"text-align: justify;\"><em>Philipp Kr\u00e4mer aus der Q1 hat mit dem Spirituellen Netzwerk Tabor den Weltjugendtag in Lissabon besucht. Er berichtet aus seiner pers\u00f6nlichen Perspektive \u00fcber zwei erlebnisreiche Wochen.\u00a0<\/em><!--more--><\/p>\n<p style=\"text-align: justify;\"><em> \u201eMaria stand auf und machte sich eilig auf den Weg\u201c (Lk 1,39) <\/em>Unter diesem Motto machten sich \u00fcber 1,5 Millionen Christen aus der ganzen Welt auf in Richtung Lissabon in Portugal. Der Weltjugendtag 2023 war f\u00fcr mich ein einmaliges Erlebnis. Die vielen guten Momente m\u00f6chte ich mit euch teilen. Denn ich durfte ein Teil davon sein. Mit einer Gruppe von 17 Personen aus dem Sauerland und Siegerland unter der Leitung des Spirituellen Zentrums TABOR machten wir uns im August auf den Weg.<\/p>\n<p style=\"text-align: justify;\">Zun\u00e4chst ging es mit 115 Personen in f\u00fcnf Bussen aus dem Erzbistum Paderborn zum franz\u00f6sischen Partnerbistum Le Mans. \u00a0Nach der \u00dcbernachtung in zwei Hotels und jeweils einer Morgenrunde trafen wir uns erstmals als Gesamtgruppe im dortigen Bischofshaus.\u00a0Anschlie\u00dfend feierten wir in einer alten Kathedrale eine Heilige Messe. Die musikalische Begleitung\u00a0 dieses Gottesdienstes und auch der weiteren Feiern \u00fcbernahm das Musik-Team Paderborn, bei dem ich auch mitwirken konnte.\u00a0Am n\u00e4chsten Tag ging es weiter in Richtung Portugal. Bei einer Pause auf dem Weg in Spanien konnten wir einen atemberaubenden Sonnenaufgang \u00fcber der steinigen Landschaft erleben. Ich war \u00fcberrascht, wie schnell die Sonne in Spanien uns alle w\u00e4rmte, so dass die Jacke nicht lange gebraucht wurde.\u00a0Es folgte eine lange Busfahrt, die auch Gelegenheit zum Schlafen bot.\u00a0 Unser n\u00e4chstes Ziel war dann die Stadt Mindelo, unsere Gastgeber n\u00f6rdlich von Porto. Dort teilten wir uns f\u00fcr die n\u00e4chsten Tage in einer vierzigk\u00f6pfigen Gruppe mit 200 Franzosen eine Sporthalle zur \u00dcbernachtung.\u00a0Als Abschluss des Tages feierten wir gemeinsam einen portugiesischen Gottesdienst, in dem wir auch die offizielle WJT-Hymne auf Deutsch und Portugiesisch pr\u00e4sentieren konnten. Wie sich unser Portugiesisch wohl angeh\u00f6rt haben muss f\u00fcr die einheimischen Besucher der Messe\u2026<\/p>\n<p style=\"text-align: justify;\"><img loading=\"lazy\" decoding=\"async\" class=\"alignright wp-image-13017 size-full\" src=\"http:\/\/www.maria-koenigin.de\/wordpress\/wp-content\/uploads\/2023\/10\/WJT-1.jpg\" alt=\"\" width=\"640\" height=\"480\" srcset=\"https:\/\/www.maria-koenigin.de\/wordpress\/wp-content\/uploads\/2023\/10\/WJT-1.jpg 640w, https:\/\/www.maria-koenigin.de\/wordpress\/wp-content\/uploads\/2023\/10\/WJT-1-300x225.jpg 300w, https:\/\/www.maria-koenigin.de\/wordpress\/wp-content\/uploads\/2023\/10\/WJT-1-624x468.jpg 624w\" sizes=\"auto, (max-width: 640px) 100vw, 640px\" \/>Es folgte ein Tag am 2,5 Kilometer entfernten Strand mit erstaunlich g\u00fcnstigen k\u00fchlen Getr\u00e4nken.\u00a0Am Abend stand dann ein Umzug vom Hallenboden auf die Empore an, denn am sp\u00e4ten Nachmittag waren die 200 Franzosen eingetroffen. \u00a0Erstaunlich, wie laut 200 franz\u00f6sische Jugendliche sein k\u00f6nnen &#8230;<\/p>\n<p style=\"text-align: justify;\">Am Tag darauf besuchten wir erstmalig Porto und bekamen einen Vorgeschmack darauf, wie sch\u00f6n Portugal ist. Die Stadt liegt wundersch\u00f6n auf Bergen gebaut, welche von einem Fluss gespalten sind. Verwinkelte Gassen, einige Stra\u00dfenm\u00e4rkte und viele steile Treppen sind typisch. Zur\u00fcck in der Gastgemeinde gab es ein gro\u00dfes Treffen im Gemeindehaus, wo uns die Fahne der Stadt Mindelo \u00fcberreicht wurde. Wir pr\u00e4sentierten erstmalig das Paderborner Medley: die bekanntesten Lieder der Regionen unseres Bistums. Dies hatten wir bereits auf den Busfahrten einge\u00fcbt, so dass uns ein atemberaubendes Musikerlebnis gelang.\u00a0Den n\u00e4chsten Tag verbrachten wir nach einem Morgengebet wieder in Porto. Als wir abends in die Unterkunft zur\u00fcckkamen und ausruhen wollten, \u00fcberraschten uns die Einwohner der Gemeinde mit traditionellen T\u00e4nzen, ein wunderbarer Teil ihrer Kultur. Mit dem Ausruhen wurde es dann erstmal nichts. Das war allerdings kein Einzelfall, denn an vielen Abenden sa\u00dfen wir in Gruppen zusammen und quatschten \u00fcber alle m\u00f6glichen Themen.<\/p>\n<p style=\"text-align: justify;\"><img loading=\"lazy\" decoding=\"async\" class=\"alignright wp-image-13019 size-large\" src=\"http:\/\/www.maria-koenigin.de\/wordpress\/wp-content\/uploads\/2023\/10\/WJT-1-1024x768.jpeg\" alt=\"\" width=\"625\" height=\"469\" srcset=\"https:\/\/www.maria-koenigin.de\/wordpress\/wp-content\/uploads\/2023\/10\/WJT-1-1024x768.jpeg 1024w, https:\/\/www.maria-koenigin.de\/wordpress\/wp-content\/uploads\/2023\/10\/WJT-1-300x225.jpeg 300w, https:\/\/www.maria-koenigin.de\/wordpress\/wp-content\/uploads\/2023\/10\/WJT-1-768x576.jpeg 768w, https:\/\/www.maria-koenigin.de\/wordpress\/wp-content\/uploads\/2023\/10\/WJT-1-1536x1152.jpeg 1536w, https:\/\/www.maria-koenigin.de\/wordpress\/wp-content\/uploads\/2023\/10\/WJT-1-624x468.jpeg 624w, https:\/\/www.maria-koenigin.de\/wordpress\/wp-content\/uploads\/2023\/10\/WJT-1.jpeg 2048w\" sizes=\"auto, (max-width: 625px) 100vw, 625px\" \/>Die Tage der Begegnung erreichten mit einem gro\u00dfen Gottesdienst mit 200.000 Menschen unter freiem Himmel ihren H\u00f6hepunkt und gaben uns einen kleinen \u2013 wirklich kleinen \u2013 Vorgeschmack, wie die zweite Woche werden w\u00fcrde. Das zu Beginn diesige Wetter \u00e4nderte sich genauso schnell wie unsere Laune, als die Sonne erschien. Nach der sch\u00f6nen Messe, welche von einem Milit\u00e4rorchester begleitet worden war, brachten DJ und Tanzgruppen die Menschen zum Toben. Die Sonne sp\u00fcrte ich auch einen Tag sp\u00e4ter noch an meinen Beinen, die ich vergessen hatte einzucremen.\u00a0Nach dem langen aufregenden Tag in Porto endete gleichzeitig unsere Zeit in der Gastgemeinde mit einem sch\u00f6nen Gottesdienst. Die Sonne erm\u00f6glichte uns einen letzten sch\u00f6nen Tag am Strand, doch die Rettungsschwimmer sahen das anders. Die starken Wellen des Meeres waren eine Nummer zu gro\u00df f\u00fcr uns. In der Nacht packten wir noch schnell unsere Sachen zusammen und machten uns am n\u00e4chsten Morgen zum Hauptevent nach Lissabon auf.<\/p>\n<p style=\"text-align: justify;\"><img loading=\"lazy\" decoding=\"async\" class=\"alignright wp-image-13018 size-large\" src=\"http:\/\/www.maria-koenigin.de\/wordpress\/wp-content\/uploads\/2023\/10\/WJT-2-768x1024.jpeg\" alt=\"\" width=\"625\" height=\"833\" srcset=\"https:\/\/www.maria-koenigin.de\/wordpress\/wp-content\/uploads\/2023\/10\/WJT-2-768x1024.jpeg 768w, https:\/\/www.maria-koenigin.de\/wordpress\/wp-content\/uploads\/2023\/10\/WJT-2-225x300.jpeg 225w, https:\/\/www.maria-koenigin.de\/wordpress\/wp-content\/uploads\/2023\/10\/WJT-2-1152x1536.jpeg 1152w, https:\/\/www.maria-koenigin.de\/wordpress\/wp-content\/uploads\/2023\/10\/WJT-2-624x832.jpeg 624w, https:\/\/www.maria-koenigin.de\/wordpress\/wp-content\/uploads\/2023\/10\/WJT-2.jpeg 1536w\" sizes=\"auto, (max-width: 625px) 100vw, 625px\" \/>Die Weiterfahrt durch Portugal \u2013 nat\u00fcrlich wieder in einem Reisebus \u2013 Richtung Lissabon f\u00fchrte uns zum bekannten Pilgerort Fatima. Bereits dort, noch einige Stunden von unserem Ziel entfernt, trafen wir auf Hunderte weitere Reisebusse voller Pilger. Nach zwei Stunden Aufenthalt beendete wir dann unseren Zwischenstopp und fuhren direkt bis in unsere Unterkunft f\u00fcr die zweite Woche. Diesmal war es eine ganze Schule, die der gesamten Paderborner Reisegruppe Platz bot. Am Abend ging es dann zur einer Auftaktmesse, welche die Menschenmassen der ersten Woche direkt \u00fcbertraf.\u00a0Am Tag darauf besuchte uns der Paderborner Weihbischof K\u00f6nig zu einer Katechese. Dies war auch deshalb eine besondere Messe, weil eine Pilgerin die Sakramente der Taufe, Erstkommunion und der Firmung empfing.\u00a0Dann besuchten wir zusammen einen Kreuzweg. Dieser war auf einer sehr modernen Weise gestaltet worden, indem junge Christen ihre Lebensgeschichten erz\u00e4hlten, wie sie gefallen sind und durch den Glauben an Gott und erfahrene N\u00e4chstenliebe wieder aufstehen konnten. Der Papst fuhr durch die Massen und der Moment, als er mit wenigen Metern Entfernung an uns vorbeifuhr\u2026WOW\u2026<\/p>\n<p style=\"text-align: justify;\">Allerding st\u00f6rten die dr\u00fcckenden Menschmassen hinter uns diesen besonderen Augenblick. Da uns die Masse der Menschen wirklich zu viel wurde, sind wir dann bereits fr\u00fcher nach Hause zur\u00fcckgekehrt. Am letzten offiziellen Tag des Weltjugendtages, machten sich alle 1,6 Millionen Pilger auf den Weg zum Abschlussgel\u00e4nde. Mit sehr schwerem Gep\u00e4ck endlich angekommen, fast 4 Stunden sp\u00e4ter als eigentlich geplant, \u00a0\u00fcbernachteten wir dann auf riesigen Feldern unter freiem Himmel. Am Morgen darauf feierten dann alle zusammen die Abschlussmesse des WJT. Wie bei jedem Weltjugendtag wurde dann noch das n\u00e4chste Land verraten: in vier Jahren geht es nach Seoul in S\u00fcdkorea. Am folgenden Morgen luden wir unser Gep\u00e4ck ein letztes Mal in den Bus und machten uns auf den 34 Stunden langen Weg zur\u00fcck nach Hause.<\/p>\n<p style=\"text-align: justify;\"><img loading=\"lazy\" decoding=\"async\" class=\"alignright wp-image-13020 size-large\" src=\"http:\/\/www.maria-koenigin.de\/wordpress\/wp-content\/uploads\/2023\/10\/WJT-2-1-1024x768.jpeg\" alt=\"\" width=\"625\" height=\"469\" srcset=\"https:\/\/www.maria-koenigin.de\/wordpress\/wp-content\/uploads\/2023\/10\/WJT-2-1-1024x768.jpeg 1024w, https:\/\/www.maria-koenigin.de\/wordpress\/wp-content\/uploads\/2023\/10\/WJT-2-1-300x225.jpeg 300w, https:\/\/www.maria-koenigin.de\/wordpress\/wp-content\/uploads\/2023\/10\/WJT-2-1-768x576.jpeg 768w, https:\/\/www.maria-koenigin.de\/wordpress\/wp-content\/uploads\/2023\/10\/WJT-2-1-1536x1152.jpeg 1536w, https:\/\/www.maria-koenigin.de\/wordpress\/wp-content\/uploads\/2023\/10\/WJT-2-1-624x468.jpeg 624w, https:\/\/www.maria-koenigin.de\/wordpress\/wp-content\/uploads\/2023\/10\/WJT-2-1.jpeg 2048w\" sizes=\"auto, (max-width: 625px) 100vw, 625px\" \/>Als ich diesen Artikel verfasst habe, wurde mir erstmal nochmal richtig bewusst, wie viel ich in diesen zwei Wochen erlebt habe. Menschen und Kulturen aus aller Welt konnte ich kennenlernen. Ein Land mit einer Sprache, welche ich nicht spreche und wo selbst Englisch manchmal keine Hilfe ist, so dass wir uns mit H\u00e4nden und F\u00fc\u00dfen verst\u00e4ndigt haben. Die Menschmassen und das damit verbundene Gedr\u00e4ngel. Die Fahrten mit den \u00fcberf\u00fcllten Metros. Aber diese negativen Seiten werden deutlich \u00fcbertroffen von den intensiven Erlebnissen, \u00fcberragenden Momenten und der Verbundenheit mit so vielen Menschen im Glauben.\u00a0Ein Weltjugendtag kann man mit keinem anderen Event vergleichen. Man f\u00fchlt etwas, was man sonst wohl nie erleben kann. Deshalb: <em>\u201eMacht euch eilig auf den Weg\u201c<\/em> nach Seoul.<\/p>\n","protected":false},"excerpt":{"rendered":"<p>Philipp Kr\u00e4mer aus der Q1 hat mit dem Spirituellen Netzwerk Tabor den Weltjugendtag in Lissabon besucht. Er berichtet aus seiner pers\u00f6nlichen Perspektive \u00fcber zwei erlebnisreiche Wochen.\u00a0<\/p>\n","protected":false},"author":7,"featured_media":0,"comment_status":"closed","ping_status":"closed","sticky":false,"template":"","format":"standard","meta":{"ngg_post_thumbnail":0,"footnotes":""},"categories":[4],"tags":[],"class_list":["post-13016","post","type-post","status-publish","format-standard","hentry","category-aktuelles"],"_links":{"self":[{"href":"https:\/\/www.maria-koenigin.de\/index.php?rest_route=\/wp\/v2\/posts\/13016","targetHints":{"allow":["GET"]}}],"collection":[{"href":"https:\/\/www.maria-koenigin.de\/index.php?rest_route=\/wp\/v2\/posts"}],"about":[{"href":"https:\/\/www.maria-koenigin.de\/index.php?rest_route=\/wp\/v2\/types\/post"}],"author":[{"embeddable":true,"href":"https:\/\/www.maria-koenigin.de\/index.php?rest_route=\/wp\/v2\/users\/7"}],"replies":[{"embeddable":true,"href":"https:\/\/www.maria-koenigin.de\/index.php?rest_route=%2Fwp%2Fv2%2Fcomments&post=13016"}],"version-history":[{"count":2,"href":"https:\/\/www.maria-koenigin.de\/index.php?rest_route=\/wp\/v2\/posts\/13016\/revisions"}],"predecessor-version":[{"id":13023,"href":"https:\/\/www.maria-koenigin.de\/index.php?rest_route=\/wp\/v2\/posts\/13016\/revisions\/13023"}],"wp:attachment":[{"href":"https:\/\/www.maria-koenigin.de\/index.php?rest_route=%2Fwp%2Fv2%2Fmedia&parent=13016"}],"wp:term":[{"taxonomy":"category","embeddable":true,"href":"https:\/\/www.maria-koenigin.de\/index.php?rest_route=%2Fwp%2Fv2%2Fcategories&post=13016"},{"taxonomy":"post_tag","embeddable":true,"href":"https:\/\/www.maria-koenigin.de\/index.php?rest_route=%2Fwp%2Fv2%2Ftags&post=13016"}],"curies":[{"name":"wp","href":"https:\/\/api.w.org\/{rel}","templated":true}]}}