{"id":13062,"date":"2023-10-22T10:43:13","date_gmt":"2023-10-22T08:43:13","guid":{"rendered":"https:\/\/www.maria-koenigin.de\/?p=13062"},"modified":"2023-10-22T10:43:13","modified_gmt":"2023-10-22T08:43:13","slug":"besuch-der-q1-auf-der-buchmesse","status":"publish","type":"post","link":"https:\/\/www.maria-koenigin.de\/?p=13062","title":{"rendered":"Besuch der Q1 auf der Buchmesse"},"content":{"rendered":"<p style=\"text-align: justify;\">\n<p style=\"text-align: justify;\"><img loading=\"lazy\" decoding=\"async\" class=\"alignright wp-image-13064 size-full\" src=\"http:\/\/www.maria-koenigin.de\/wordpress\/wp-content\/uploads\/2023\/10\/BuchmesseMainzelmaennchen.jpg\" alt=\"\" width=\"640\" height=\"481\" srcset=\"https:\/\/www.maria-koenigin.de\/wordpress\/wp-content\/uploads\/2023\/10\/BuchmesseMainzelmaennchen.jpg 640w, https:\/\/www.maria-koenigin.de\/wordpress\/wp-content\/uploads\/2023\/10\/BuchmesseMainzelmaennchen-300x225.jpg 300w, https:\/\/www.maria-koenigin.de\/wordpress\/wp-content\/uploads\/2023\/10\/BuchmesseMainzelmaennchen-624x469.jpg 624w\" sizes=\"auto, (max-width: 640px) 100vw, 640px\" \/>Sch\u00fclerinnen und Sch\u00fcler der Jahrgangsstufe Q1 haben im Rahmen ihres Deutschunterrichts die Frankfurter Buchmesse besucht. Die aufw\u00e4ndige Pr\u00e4sentation der Publikumsverlage, wie Fischer, Suhrkamp und Rowohlt war f\u00fcr Sch\u00fclerinnen und Sch\u00fcler der Oberstufe ebenso interessant wie die Vielfalt der Buchthemen und -gestaltungen. <!--more-->Da es die 75. Jubil\u00e4ums-Buchmesse in Frankfurt war, waren auch einige besondere Aktionen geplant. Nicht nur die neuesten B\u00fccher, sondern auch H\u00f6rb\u00fccher, Kalender, Mangas und viele prominente Schriftsteller \u2013 darunter zum Beispiel auch Robert Seethaler, dessen Roman \u201eDer Trafikant\u201c \u00a0Thema im Unterricht ist \u2013 lockten mehrere zehntausend Besucher an.<img loading=\"lazy\" decoding=\"async\" class=\"alignright wp-image-13063 size-full\" src=\"http:\/\/www.maria-koenigin.de\/wordpress\/wp-content\/uploads\/2023\/10\/Buchmesse-Gruppenbild2.jpg\" alt=\"\" width=\"640\" height=\"480\" srcset=\"https:\/\/www.maria-koenigin.de\/wordpress\/wp-content\/uploads\/2023\/10\/Buchmesse-Gruppenbild2.jpg 640w, https:\/\/www.maria-koenigin.de\/wordpress\/wp-content\/uploads\/2023\/10\/Buchmesse-Gruppenbild2-300x225.jpg 300w, https:\/\/www.maria-koenigin.de\/wordpress\/wp-content\/uploads\/2023\/10\/Buchmesse-Gruppenbild2-624x468.jpg 624w\" sizes=\"auto, (max-width: 640px) 100vw, 640px\" \/><\/p>\n<p style=\"text-align: justify;\">Die Sch\u00fclerinnen und Sch\u00fcler konnten sich auf dem Messegel\u00e4nde selbst\u00e4ndig einen Eindruck verschaffen und so auch erleben, wie Literaturvermarktung in Deutschland funktionieren kann. <img loading=\"lazy\" decoding=\"async\" class=\"alignright wp-image-13065 size-full\" src=\"http:\/\/www.maria-koenigin.de\/wordpress\/wp-content\/uploads\/2023\/10\/BuchmesseStaende.jpg\" alt=\"\" width=\"640\" height=\"853\" srcset=\"https:\/\/www.maria-koenigin.de\/wordpress\/wp-content\/uploads\/2023\/10\/BuchmesseStaende.jpg 640w, https:\/\/www.maria-koenigin.de\/wordpress\/wp-content\/uploads\/2023\/10\/BuchmesseStaende-225x300.jpg 225w, https:\/\/www.maria-koenigin.de\/wordpress\/wp-content\/uploads\/2023\/10\/BuchmesseStaende-624x832.jpg 624w\" sizes=\"auto, (max-width: 640px) 100vw, 640px\" \/>Besonders interessant war f\u00fcr die Sch\u00fclerinnen und Sch\u00fcler dabei beispielsweise, welchen Einfluss das Videoportal TikTok auf den B\u00fccherverkauf in Deutschland hat.\u00a0Teilweise bepackt mit Taschen voller B\u00fccher und Verlagsgeschenken ging es am fr\u00fchen Abend dann zur\u00fcck nach Lennestadt und die Sch\u00fclerinnen und Sch\u00fcler waren sich einig, dass sie gerne mehr Zeit gehabt h\u00e4tten, um wirklich alles erkunden und sehen zu k\u00f6nnen. <img loading=\"lazy\" decoding=\"async\" class=\"alignright wp-image-13066 size-full\" src=\"http:\/\/www.maria-koenigin.de\/wordpress\/wp-content\/uploads\/2023\/10\/Buchmesse-Potter.jpg\" alt=\"\" width=\"640\" height=\"853\" srcset=\"https:\/\/www.maria-koenigin.de\/wordpress\/wp-content\/uploads\/2023\/10\/Buchmesse-Potter.jpg 640w, https:\/\/www.maria-koenigin.de\/wordpress\/wp-content\/uploads\/2023\/10\/Buchmesse-Potter-225x300.jpg 225w, https:\/\/www.maria-koenigin.de\/wordpress\/wp-content\/uploads\/2023\/10\/Buchmesse-Potter-624x832.jpg 624w\" sizes=\"auto, (max-width: 640px) 100vw, 640px\" \/><\/p>\n","protected":false},"excerpt":{"rendered":"<p>Sch\u00fclerinnen und Sch\u00fcler der Jahrgangsstufe Q1 haben im Rahmen ihres Deutschunterrichts die Frankfurter Buchmesse besucht. Die aufw\u00e4ndige Pr\u00e4sentation der Publikumsverlage, wie Fischer, Suhrkamp und Rowohlt war f\u00fcr Sch\u00fclerinnen und Sch\u00fcler der Oberstufe ebenso interessant wie die Vielfalt der Buchthemen und -gestaltungen.<\/p>\n","protected":false},"author":7,"featured_media":0,"comment_status":"closed","ping_status":"closed","sticky":false,"template":"","format":"standard","meta":{"ngg_post_thumbnail":0,"footnotes":""},"categories":[4],"tags":[],"class_list":["post-13062","post","type-post","status-publish","format-standard","hentry","category-aktuelles"],"_links":{"self":[{"href":"https:\/\/www.maria-koenigin.de\/index.php?rest_route=\/wp\/v2\/posts\/13062","targetHints":{"allow":["GET"]}}],"collection":[{"href":"https:\/\/www.maria-koenigin.de\/index.php?rest_route=\/wp\/v2\/posts"}],"about":[{"href":"https:\/\/www.maria-koenigin.de\/index.php?rest_route=\/wp\/v2\/types\/post"}],"author":[{"embeddable":true,"href":"https:\/\/www.maria-koenigin.de\/index.php?rest_route=\/wp\/v2\/users\/7"}],"replies":[{"embeddable":true,"href":"https:\/\/www.maria-koenigin.de\/index.php?rest_route=%2Fwp%2Fv2%2Fcomments&post=13062"}],"version-history":[{"count":1,"href":"https:\/\/www.maria-koenigin.de\/index.php?rest_route=\/wp\/v2\/posts\/13062\/revisions"}],"predecessor-version":[{"id":13067,"href":"https:\/\/www.maria-koenigin.de\/index.php?rest_route=\/wp\/v2\/posts\/13062\/revisions\/13067"}],"wp:attachment":[{"href":"https:\/\/www.maria-koenigin.de\/index.php?rest_route=%2Fwp%2Fv2%2Fmedia&parent=13062"}],"wp:term":[{"taxonomy":"category","embeddable":true,"href":"https:\/\/www.maria-koenigin.de\/index.php?rest_route=%2Fwp%2Fv2%2Fcategories&post=13062"},{"taxonomy":"post_tag","embeddable":true,"href":"https:\/\/www.maria-koenigin.de\/index.php?rest_route=%2Fwp%2Fv2%2Ftags&post=13062"}],"curies":[{"name":"wp","href":"https:\/\/api.w.org\/{rel}","templated":true}]}}