{"id":13135,"date":"2023-11-04T09:33:23","date_gmt":"2023-11-04T08:33:23","guid":{"rendered":"https:\/\/www.maria-koenigin.de\/?p=13135"},"modified":"2023-11-04T09:36:10","modified_gmt":"2023-11-04T08:36:10","slug":"schulseelsorger-und-schulseelsorgerin-ernannt","status":"publish","type":"post","link":"https:\/\/www.maria-koenigin.de\/?p=13135","title":{"rendered":"Schulseelsorger und Schulseelsorgerin ernannt"},"content":{"rendered":"<p style=\"text-align: justify;\"><img loading=\"lazy\" decoding=\"async\" class=\"alignright wp-image-13136 size-full\" src=\"http:\/\/www.maria-koenigin.de\/wordpress\/wp-content\/uploads\/2023\/11\/Schulseelsorger-1klein.jpg\" alt=\"\" width=\"640\" height=\"460\" srcset=\"https:\/\/www.maria-koenigin.de\/wordpress\/wp-content\/uploads\/2023\/11\/Schulseelsorger-1klein.jpg 640w, https:\/\/www.maria-koenigin.de\/wordpress\/wp-content\/uploads\/2023\/11\/Schulseelsorger-1klein-300x216.jpg 300w, https:\/\/www.maria-koenigin.de\/wordpress\/wp-content\/uploads\/2023\/11\/Schulseelsorger-1klein-624x449.jpg 624w\" sizes=\"auto, (max-width: 640px) 100vw, 640px\" \/>Beim Erntedankfest des Gymnasiums Maria K\u00f6nigin waren jetzt die Leiterin der Abteilung Schulpastoral des Erzbistums Paderborn Adelheid B\u00fcker-Oel und die Referentin f\u00fcr Schulpastoral Lea Schmidt zu Gast. Sie waren gekommen, um sich \u00fcber die Arbeit der Schulpastoral zu informieren und die offizielle Ernennung von Schulseelsorgern vorzunehmen.<!--more--> Regina Schmidt, Ansgar Kaufmann und Alexander Sieler erhielten im Rahmen eines Gottesdienstes eine offizielle Ernennungsurkunde als Schulseelsorger und Schulseelsorgerin. Ansgar Kaufmann organisiert schon seit vielen Jahren die Orientierungstage zu Beginn der Oberstufe und Fahrten zu Katholikentagen. Gemeinsam mit Regina Schmidt und Sch\u00fclergruppen bereitet er auch die Jugendgottesdienste in der Klosterkirche vor. Regina Schmidt k\u00fcmmert sich um alle Belange der Kirche, die Schulgottesdienste und um Angebote f\u00fcr Lehrende. Alexander Sieler, der Leiter des jugendspirituellen Zentrums Tabor und Dekanatsjugendseelsorger ist, arbeitet seit Anfang 2023 mit 25 Prozent Stellenumfang im Team mit und betreut unter anderem das Projekt Navi4life, ein Projekt zur Pers\u00f6nlichkeitsbildung von Jugendlichen in den Klassen 10.<\/p>\n<p style=\"text-align: justify;\"><img loading=\"lazy\" decoding=\"async\" class=\"alignright wp-image-13137 size-full\" src=\"http:\/\/www.maria-koenigin.de\/wordpress\/wp-content\/uploads\/2023\/11\/Erntedank-2klein.jpg\" alt=\"\" width=\"640\" height=\"853\" srcset=\"https:\/\/www.maria-koenigin.de\/wordpress\/wp-content\/uploads\/2023\/11\/Erntedank-2klein.jpg 640w, https:\/\/www.maria-koenigin.de\/wordpress\/wp-content\/uploads\/2023\/11\/Erntedank-2klein-225x300.jpg 225w, https:\/\/www.maria-koenigin.de\/wordpress\/wp-content\/uploads\/2023\/11\/Erntedank-2klein-624x832.jpg 624w\" sizes=\"auto, (max-width: 640px) 100vw, 640px\" \/>Zum Erntedankfest hatte der Tr\u00e4gerverein des Gymnasiums alle Lehrkr\u00e4fte sowie Mitarbeitenden der Schule auf dem Altenhundemer R\u00fcberg eingeladen. Zu Beginn feierte Pastor Ludger Wollweber den Gottesdienst mit den Eingeladenen, der vom Arbeitskreis Schulpastoral inhaltlich vorbereitet sowie von Musiklehrer Hendrik Sch\u00f6rmann musikalisch gestaltet wurde. Darin kam der Dank f\u00fcr den Einsatz zum Ausdruck, der tagt\u00e4glich f\u00fcr die Sch\u00fclerinnen und Sch\u00fcler gebracht wird. In einer sehr pers\u00f6nlich gehaltenen Predigt hob Pastor Wollweber die aktuelle Herausforderung hervor, die sich mit dem Katholisch-Sein der Schule verbindet, aber auch die Wichtigkeit, das Miteinander vor einer Gottlosigkeit zu bewahren, in der es nur noch um Leistungsdruck und Selbstbezogenheit gehe. Der Zusammenhalt des Lehrerkollegiums war zuvor durch einen eindr\u00fccklichen Bildervortrag deutlich geworden, bei dem insbesondere die Momente des Schuljahres hervorgehoben wurden, die \u00fcber den \u00fcblichen Schulunterricht hinausgingen. Dabei riefen einige Fotos mit fr\u00f6hlichen Gesichtern sch\u00f6ne Erinnerungen an gemeinsame Erlebnisse hervor und sorgten \u00a0f\u00fcr den ein oder anderen Schmunzler in den Reihen der Anwesenden.<\/p>\n<p style=\"text-align: justify;\">Im Anschluss an den Gottesdienst begr\u00fc\u00dfte Hans-Gerd Mummel als Vorsitzender des Tr\u00e4gervereins die Mitarbeitenden im Foyer der Schule. Er hob den Zusammenhalt und die Einsatzbereitschaft des Kollegiums und der Mitarbeitenden hervor, die oft weit \u201e\u00fcber das vertraglich Festgelegte\u201c hinausgehen und das Besondere in der Schulgemeinschaft am Gymnasium Maria K\u00f6nigin ausmachen.<\/p>\n","protected":false},"excerpt":{"rendered":"<p>Beim Erntedankfest des Gymnasiums Maria K\u00f6nigin waren jetzt die Leiterin der Abteilung Schulpastoral des Erzbistums Paderborn Adelheid B\u00fcker-Oel und die Referentin f\u00fcr Schulpastoral Lea Schmidt zu Gast. Sie waren gekommen, um sich \u00fcber die Arbeit der Schulpastoral zu informieren und die offizielle Ernennung von Schulseelsorgern vorzunehmen.<\/p>\n","protected":false},"author":7,"featured_media":0,"comment_status":"closed","ping_status":"closed","sticky":false,"template":"","format":"standard","meta":{"ngg_post_thumbnail":0,"footnotes":""},"categories":[4],"tags":[],"class_list":["post-13135","post","type-post","status-publish","format-standard","hentry","category-aktuelles"],"_links":{"self":[{"href":"https:\/\/www.maria-koenigin.de\/index.php?rest_route=\/wp\/v2\/posts\/13135","targetHints":{"allow":["GET"]}}],"collection":[{"href":"https:\/\/www.maria-koenigin.de\/index.php?rest_route=\/wp\/v2\/posts"}],"about":[{"href":"https:\/\/www.maria-koenigin.de\/index.php?rest_route=\/wp\/v2\/types\/post"}],"author":[{"embeddable":true,"href":"https:\/\/www.maria-koenigin.de\/index.php?rest_route=\/wp\/v2\/users\/7"}],"replies":[{"embeddable":true,"href":"https:\/\/www.maria-koenigin.de\/index.php?rest_route=%2Fwp%2Fv2%2Fcomments&post=13135"}],"version-history":[{"count":2,"href":"https:\/\/www.maria-koenigin.de\/index.php?rest_route=\/wp\/v2\/posts\/13135\/revisions"}],"predecessor-version":[{"id":13139,"href":"https:\/\/www.maria-koenigin.de\/index.php?rest_route=\/wp\/v2\/posts\/13135\/revisions\/13139"}],"wp:attachment":[{"href":"https:\/\/www.maria-koenigin.de\/index.php?rest_route=%2Fwp%2Fv2%2Fmedia&parent=13135"}],"wp:term":[{"taxonomy":"category","embeddable":true,"href":"https:\/\/www.maria-koenigin.de\/index.php?rest_route=%2Fwp%2Fv2%2Fcategories&post=13135"},{"taxonomy":"post_tag","embeddable":true,"href":"https:\/\/www.maria-koenigin.de\/index.php?rest_route=%2Fwp%2Fv2%2Ftags&post=13135"}],"curies":[{"name":"wp","href":"https:\/\/api.w.org\/{rel}","templated":true}]}}