{"id":13201,"date":"2023-11-22T00:19:15","date_gmt":"2023-11-21T23:19:15","guid":{"rendered":"https:\/\/www.maria-koenigin.de\/?p=13201"},"modified":"2023-11-22T00:19:35","modified_gmt":"2023-11-21T23:19:35","slug":"vorlesen-verbindet-vorlesetag-an-mk","status":"publish","type":"post","link":"https:\/\/www.maria-koenigin.de\/?p=13201","title":{"rendered":"\u201eVorlesen verbindet\u201c \u2013 Vorlesetag an MK"},"content":{"rendered":"<p style=\"text-align: justify;\"><img loading=\"lazy\" decoding=\"async\" class=\"alignright wp-image-13202 size-full\" src=\"http:\/\/www.maria-koenigin.de\/wordpress\/wp-content\/uploads\/2023\/11\/Scharfenbaum-klein.jpg\" alt=\"\" width=\"640\" height=\"425\" srcset=\"https:\/\/www.maria-koenigin.de\/wordpress\/wp-content\/uploads\/2023\/11\/Scharfenbaum-klein.jpg 640w, https:\/\/www.maria-koenigin.de\/wordpress\/wp-content\/uploads\/2023\/11\/Scharfenbaum-klein-300x199.jpg 300w, https:\/\/www.maria-koenigin.de\/wordpress\/wp-content\/uploads\/2023\/11\/Scharfenbaum-klein-624x414.jpg 624w\" sizes=\"auto, (max-width: 640px) 100vw, 640px\" \/>Am 17.November 2023 war es wieder so weit: Der Bundesweite Vorlesetag fand statt und so wurde auch an MK in den Jahrgangsstufen 5 und 6 aus Kinder- und Jugendb\u00fcchern vorgelesen.\u00a0Um der Bedeutsamkeit dieses Tages Rechnung zu tragen, lesen nicht die \u201etag-ein-tag-aus-gesehenen\u201c Lehrer vor, sondern regional bekannte Pers\u00f6nlichkeiten. So verbindet Vorlesen, passend zum diesj\u00e4hrigen Motto, miteinander und schafft N\u00e4he zu Menschen, denen man so vielleicht nicht jeden Tag \u00fcber den Weg l\u00e4uft.<!--more--> \u201eVerbindungen st\u00e4rken Kinder, f\u00f6rdern den Austausch und \u00fcberwinden Grenzen\u201c erkl\u00e4rt auch die Stiftung Lesen, die den bundesweiten Vorlesetag initiiert.\u00a0Umso mehr freuen wir uns, dass gleich vier Damen und Herren mit ausgew\u00e4hlter Literatur den Weg zu Maria K\u00f6nigin gefunden haben und den Vormittag mit den Sch\u00fclern interessant, abwechslungsreich, spannend und humorvoll gestaltet haben:<\/p>\n<p style=\"text-align: justify;\"><img loading=\"lazy\" decoding=\"async\" class=\"alignright wp-image-13203 size-full\" src=\"http:\/\/www.maria-koenigin.de\/wordpress\/wp-content\/uploads\/2023\/11\/Jarosz-klein.jpg\" alt=\"\" width=\"640\" height=\"425\" srcset=\"https:\/\/www.maria-koenigin.de\/wordpress\/wp-content\/uploads\/2023\/11\/Jarosz-klein.jpg 640w, https:\/\/www.maria-koenigin.de\/wordpress\/wp-content\/uploads\/2023\/11\/Jarosz-klein-300x199.jpg 300w, https:\/\/www.maria-koenigin.de\/wordpress\/wp-content\/uploads\/2023\/11\/Jarosz-klein-624x414.jpg 624w\" sizes=\"auto, (max-width: 640px) 100vw, 640px\" \/>Kirchhundems B\u00fcrgermeister Bj\u00f6rn Jarosz las aus dem Buch \u201eCalypsos Irrfahrt\u201c von Cornelia Franz vor, das eine realistische und zugleich warmherzige Geschichte zweier Fl\u00fcchtlingskinder erz\u00e4hlt. Ganz gespannt lauschten die Sch\u00fcler, wie Oscar und seine Eltern, die einen \u201etotal langweiligen\u201c Segelt\u00f6rn auf dem Mittelmeer verbringen, die geschw\u00e4chten Fl\u00fcchtlingskinder Nala und Moh aus dem Wasser retten. Trotz sprachlicher Barrieren freundet sich Oscar mit den Geschwistern an und er freut sich, dass jeder Versuch, die Kinder in einem Fl\u00fcchtlingslager zur\u00fcckzulassen, scheitert. Oscar kann sich schlie\u00dflich gar nicht mehr vorstellen, ohne die zwei weiterzureisen\u2026 Dass die Geschichte aktuell ist und zum Nachdenken anregt, konnte man auch im regen Austausch zwischen den Sch\u00fclern und Herrn Jarosz feststellen.<\/p>\n<p style=\"text-align: justify;\"><img loading=\"lazy\" decoding=\"async\" class=\"alignright wp-image-13205 size-large\" src=\"http:\/\/www.maria-koenigin.de\/wordpress\/wp-content\/uploads\/2023\/11\/Bundesweiter_Vorlesetag_Logo_1920x1080-1024x576.png\" alt=\"\" width=\"625\" height=\"352\" srcset=\"https:\/\/www.maria-koenigin.de\/wordpress\/wp-content\/uploads\/2023\/11\/Bundesweiter_Vorlesetag_Logo_1920x1080-1024x576.png 1024w, https:\/\/www.maria-koenigin.de\/wordpress\/wp-content\/uploads\/2023\/11\/Bundesweiter_Vorlesetag_Logo_1920x1080-300x169.png 300w, https:\/\/www.maria-koenigin.de\/wordpress\/wp-content\/uploads\/2023\/11\/Bundesweiter_Vorlesetag_Logo_1920x1080-768x432.png 768w, https:\/\/www.maria-koenigin.de\/wordpress\/wp-content\/uploads\/2023\/11\/Bundesweiter_Vorlesetag_Logo_1920x1080-1536x864.png 1536w, https:\/\/www.maria-koenigin.de\/wordpress\/wp-content\/uploads\/2023\/11\/Bundesweiter_Vorlesetag_Logo_1920x1080-624x351.png 624w, https:\/\/www.maria-koenigin.de\/wordpress\/wp-content\/uploads\/2023\/11\/Bundesweiter_Vorlesetag_Logo_1920x1080.png 1920w\" sizes=\"auto, (max-width: 625px) 100vw, 625px\" \/>\u00c4hnlich aktuell, und zwar in Sachen Umwelt, ging es in der 6a zu. Hier las Vera Schnell, Buchh\u00e4ndlerin in der Buchhandlung Hamm in Altenhundem, aus der Neuerscheinung \u201ePepe und der Oktopus auf der Flucht vor der M\u00fcllmafia\u201c von Stepha Quitterer vor. Die Geschichte f\u00fchrte die Sch\u00fcler vom Klassenzimmer rein in Pepes Zimmer, in dem mitten in der Nacht ein Oktopus auftaucht. Dieser Oktopus ist aber nicht nur irgendein Meeresbewohner \u2013 nein, vielmehr ist er der rangh\u00f6chste Diplomat der Weltmeere, der ein weltweites Plastikverbot verh\u00e4ngen m\u00f6chte. Klar hilft Pepe ihm dabei und reist so durch Osteuropa und Asien, lernt unbekannte Kulturen und Tiere und nicht zuletzt die Brisanz des Umweltschutzes kennen. Der spannende Umweltkrimi fesselte die Sch\u00fcler bis zur letzten Minute und zauberte an der ein oder anderen Stelle auch mal ein Schmunzeln in die Gesichter.<\/p>\n<p style=\"text-align: justify;\"><img loading=\"lazy\" decoding=\"async\" class=\"alignright wp-image-13204 size-full\" src=\"http:\/\/www.maria-koenigin.de\/wordpress\/wp-content\/uploads\/2023\/11\/Zimmermann-klein.jpg\" alt=\"\" width=\"640\" height=\"425\" srcset=\"https:\/\/www.maria-koenigin.de\/wordpress\/wp-content\/uploads\/2023\/11\/Zimmermann-klein.jpg 640w, https:\/\/www.maria-koenigin.de\/wordpress\/wp-content\/uploads\/2023\/11\/Zimmermann-klein-300x199.jpg 300w, https:\/\/www.maria-koenigin.de\/wordpress\/wp-content\/uploads\/2023\/11\/Zimmermann-klein-624x414.jpg 624w\" sizes=\"auto, (max-width: 640px) 100vw, 640px\" \/>Nicht weniger lustig wurde es bei der Vorlesung von Petra Zimmermann, der Vorstandsvorsitzenden der Kulturgemeinde Hundem-Lenne e.V. und Ehefrau unseres pensionierten Deutschlehrers Ludwig Zimmermann. Sie las aus dem Buch \u201eWoodwalkers: Carags Verwandlung\u201c vor, das den Auftakt der Gestaltwandler-Buchreihe macht. Der Protagonist Carag lebt noch nicht so lang in der Menschenwelt, wenngleich er auch wie ein normaler Junge aussieht. Er ist ein Puma-Gestaltwandler und wuchs mit Bergl\u00f6wen in den Rocky Mountains auf. Doch nun befindet er sich in der \u201eClearwater High\u201c, einem geheimen Internat f\u00fcr Woodwalker wie ihn- auf dem er sich richtig wohlf\u00fchlt. Gemeinsam mit seinen Freunden, einem Bison und einem Roth\u00f6rnchen begibt er sich zahlreiche gef\u00e4hrliche Abenteuer. Die Sch\u00fcler, die noch nicht genug von diesem Roman bekommen konnten, k\u00f6nnen sich auf die Inszenierung im M\u00e4rz 2024 im PZ Meggen freuen, dessen Vorverkauf bereits l\u00e4uft.<\/p>\n<p style=\"text-align: justify;\">\u201e\u2018Letzte Nacht ist in die Ranzmeier-Villa eingebrochen worden.\u2018 [\u2026] \u201aLass uns loslegen! Da braucht die Polizei doch garantiert wieder Hilfe!\u2018\u201c &#8211; Kreisdirektor Philipp Scharfenbaum nahm die Kinder mit dem Buch \u201eGangster m\u00fcssen clever sein!\u201c von Kirsten Boie zu einer spannenden Detektivermittlung mit.\u00a0 Neugierig lauschten die Sch\u00fcler, wie die vier ungleichen und sehr originellen Detektive Jamie-Lee, Fee, Valentin und Mesut den T\u00e4tern auf die Spur kommen. Der Kinderkrimi entlockte den Sch\u00fclern neben Nervenkitzel auch schallendes Gel\u00e4chter. Nicht zuletzt deswegen gaben die Sch\u00fcler, die im Zuge des Deutschunterrichts ihren Mitsch\u00fclern referatsartig ihre Lieblingsb\u00fccher pr\u00e4sentieren, Herrn Scharfenbaum f\u00fcr seine \u201eBuchvorstellung\u201c die Note \u201esehr gut\u201c.<\/p>\n<p style=\"text-align: justify;\">Das Gymnasium Maria K\u00f6nigin bedankt sich bei Vera Schnell, Petra Zimmermann, Bj\u00f6rn Jarosz und Philipp Scharfenbaum f\u00fcr die Bereitschaft, diesen wichtigen Tag mitgestaltet zu haben, f\u00fcr die interessante und abwechslungsreiche Textauswahl, f\u00fcr das Reisen in Fantasiewelten-, die jedoch immer was mit der aktuellen Realit\u00e4t zu tun hatten- und daf\u00fcr, dass den Kindern nochmal bewusst wurde, wie sch\u00f6n Lesen und Vorlesen sein kann.<\/p>\n<p><em>Hanna Reuber<\/em><\/p>\n<p>&nbsp;<\/p>\n","protected":false},"excerpt":{"rendered":"<p>Am 17.November 2023 war es wieder so weit: Der Bundesweite Vorlesetag fand statt und so wurde auch an MK in den Jahrgangsstufen 5 und 6 aus Kinder- und Jugendb\u00fcchern vorgelesen.\u00a0Um der Bedeutsamkeit dieses Tages Rechnung zu tragen, lesen nicht die \u201etag-ein-tag-aus-gesehenen\u201c Lehrer vor, sondern regional bekannte Pers\u00f6nlichkeiten. So verbindet Vorlesen, passend zum diesj\u00e4hrigen Motto, miteinander [&hellip;]<\/p>\n","protected":false},"author":7,"featured_media":0,"comment_status":"closed","ping_status":"closed","sticky":false,"template":"","format":"standard","meta":{"ngg_post_thumbnail":0,"footnotes":""},"categories":[4],"tags":[],"class_list":["post-13201","post","type-post","status-publish","format-standard","hentry","category-aktuelles"],"_links":{"self":[{"href":"https:\/\/www.maria-koenigin.de\/index.php?rest_route=\/wp\/v2\/posts\/13201","targetHints":{"allow":["GET"]}}],"collection":[{"href":"https:\/\/www.maria-koenigin.de\/index.php?rest_route=\/wp\/v2\/posts"}],"about":[{"href":"https:\/\/www.maria-koenigin.de\/index.php?rest_route=\/wp\/v2\/types\/post"}],"author":[{"embeddable":true,"href":"https:\/\/www.maria-koenigin.de\/index.php?rest_route=\/wp\/v2\/users\/7"}],"replies":[{"embeddable":true,"href":"https:\/\/www.maria-koenigin.de\/index.php?rest_route=%2Fwp%2Fv2%2Fcomments&post=13201"}],"version-history":[{"count":1,"href":"https:\/\/www.maria-koenigin.de\/index.php?rest_route=\/wp\/v2\/posts\/13201\/revisions"}],"predecessor-version":[{"id":13206,"href":"https:\/\/www.maria-koenigin.de\/index.php?rest_route=\/wp\/v2\/posts\/13201\/revisions\/13206"}],"wp:attachment":[{"href":"https:\/\/www.maria-koenigin.de\/index.php?rest_route=%2Fwp%2Fv2%2Fmedia&parent=13201"}],"wp:term":[{"taxonomy":"category","embeddable":true,"href":"https:\/\/www.maria-koenigin.de\/index.php?rest_route=%2Fwp%2Fv2%2Fcategories&post=13201"},{"taxonomy":"post_tag","embeddable":true,"href":"https:\/\/www.maria-koenigin.de\/index.php?rest_route=%2Fwp%2Fv2%2Ftags&post=13201"}],"curies":[{"name":"wp","href":"https:\/\/api.w.org\/{rel}","templated":true}]}}