{"id":13228,"date":"2023-12-01T07:00:34","date_gmt":"2023-12-01T06:00:34","guid":{"rendered":"https:\/\/www.maria-koenigin.de\/?p=13228"},"modified":"2023-11-27T14:34:04","modified_gmt":"2023-11-27T13:34:04","slug":"lesung-von-und-mit-tobias-steinfeld-tupac-is-back","status":"publish","type":"post","link":"https:\/\/www.maria-koenigin.de\/?p=13228","title":{"rendered":"Lesung von und mit Tobias Steinfeld \u2013 \u201eTupac is back\u201c"},"content":{"rendered":"<p><img loading=\"lazy\" decoding=\"async\" class=\"alignright wp-image-13229 size-full\" src=\"http:\/\/www.maria-koenigin.de\/wordpress\/wp-content\/uploads\/2023\/11\/Autorenlesung23_1.jpg\" alt=\"\" width=\"640\" height=\"425\" srcset=\"https:\/\/www.maria-koenigin.de\/wordpress\/wp-content\/uploads\/2023\/11\/Autorenlesung23_1.jpg 640w, https:\/\/www.maria-koenigin.de\/wordpress\/wp-content\/uploads\/2023\/11\/Autorenlesung23_1-300x199.jpg 300w, https:\/\/www.maria-koenigin.de\/wordpress\/wp-content\/uploads\/2023\/11\/Autorenlesung23_1-624x414.jpg 624w\" sizes=\"auto, (max-width: 640px) 100vw, 640px\" \/>Im Rahmen des Literarischen Herbstes war jetzt der Autor Tobias Steinfeld an unserer Schule zu Gast. Er las bei den Klassen 8 aus seinem Jugendroman \u201eTupac is back\u201c.<\/p>\n<p style=\"text-align: justify;\">Der Roman \u201eTupac is back&#8220; handelt von zwei Jugendlichen, die glauben, ihr gro\u00dfes musikalisches Idol, den Rapper 2Pac in ihrem Wohnviertel erkannt zu haben. Cem und Eddy trauen ihren Augen nicht &#8211; ist 2Pac doch bereits 1996 ermordet worden. <!--more-->Nach und nach\u00a0freunden sie sich mit ihm an und sind fortan davon \u00fcberzeugt, den Gangsta-Rapper an ihrer Seite zu haben. Doch dieser ist weniger der klischeebehaftete Badboy aus dem Ghetto, der Drogen konsumiert, sich vulg\u00e4r ausdr\u00fcckt und Gewalt verherrlicht &#8211; vielmehr scheint er ein harmoniebed\u00fcrftiger Rentner zu sein. Ziemlich lahm &#8211; denken sich die zwei Jungs und wollen den Mann wieder auf seine Spur bringen. Mittels moderner, jugendlicher Sprache, Ausz\u00fcgen aus Raptexten, Witz und Spannung geraten die Jungs in gef\u00e4hrliche Schwierigkeiten&#8230;<\/p>\n<p style=\"text-align: justify;\"><img loading=\"lazy\" decoding=\"async\" class=\"alignright wp-image-13231 size-full\" src=\"http:\/\/www.maria-koenigin.de\/wordpress\/wp-content\/uploads\/2023\/11\/Buchcover.webp\" alt=\"\" width=\"387\" height=\"600\" srcset=\"https:\/\/www.maria-koenigin.de\/wordpress\/wp-content\/uploads\/2023\/11\/Buchcover.webp 387w, https:\/\/www.maria-koenigin.de\/wordpress\/wp-content\/uploads\/2023\/11\/Buchcover-194x300.webp 194w\" sizes=\"auto, (max-width: 387px) 100vw, 387px\" \/>.. was unsere Jungs und M\u00e4dchen an MK in vollen Z\u00fcgen genossen. Sie lauschten\u00a0dem Autor Tobias Steinfeld gebannt und am\u00fcsierten sich sichtlich, als der Jugendbuchautor\u00a0Stellen wie die folgende vorlas: \u201e[\u2026] [Damit waren] alle einverstanden, was irgendwie schei\u00dfe war, aber irgendwie auch gut. Und jetzt wohne ich am wahrscheinlich spie\u00dfigsten Stock-im-Dorf-Ort auf der Welt. [&#8230; ]&#8220;. Der ein oder andere Sch\u00fcler kannte sich in der Rap Szene richtig aus und konnte mit eigenen Erfahrungen die Lesung lebhaft mitgestalten. Aber auch Tobias Steinfeld selbst punktete bei den Sch\u00fclern in Sachen Sympathie, als er von sich und seinem Leben erz\u00e4hlte, 2Pac und Rap-Szenen mittels Youtube-Videos und Informationen vorstellte und im Anschluss an die Lesung Autogramme verteilte.<\/p>\n<p style=\"text-align: justify;\">Die Jugendlichen stellten dem Autor einige Fragen, angefangen \u00fcber seine anderen Romane, seinen Beruf als Schriftsteller bis hin zu seinem pers\u00f6nlichen Leben. Schnell wurde klar, dass die authentische Begegnung mit dem Autor Literatur interessant werden l\u00e4sst.\u00a0Und genau das m\u00f6chte der Literarische Herbst in Lennestadt erreichen: Das Projekt verfolgt vor allem die Zielsetzung, Kinder und Jugendliche (wieder mehr) zum Lesen zu animieren.<\/p>\n<p style=\"text-align: justify;\"><img loading=\"lazy\" decoding=\"async\" class=\"alignright wp-image-13230 size-full\" src=\"http:\/\/www.maria-koenigin.de\/wordpress\/wp-content\/uploads\/2023\/11\/Autorenlesung23_2.jpg\" alt=\"\" width=\"640\" height=\"425\" srcset=\"https:\/\/www.maria-koenigin.de\/wordpress\/wp-content\/uploads\/2023\/11\/Autorenlesung23_2.jpg 640w, https:\/\/www.maria-koenigin.de\/wordpress\/wp-content\/uploads\/2023\/11\/Autorenlesung23_2-300x199.jpg 300w, https:\/\/www.maria-koenigin.de\/wordpress\/wp-content\/uploads\/2023\/11\/Autorenlesung23_2-624x414.jpg 624w\" sizes=\"auto, (max-width: 640px) 100vw, 640px\" \/><\/p>\n<p style=\"text-align: justify;\">Das Gymnasium Maria K\u00f6nigin bedankt sich bei den Organisatoren, unter anderem unserem ehemaligen Lehrer Gerd-Peter Zapp, vor allem aber bei Tobias Steinfeld, f\u00fcr die Bereitschaft, Lesef\u00f6rderung voranzutreiben. Schlussendlich kann bilanziert werden, dass, besonders durch die authentische Begegnung mit dem Autor selbst, eben dieses Ziel erreicht wird. So res\u00fcmiert auch eine Sch\u00fclerin der 8c: \u201eWenn man dem Autor selbst zuh\u00f6ren kann, wie er aus seinem eigenen Buch vorliest, ist das schon ein besonderes Erlebnis! Wir konnten direkt Fragen stellen zur Geschichte oder dazu, wie er \u00fcberhaupt auf die Idee gekommen ist, diese so zu schreiben. Das war total interessant.\u201c<\/p>\n<p style=\"text-align: justify;\"><img loading=\"lazy\" decoding=\"async\" class=\"alignright wp-image-13232 size-full\" src=\"http:\/\/www.maria-koenigin.de\/wordpress\/wp-content\/uploads\/2023\/11\/Autorenlesung23_3.jpg\" alt=\"\" width=\"640\" height=\"425\" srcset=\"https:\/\/www.maria-koenigin.de\/wordpress\/wp-content\/uploads\/2023\/11\/Autorenlesung23_3.jpg 640w, https:\/\/www.maria-koenigin.de\/wordpress\/wp-content\/uploads\/2023\/11\/Autorenlesung23_3-300x199.jpg 300w, https:\/\/www.maria-koenigin.de\/wordpress\/wp-content\/uploads\/2023\/11\/Autorenlesung23_3-624x414.jpg 624w\" sizes=\"auto, (max-width: 640px) 100vw, 640px\" \/>Der Jugendbuchautor Tobias Steinfeld lebt in D\u00fcsseldorf und bietet neben den Lesungen seiner eigenen Romane auch Schreibwerkst\u00e4tten an. Er studierte Germanistik und Kommunikationswissenschaft und jobbte w\u00e4hrenddessen als Integrationshelfer an einer F\u00f6rderschule, was ihn auch auf die Idee brachte, das Jugendbuch \u201eSchei\u00dfe bauen: Sehr gut\u201c zu schreiben. Weiter erschienen ist der Jugendroman \u201eKein Plan&#8220; (alle Thienemann-Esslinger-Verlag). Wer mehr \u00fcber den Autor Tobias Steinfeld erfahren m\u00f6chte, kann sich auf der Homepage des Friedrich-B\u00f6decker-Kreises informieren: <a href=\"https:\/\/www.boedecker-kreis-nrw.de\/tobias-steinfeld\">https:\/\/www.boedecker-kreis-nrw.de\/tobias-steinfeld<\/a>.<\/p>\n<p style=\"text-align: justify;\"><em>Hanna Reuber<\/em><\/p>\n","protected":false},"excerpt":{"rendered":"<p>Im Rahmen des Literarischen Herbstes war jetzt der Autor Tobias Steinfeld an unserer Schule zu Gast. Er las bei den Klassen 8 aus seinem Jugendroman \u201eTupac is back\u201c. Der Roman \u201eTupac is back&#8220; handelt von zwei Jugendlichen, die glauben, ihr gro\u00dfes musikalisches Idol, den Rapper 2Pac in ihrem Wohnviertel erkannt zu haben. Cem und Eddy [&hellip;]<\/p>\n","protected":false},"author":7,"featured_media":0,"comment_status":"closed","ping_status":"closed","sticky":false,"template":"","format":"standard","meta":{"ngg_post_thumbnail":0,"footnotes":""},"categories":[4],"tags":[],"class_list":["post-13228","post","type-post","status-publish","format-standard","hentry","category-aktuelles"],"_links":{"self":[{"href":"https:\/\/www.maria-koenigin.de\/index.php?rest_route=\/wp\/v2\/posts\/13228","targetHints":{"allow":["GET"]}}],"collection":[{"href":"https:\/\/www.maria-koenigin.de\/index.php?rest_route=\/wp\/v2\/posts"}],"about":[{"href":"https:\/\/www.maria-koenigin.de\/index.php?rest_route=\/wp\/v2\/types\/post"}],"author":[{"embeddable":true,"href":"https:\/\/www.maria-koenigin.de\/index.php?rest_route=\/wp\/v2\/users\/7"}],"replies":[{"embeddable":true,"href":"https:\/\/www.maria-koenigin.de\/index.php?rest_route=%2Fwp%2Fv2%2Fcomments&post=13228"}],"version-history":[{"count":1,"href":"https:\/\/www.maria-koenigin.de\/index.php?rest_route=\/wp\/v2\/posts\/13228\/revisions"}],"predecessor-version":[{"id":13233,"href":"https:\/\/www.maria-koenigin.de\/index.php?rest_route=\/wp\/v2\/posts\/13228\/revisions\/13233"}],"wp:attachment":[{"href":"https:\/\/www.maria-koenigin.de\/index.php?rest_route=%2Fwp%2Fv2%2Fmedia&parent=13228"}],"wp:term":[{"taxonomy":"category","embeddable":true,"href":"https:\/\/www.maria-koenigin.de\/index.php?rest_route=%2Fwp%2Fv2%2Fcategories&post=13228"},{"taxonomy":"post_tag","embeddable":true,"href":"https:\/\/www.maria-koenigin.de\/index.php?rest_route=%2Fwp%2Fv2%2Ftags&post=13228"}],"curies":[{"name":"wp","href":"https:\/\/api.w.org\/{rel}","templated":true}]}}