{"id":13253,"date":"2023-12-06T19:11:40","date_gmt":"2023-12-06T18:11:40","guid":{"rendered":"https:\/\/www.maria-koenigin.de\/?p=13253"},"modified":"2023-12-06T19:20:55","modified_gmt":"2023-12-06T18:20:55","slug":"spannendes-medienprojekt-an-grundschulen-zweite-runde","status":"publish","type":"post","link":"https:\/\/www.maria-koenigin.de\/?p=13253","title":{"rendered":"Spannendes Medienprojekt an Grundschulen &#8211; zweite Runde"},"content":{"rendered":"<p style=\"text-align: justify;\"><img loading=\"lazy\" decoding=\"async\" class=\"alignright wp-image-13254 size-full\" src=\"http:\/\/www.maria-koenigin.de\/wordpress\/wp-content\/uploads\/2023\/12\/IPAD-PROJEKTkl.jpg\" alt=\"\" width=\"640\" height=\"480\" srcset=\"https:\/\/www.maria-koenigin.de\/wordpress\/wp-content\/uploads\/2023\/12\/IPAD-PROJEKTkl.jpg 640w, https:\/\/www.maria-koenigin.de\/wordpress\/wp-content\/uploads\/2023\/12\/IPAD-PROJEKTkl-300x225.jpg 300w, https:\/\/www.maria-koenigin.de\/wordpress\/wp-content\/uploads\/2023\/12\/IPAD-PROJEKTkl-624x468.jpg 624w\" sizes=\"auto, (max-width: 640px) 100vw, 640px\" \/>\u201eMir hat heute alles super gefallen, seid ihr morgen wieder da?\u201c \u2013 dieses Feedback einer Grundsch\u00fclerin auf die Frage, was ihr an diesem Tag am besten gefallen habe, zeigt exemplarisch, dass auch im zweiten Durchgang des Medienbildungsprojektes der Spa\u00df im Vordergrund stand. In den letzten zweieinhalb Monaten haben insgesamt 61 Sch\u00fclerinnen und Sch\u00fcler aus den Jahrgangsstufen 9 bis Q2 im Umkreis von Lennestadt 15 Grundschulen besucht, um ihr umfangreiches Wissen zu den digitalen Medien und zum Umgang mit dem iPad an die Grundsch\u00fclerinnen und Grundsch\u00fcler weiterzugeben.<!--more--><\/p>\n<p style=\"text-align: justify;\"><img loading=\"lazy\" decoding=\"async\" class=\"alignright wp-image-13255 size-full\" src=\"http:\/\/www.maria-koenigin.de\/wordpress\/wp-content\/uploads\/2023\/12\/IPAD-PROJEKT2kl.jpg\" alt=\"\" width=\"640\" height=\"480\" srcset=\"https:\/\/www.maria-koenigin.de\/wordpress\/wp-content\/uploads\/2023\/12\/IPAD-PROJEKT2kl.jpg 640w, https:\/\/www.maria-koenigin.de\/wordpress\/wp-content\/uploads\/2023\/12\/IPAD-PROJEKT2kl-300x225.jpg 300w, https:\/\/www.maria-koenigin.de\/wordpress\/wp-content\/uploads\/2023\/12\/IPAD-PROJEKT2kl-624x468.jpg 624w\" sizes=\"auto, (max-width: 640px) 100vw, 640px\" \/>Die Grundsch\u00fclerinnen und Grundsch\u00fcler der dritten und vierten Klassen haben dabei an jeweils vierst\u00fcndigen Projekttagen hochmotiviert teilgenommen und mit sichtlicher Begeisterung vielf\u00e4ltige Anwendungen mit dem iPad kennengelernt und aktiv selbst entdeckt. Beispielsweise haben sie Donald Duck Datenschutztipps gegeben, damit ihn in seiner neuen Identit\u00e4t Ronald nicht direkt jeder erkennt, pl\u00f6tzlich den Planeten Erde in der Hand gehalten und bei der Begegnung mit einer k\u00fcnstlichen Intelligenz deren Funktionsweise untersucht. Schnell wurde deutlich, dass die Grundsch\u00fcler fl\u00e4chendeckend \u00fcber tolle Grundkompetenzen im Bereich der digitalen Medien verf\u00fcgen, an denen im Rahmen des Projektes nahtlos angekn\u00fcpft werden konnte, um sie zu erweitern.<\/p>\n<p style=\"text-align: justify;\"><img loading=\"lazy\" decoding=\"async\" class=\"alignright wp-image-13256 size-full\" src=\"http:\/\/www.maria-koenigin.de\/wordpress\/wp-content\/uploads\/2023\/12\/IPAD-PROJEKT3kl.jpg\" alt=\"\" width=\"640\" height=\"480\" srcset=\"https:\/\/www.maria-koenigin.de\/wordpress\/wp-content\/uploads\/2023\/12\/IPAD-PROJEKT3kl.jpg 640w, https:\/\/www.maria-koenigin.de\/wordpress\/wp-content\/uploads\/2023\/12\/IPAD-PROJEKT3kl-300x225.jpg 300w, https:\/\/www.maria-koenigin.de\/wordpress\/wp-content\/uploads\/2023\/12\/IPAD-PROJEKT3kl-624x468.jpg 624w\" sizes=\"auto, (max-width: 640px) 100vw, 640px\" \/>Auch bei den Sch\u00fclerinnen und Sch\u00fclern des Gymnasiums Maria K\u00f6nigin werden die Besuche an den Grundschulen in guter Erinnerung bleiben. Viele von ihnen haben es genossen, ihre alte Grundschule und damit in vielen F\u00e4llen ihre Grundschullehrerinnen und -lehrer wiederzusehen und gemeinsam sch\u00f6ne Erinnerungen nochmal aufleben zu lassen. Dabei konnten sie erste Erfahrungen in der Rolle als Lehrperson sammeln, indem sie selbstst\u00e4ndig in 2er-Teams einen ganzen Schulmorgen mit der Weitergabe ihrer F\u00e4higkeiten an die Grundsch\u00fclerinnen und Grundsch\u00fcler gestaltet haben. Durch ihr kompetentes und motivierendes Auftreten gelang es den MK-Nachwuchslehrern neben ihrem Wissen auch ihren Spa\u00df an die Grundsch\u00fcler weiterzugeben \u2013 eine tolle Leistung, auf die sie stolz sein k\u00f6nnen!<\/p>\n<p style=\"text-align: justify;\"><img loading=\"lazy\" decoding=\"async\" class=\"alignright wp-image-13257 size-full\" src=\"http:\/\/www.maria-koenigin.de\/wordpress\/wp-content\/uploads\/2023\/12\/Bildschirmfoto-2023-12-04-um-17.35.27klein.jpg\" alt=\"\" width=\"640\" height=\"358\" srcset=\"https:\/\/www.maria-koenigin.de\/wordpress\/wp-content\/uploads\/2023\/12\/Bildschirmfoto-2023-12-04-um-17.35.27klein.jpg 640w, https:\/\/www.maria-koenigin.de\/wordpress\/wp-content\/uploads\/2023\/12\/Bildschirmfoto-2023-12-04-um-17.35.27klein-300x168.jpg 300w, https:\/\/www.maria-koenigin.de\/wordpress\/wp-content\/uploads\/2023\/12\/Bildschirmfoto-2023-12-04-um-17.35.27klein-624x349.jpg 624w\" sizes=\"auto, (max-width: 640px) 100vw, 640px\" \/>Mit spannendem Feedback im Gep\u00e4ck haben die Medienscouts und betreuenden Lehrerinnen und Lehrer wieder ihren Weg an das Gymnasium Maria K\u00f6nigin gefunden, um das Programm weiterzuentwickeln und zu optimieren. Beide Seiten und insbesondere die Sch\u00fcler der zweiten Klassen, die dieses Jahr nur in den Pausen zugucken konnten, freuen sich auf einen n\u00e4chsten Durchgang des Projektes. Dieser findet zwar nicht morgen, aber hoffentlich im kommenden Schuljahr statt.<\/p>\n<p><em>Jennifer Stahl und Daniel Eickhoff<\/em><\/p>\n","protected":false},"excerpt":{"rendered":"<p>\u201eMir hat heute alles super gefallen, seid ihr morgen wieder da?\u201c \u2013 dieses Feedback einer Grundsch\u00fclerin auf die Frage, was ihr an diesem Tag am besten gefallen habe, zeigt exemplarisch, dass auch im zweiten Durchgang des Medienbildungsprojektes der Spa\u00df im Vordergrund stand. In den letzten zweieinhalb Monaten haben insgesamt 61 Sch\u00fclerinnen und Sch\u00fcler aus den [&hellip;]<\/p>\n","protected":false},"author":7,"featured_media":0,"comment_status":"closed","ping_status":"closed","sticky":false,"template":"","format":"standard","meta":{"ngg_post_thumbnail":0,"footnotes":""},"categories":[4],"tags":[],"class_list":["post-13253","post","type-post","status-publish","format-standard","hentry","category-aktuelles"],"_links":{"self":[{"href":"https:\/\/www.maria-koenigin.de\/index.php?rest_route=\/wp\/v2\/posts\/13253","targetHints":{"allow":["GET"]}}],"collection":[{"href":"https:\/\/www.maria-koenigin.de\/index.php?rest_route=\/wp\/v2\/posts"}],"about":[{"href":"https:\/\/www.maria-koenigin.de\/index.php?rest_route=\/wp\/v2\/types\/post"}],"author":[{"embeddable":true,"href":"https:\/\/www.maria-koenigin.de\/index.php?rest_route=\/wp\/v2\/users\/7"}],"replies":[{"embeddable":true,"href":"https:\/\/www.maria-koenigin.de\/index.php?rest_route=%2Fwp%2Fv2%2Fcomments&post=13253"}],"version-history":[{"count":3,"href":"https:\/\/www.maria-koenigin.de\/index.php?rest_route=\/wp\/v2\/posts\/13253\/revisions"}],"predecessor-version":[{"id":13260,"href":"https:\/\/www.maria-koenigin.de\/index.php?rest_route=\/wp\/v2\/posts\/13253\/revisions\/13260"}],"wp:attachment":[{"href":"https:\/\/www.maria-koenigin.de\/index.php?rest_route=%2Fwp%2Fv2%2Fmedia&parent=13253"}],"wp:term":[{"taxonomy":"category","embeddable":true,"href":"https:\/\/www.maria-koenigin.de\/index.php?rest_route=%2Fwp%2Fv2%2Fcategories&post=13253"},{"taxonomy":"post_tag","embeddable":true,"href":"https:\/\/www.maria-koenigin.de\/index.php?rest_route=%2Fwp%2Fv2%2Ftags&post=13253"}],"curies":[{"name":"wp","href":"https:\/\/api.w.org\/{rel}","templated":true}]}}