{"id":14243,"date":"2024-04-29T23:51:42","date_gmt":"2024-04-29T21:51:42","guid":{"rendered":"https:\/\/www.maria-koenigin.de\/?p=14243"},"modified":"2024-04-29T23:51:42","modified_gmt":"2024-04-29T21:51:42","slug":"cool-was-fuer-die-umwelt-und-andere-menschen-zu-tun","status":"publish","type":"post","link":"https:\/\/www.maria-koenigin.de\/?p=14243","title":{"rendered":"&#8222;Cool, was f\u00fcr die Umwelt und andere Menschen zu tun&#8220;"},"content":{"rendered":"<p style=\"text-align: justify;\"><img loading=\"lazy\" decoding=\"async\" class=\"alignright wp-image-14245 size-full\" src=\"http:\/\/www.maria-koenigin.de\/wordpress\/wp-content\/uploads\/2024\/04\/Servir-72Stunden-4-kl.jpg\" alt=\"\" width=\"640\" height=\"166\" srcset=\"https:\/\/www.maria-koenigin.de\/wordpress\/wp-content\/uploads\/2024\/04\/Servir-72Stunden-4-kl.jpg 640w, https:\/\/www.maria-koenigin.de\/wordpress\/wp-content\/uploads\/2024\/04\/Servir-72Stunden-4-kl-300x78.jpg 300w, https:\/\/www.maria-koenigin.de\/wordpress\/wp-content\/uploads\/2024\/04\/Servir-72Stunden-4-kl-624x162.jpg 624w\" sizes=\"auto, (max-width: 640px) 100vw, 640px\" \/>\u201eEs war cool, was f\u00fcr die Umwelt und andere Menschen zu tun\u201c, so die Bilanz einer F\u00fcnftkl\u00e4sslerin am Ende ihres Einsatzes bei der 72Stunden-Aktion.\u00a0 Alle drei Klassen 5 haben an der 72-Stunden Aktion mit dem Servir e.V. sehr erfolgreich teilgenommen und den Berg aus flei\u00dfig gesammeltem Alu-M\u00fcll sortiert, Teelichter ausgedr\u00fcckt und Alu-Ballen gepresst. <!--more--><img loading=\"lazy\" decoding=\"async\" class=\"alignright wp-image-14244 size-full\" src=\"http:\/\/www.maria-koenigin.de\/wordpress\/wp-content\/uploads\/2024\/04\/Servir-72-Stunden-3-kl.jpg\" alt=\"\" width=\"640\" height=\"853\" srcset=\"https:\/\/www.maria-koenigin.de\/wordpress\/wp-content\/uploads\/2024\/04\/Servir-72-Stunden-3-kl.jpg 640w, https:\/\/www.maria-koenigin.de\/wordpress\/wp-content\/uploads\/2024\/04\/Servir-72-Stunden-3-kl-225x300.jpg 225w, https:\/\/www.maria-koenigin.de\/wordpress\/wp-content\/uploads\/2024\/04\/Servir-72-Stunden-3-kl-624x832.jpg 624w\" sizes=\"auto, (max-width: 640px) 100vw, 640px\" \/>Am Donnerstag, 18. April begann die Aktion mit einer gemeinsamen Veranstaltung f\u00fcr alle Teilnehmer der 72-Stunden-Aktion aus dem Kreis Olpe in der Klosterkirche. Die Klasse 5a startete, ausgestattet mit passenden T-Shirts, mit der Aktion und \u00fcbernachtete in der Turnhalle. Im Jugendhof wurde mit einem leckeren Abendessen und einem st\u00e4rkenden Fr\u00fchst\u00fcck nach einer langen Nacht f\u00fcr das leibliche Wohl der flei\u00dfigen Helferinnen und Helfer gesorgt, gen\u00fcgend Pausen sorgten f\u00fcr Spiel und Spa\u00df.<\/p>\n<p style=\"text-align: justify;\"><img loading=\"lazy\" decoding=\"async\" class=\"alignleft wp-image-14246\" src=\"http:\/\/www.maria-koenigin.de\/wordpress\/wp-content\/uploads\/2024\/04\/Servir-72-Stunden-1-kl-576x1024.jpg\" alt=\"\" width=\"620\" height=\"1102\" srcset=\"https:\/\/www.maria-koenigin.de\/wordpress\/wp-content\/uploads\/2024\/04\/Servir-72-Stunden-1-kl-576x1024.jpg 576w, https:\/\/www.maria-koenigin.de\/wordpress\/wp-content\/uploads\/2024\/04\/Servir-72-Stunden-1-kl-169x300.jpg 169w, https:\/\/www.maria-koenigin.de\/wordpress\/wp-content\/uploads\/2024\/04\/Servir-72-Stunden-1-kl-624x1110.jpg 624w, https:\/\/www.maria-koenigin.de\/wordpress\/wp-content\/uploads\/2024\/04\/Servir-72-Stunden-1-kl.jpg 640w\" sizes=\"auto, (max-width: 620px) 100vw, 620px\" \/>Anne Lingemann hat mit Unterst\u00fctzung von Kollegen die Sch\u00fclerinnen und Sch\u00fcler betreut. Insbesondere die Sch\u00fclerinnen der AG aus der Klasse 10, Martha, Ruth, Theresa und Nina und die Klassenpatinnen Fiona, Magdalena und Maja haben die F\u00fcnftkl\u00e4ssler engagiert begleitet. Am Freitagnachmittag \u00fcbernahm die Klasse 5c die Staffel bis Samstagmittag und verkleinerte den Alu-Berg betr\u00e4chtlich. In kleinen Gruppen wurde Alu sortiert oder das Material \u201eAluminium\u201c in den Physikr\u00e4umen der Schule durch Stationenlernen und Filme kennengelernt und erkundet zusammen mit den 10-Kl\u00e4sslern Martha und Fiona.<\/p>\n<p style=\"text-align: justify;\"><img loading=\"lazy\" decoding=\"async\" class=\"alignright wp-image-14247 size-full\" src=\"http:\/\/www.maria-koenigin.de\/wordpress\/wp-content\/uploads\/2024\/04\/Servir-72Stunden-5kl.jpg\" alt=\"\" width=\"640\" height=\"852\" srcset=\"https:\/\/www.maria-koenigin.de\/wordpress\/wp-content\/uploads\/2024\/04\/Servir-72Stunden-5kl.jpg 640w, https:\/\/www.maria-koenigin.de\/wordpress\/wp-content\/uploads\/2024\/04\/Servir-72Stunden-5kl-225x300.jpg 225w, https:\/\/www.maria-koenigin.de\/wordpress\/wp-content\/uploads\/2024\/04\/Servir-72Stunden-5kl-624x831.jpg 624w\" sizes=\"auto, (max-width: 640px) 100vw, 640px\" \/>\u201eWir haben viel \u00fcber Aluminium gelernt. \u00dcber seine vorteilhafte Seite, aber auch \u00fcber die umwelt- und gesundheitlichen Sch\u00e4den\u201c, so ein Sch\u00fcler der 5c. \u201eUnd ich wei\u00df jetzt, was ich nicht kaufen darf und was Aluminium alles kaputt macht\u201c, erg\u00e4nzt sein Freund. Von Samstag auf Sonntag durfte dann die 5b die letzten Alu-S\u00e4cke leeren und sortieren: \u201eAus einem riesigen Berg aus T\u00fcten mit Aluminium ist in drei Tagen ein kleines H\u00e4ufchen geworden\u201c, stellte ein Sch\u00fcler begeistert fest. Die teilnehmenden Sch\u00fclerinnen und Sch\u00fcler waren nach wenig Schlaf sehr m\u00fcde, hatten als Klasse eine \u201elustige und interessante\u201c Zeit \u2013 und haben dabei einen gro\u00dfen Beitrag f\u00fcr die Umwelt und die Kinder im Pundamilla leisten k\u00f6nnen. \u201eDas Gef\u00fchl anderen zu helfen, ihnen Hoffnung auf ein besseres Leben zu geben, war sch\u00f6n\u201c, so eine Sch\u00fclerin.\u00a0<img loading=\"lazy\" decoding=\"async\" class=\"alignright wp-image-14248 size-full\" src=\"http:\/\/www.maria-koenigin.de\/wordpress\/wp-content\/uploads\/2024\/04\/Servir-72Stunden-2kl.jpg\" alt=\"\" width=\"640\" height=\"480\" srcset=\"https:\/\/www.maria-koenigin.de\/wordpress\/wp-content\/uploads\/2024\/04\/Servir-72Stunden-2kl.jpg 640w, https:\/\/www.maria-koenigin.de\/wordpress\/wp-content\/uploads\/2024\/04\/Servir-72Stunden-2kl-300x225.jpg 300w, https:\/\/www.maria-koenigin.de\/wordpress\/wp-content\/uploads\/2024\/04\/Servir-72Stunden-2kl-624x468.jpg 624w\" sizes=\"auto, (max-width: 640px) 100vw, 640px\" \/><\/p>\n<p>&nbsp;<\/p>\n","protected":false},"excerpt":{"rendered":"<p>\u201eEs war cool, was f\u00fcr die Umwelt und andere Menschen zu tun\u201c, so die Bilanz einer F\u00fcnftkl\u00e4sslerin am Ende ihres Einsatzes bei der 72Stunden-Aktion.\u00a0 Alle drei Klassen 5 haben an der 72-Stunden Aktion mit dem Servir e.V. sehr erfolgreich teilgenommen und den Berg aus flei\u00dfig gesammeltem Alu-M\u00fcll sortiert, Teelichter ausgedr\u00fcckt und Alu-Ballen gepresst.<\/p>\n","protected":false},"author":7,"featured_media":0,"comment_status":"closed","ping_status":"closed","sticky":false,"template":"","format":"standard","meta":{"ngg_post_thumbnail":0,"footnotes":""},"categories":[4],"tags":[],"class_list":["post-14243","post","type-post","status-publish","format-standard","hentry","category-aktuelles"],"_links":{"self":[{"href":"https:\/\/www.maria-koenigin.de\/index.php?rest_route=\/wp\/v2\/posts\/14243","targetHints":{"allow":["GET"]}}],"collection":[{"href":"https:\/\/www.maria-koenigin.de\/index.php?rest_route=\/wp\/v2\/posts"}],"about":[{"href":"https:\/\/www.maria-koenigin.de\/index.php?rest_route=\/wp\/v2\/types\/post"}],"author":[{"embeddable":true,"href":"https:\/\/www.maria-koenigin.de\/index.php?rest_route=\/wp\/v2\/users\/7"}],"replies":[{"embeddable":true,"href":"https:\/\/www.maria-koenigin.de\/index.php?rest_route=%2Fwp%2Fv2%2Fcomments&post=14243"}],"version-history":[{"count":1,"href":"https:\/\/www.maria-koenigin.de\/index.php?rest_route=\/wp\/v2\/posts\/14243\/revisions"}],"predecessor-version":[{"id":14249,"href":"https:\/\/www.maria-koenigin.de\/index.php?rest_route=\/wp\/v2\/posts\/14243\/revisions\/14249"}],"wp:attachment":[{"href":"https:\/\/www.maria-koenigin.de\/index.php?rest_route=%2Fwp%2Fv2%2Fmedia&parent=14243"}],"wp:term":[{"taxonomy":"category","embeddable":true,"href":"https:\/\/www.maria-koenigin.de\/index.php?rest_route=%2Fwp%2Fv2%2Fcategories&post=14243"},{"taxonomy":"post_tag","embeddable":true,"href":"https:\/\/www.maria-koenigin.de\/index.php?rest_route=%2Fwp%2Fv2%2Ftags&post=14243"}],"curies":[{"name":"wp","href":"https:\/\/api.w.org\/{rel}","templated":true}]}}