{"id":14302,"date":"2024-05-21T09:00:31","date_gmt":"2024-05-21T07:00:31","guid":{"rendered":"https:\/\/www.maria-koenigin.de\/?p=14302"},"modified":"2024-05-18T14:47:45","modified_gmt":"2024-05-18T12:47:45","slug":"wir-feiern-das-lesen","status":"publish","type":"post","link":"https:\/\/www.maria-koenigin.de\/?p=14302","title":{"rendered":"Wir feiern das Lesen!"},"content":{"rendered":"<p style=\"text-align: justify;\"><em><img loading=\"lazy\" decoding=\"async\" class=\"alignright wp-image-14303 size-full\" src=\"http:\/\/www.maria-koenigin.de\/wordpress\/wp-content\/uploads\/2024\/05\/Tag-des-Buches-1.jpg\" alt=\"\" width=\"640\" height=\"672\" srcset=\"https:\/\/www.maria-koenigin.de\/wordpress\/wp-content\/uploads\/2024\/05\/Tag-des-Buches-1.jpg 640w, https:\/\/www.maria-koenigin.de\/wordpress\/wp-content\/uploads\/2024\/05\/Tag-des-Buches-1-286x300.jpg 286w, https:\/\/www.maria-koenigin.de\/wordpress\/wp-content\/uploads\/2024\/05\/Tag-des-Buches-1-624x655.jpg 624w\" sizes=\"auto, (max-width: 640px) 100vw, 640px\" \/><\/em>\u201eB\u00fccher sind fliegende Teppiche ins Reich der Fantasie.\u201c \u2013 Besser k\u00f6nnte man den Wert des Lesens nicht auf den Punkt bringen, als es der amerikanische Schriftsteller James Daniel tat. In unserer heutigen Gesellschaft, die von Schnelligkeit und Digitalit\u00e4t gepr\u00e4gt ist, erscheint das Fl\u00fcchten in Fantasiewelten umso wichtiger denn je. Und genau auf diese Reise konnten sich unsere F\u00fcnftkl\u00e4ssler jetzt machen, mit Hilfe von Frau Schnell aus der Buchhandlung Hamm in Altenhundem.<!--more--><\/p>\n<p style=\"text-align: justify;\">Jedes Jahr findet der UNESCO-Welttag des Buches statt, ein weltweiter Feiertag, der das Lesen ganz besonders in den Mittelpunkt r\u00fccken soll. Seit 1996 findet dieser allj\u00e4hrlich am 23.April in Deutschland statt \u2013 \u00fcbrigens ein Datum, an dem William Shakespeare sowie Miguel Cervantes verstorben sind. Traditionell schenken die ortsans\u00e4ssigen Buchhandlungen den Viert- und F\u00fcnftkl\u00e4sslern das jeweilige ausgew\u00e4hlte Welttags-Buch, passend zum Slogan \u201eIch schenk dir eine Geschichte\u201c.<\/p>\n<p style=\"text-align: justify;\"><img loading=\"lazy\" decoding=\"async\" class=\"alignright wp-image-14304 size-full\" src=\"http:\/\/www.maria-koenigin.de\/wordpress\/wp-content\/uploads\/2024\/05\/Tag-des-Lesens-3.jpg\" alt=\"\" width=\"640\" height=\"480\" srcset=\"https:\/\/www.maria-koenigin.de\/wordpress\/wp-content\/uploads\/2024\/05\/Tag-des-Lesens-3.jpg 640w, https:\/\/www.maria-koenigin.de\/wordpress\/wp-content\/uploads\/2024\/05\/Tag-des-Lesens-3-300x225.jpg 300w, https:\/\/www.maria-koenigin.de\/wordpress\/wp-content\/uploads\/2024\/05\/Tag-des-Lesens-3-624x468.jpg 624w\" sizes=\"auto, (max-width: 640px) 100vw, 640px\" \/>Wer k\u00f6nnte den Kindern das Lesen mehr ans Herz legen, als eine Buchh\u00e4ndlerin? Wir konnten niemanden finden, der Lesefreude mehr vermitteln k\u00f6nnte, und sind umso gl\u00fccklicher, dass Frau Schnell aus der Buchhandlung Hamm in Altenhundem sich am Vormittag Zeit genommen hat, den diesj\u00e4hrigen Comicroman pr\u00e4sentieren und verschenken zu k\u00f6nnen. So kam sie mit den jungen Lesern ins Gespr\u00e4ch \u00fcber Buchhandlungen, B\u00fccher, das Lesen und viele weitere, sehr wichtige Aspekte, die unser allt\u00e4gliches Leben betreffen.<\/p>\n<p style=\"text-align: justify;\"><img loading=\"lazy\" decoding=\"async\" class=\"alignright wp-image-14305 size-full\" src=\"http:\/\/www.maria-koenigin.de\/wordpress\/wp-content\/uploads\/2024\/05\/Tag-des-Buches-2.jpg\" alt=\"\" width=\"640\" height=\"853\" srcset=\"https:\/\/www.maria-koenigin.de\/wordpress\/wp-content\/uploads\/2024\/05\/Tag-des-Buches-2.jpg 640w, https:\/\/www.maria-koenigin.de\/wordpress\/wp-content\/uploads\/2024\/05\/Tag-des-Buches-2-225x300.jpg 225w, https:\/\/www.maria-koenigin.de\/wordpress\/wp-content\/uploads\/2024\/05\/Tag-des-Buches-2-624x832.jpg 624w\" sizes=\"auto, (max-width: 640px) 100vw, 640px\" \/>Das diesj\u00e4hrige Welttags-Buch ist ein Comic-Roman von Anke Girod und Timo Grubing mit dem Titel \u201eMission Roboter \u2013 Ein spannender Fall f\u00fcr die Gl\u00fccksagentur\u201c. Es handelt von den Protagonisten Mila und Baran, die eines Tages einen kleinen Roboter mit Namen A3B3 finden. Diese kleine Maschine ist jedoch nicht wie alle anderen \u2013 und die Kinder finden heraus, woher er kommt, welchen \u201eDefekt\u201c er tr\u00e4gt und landen in einem spannenden Abenteuer\u2026 Sehr aktuell und f\u00fcr Kinder verst\u00e4ndlich erz\u00e4hlt die Geschichte \u00fcber KI, Emotionen und regt zum Nachdenken \u00fcber technische Errungenschaften an.<\/p>\n<p><em>Hanna Stahl<\/em><\/p>\n","protected":false},"excerpt":{"rendered":"<p>\u201eB\u00fccher sind fliegende Teppiche ins Reich der Fantasie.\u201c \u2013 Besser k\u00f6nnte man den Wert des Lesens nicht auf den Punkt bringen, als es der amerikanische Schriftsteller James Daniel tat. In unserer heutigen Gesellschaft, die von Schnelligkeit und Digitalit\u00e4t gepr\u00e4gt ist, erscheint das Fl\u00fcchten in Fantasiewelten umso wichtiger denn je. Und genau auf diese Reise konnten [&hellip;]<\/p>\n","protected":false},"author":7,"featured_media":0,"comment_status":"closed","ping_status":"closed","sticky":false,"template":"","format":"standard","meta":{"ngg_post_thumbnail":0,"footnotes":""},"categories":[4],"tags":[],"class_list":["post-14302","post","type-post","status-publish","format-standard","hentry","category-aktuelles"],"_links":{"self":[{"href":"https:\/\/www.maria-koenigin.de\/index.php?rest_route=\/wp\/v2\/posts\/14302","targetHints":{"allow":["GET"]}}],"collection":[{"href":"https:\/\/www.maria-koenigin.de\/index.php?rest_route=\/wp\/v2\/posts"}],"about":[{"href":"https:\/\/www.maria-koenigin.de\/index.php?rest_route=\/wp\/v2\/types\/post"}],"author":[{"embeddable":true,"href":"https:\/\/www.maria-koenigin.de\/index.php?rest_route=\/wp\/v2\/users\/7"}],"replies":[{"embeddable":true,"href":"https:\/\/www.maria-koenigin.de\/index.php?rest_route=%2Fwp%2Fv2%2Fcomments&post=14302"}],"version-history":[{"count":1,"href":"https:\/\/www.maria-koenigin.de\/index.php?rest_route=\/wp\/v2\/posts\/14302\/revisions"}],"predecessor-version":[{"id":14306,"href":"https:\/\/www.maria-koenigin.de\/index.php?rest_route=\/wp\/v2\/posts\/14302\/revisions\/14306"}],"wp:attachment":[{"href":"https:\/\/www.maria-koenigin.de\/index.php?rest_route=%2Fwp%2Fv2%2Fmedia&parent=14302"}],"wp:term":[{"taxonomy":"category","embeddable":true,"href":"https:\/\/www.maria-koenigin.de\/index.php?rest_route=%2Fwp%2Fv2%2Fcategories&post=14302"},{"taxonomy":"post_tag","embeddable":true,"href":"https:\/\/www.maria-koenigin.de\/index.php?rest_route=%2Fwp%2Fv2%2Ftags&post=14302"}],"curies":[{"name":"wp","href":"https:\/\/api.w.org\/{rel}","templated":true}]}}