{"id":14309,"date":"2024-05-22T22:45:44","date_gmt":"2024-05-22T20:45:44","guid":{"rendered":"https:\/\/www.maria-koenigin.de\/?p=14309"},"modified":"2024-05-22T22:45:44","modified_gmt":"2024-05-22T20:45:44","slug":"3-gewalten-5-organe-das-muss-man-wissen","status":"publish","type":"post","link":"https:\/\/www.maria-koenigin.de\/?p=14309","title":{"rendered":"\u201e3 Gewalten, 5 Organe \u2013 das muss man wissen!\u201c"},"content":{"rendered":"<p style=\"text-align: justify;\"><img loading=\"lazy\" decoding=\"async\" class=\"alignright wp-image-14310 size-full\" src=\"http:\/\/www.maria-koenigin.de\/wordpress\/wp-content\/uploads\/2024\/05\/Gruppe-Balkon-Kanzleramtkl.jpg\" alt=\"\" width=\"640\" height=\"359\" srcset=\"https:\/\/www.maria-koenigin.de\/wordpress\/wp-content\/uploads\/2024\/05\/Gruppe-Balkon-Kanzleramtkl.jpg 640w, https:\/\/www.maria-koenigin.de\/wordpress\/wp-content\/uploads\/2024\/05\/Gruppe-Balkon-Kanzleramtkl-300x168.jpg 300w, https:\/\/www.maria-koenigin.de\/wordpress\/wp-content\/uploads\/2024\/05\/Gruppe-Balkon-Kanzleramtkl-624x350.jpg 624w\" sizes=\"auto, (max-width: 640px) 100vw, 640px\" \/>Der LK Sozialwissenschaften der Q1 besuchte die Bundehauptstadt Berlin.\u00a0 \u00a0 \u00a0 \u00a0 \u00a0 \u00a0 \u00a0 \u00a0 \u00a0 \u00a0 \u00a0 \u00a0 \u00a0 \u00a0 \u00a0 \u00a0 \u00a0 \u00a0 &#8222;3 Gewalten, 5 Organe &#8211; das muss man wissen!&#8220; Diese Eselsbr\u00fccke und viele weitere Informationen nannte uns der zust\u00e4ndige Referent des Bundestages, als wir dort im Rahmen unserer Exkursion in die Bundeshauptstadt mit Frau Treude und Herrn Kaufmann an einer F\u00fchrung teilgenommen haben.<!--more--><\/p>\n<p style=\"text-align: justify;\"><img loading=\"lazy\" decoding=\"async\" class=\"alignright wp-image-14311 size-full\" src=\"http:\/\/www.maria-koenigin.de\/wordpress\/wp-content\/uploads\/2024\/05\/Gruppe-mit-Mueller-MdBkl.jpg\" alt=\"\" width=\"640\" height=\"480\" srcset=\"https:\/\/www.maria-koenigin.de\/wordpress\/wp-content\/uploads\/2024\/05\/Gruppe-mit-Mueller-MdBkl.jpg 640w, https:\/\/www.maria-koenigin.de\/wordpress\/wp-content\/uploads\/2024\/05\/Gruppe-mit-Mueller-MdBkl-300x225.jpg 300w, https:\/\/www.maria-koenigin.de\/wordpress\/wp-content\/uploads\/2024\/05\/Gruppe-mit-Mueller-MdBkl-624x468.jpg 624w\" sizes=\"auto, (max-width: 640px) 100vw, 640px\" \/><img loading=\"lazy\" decoding=\"async\" class=\"alignright wp-image-14315 size-full\" src=\"http:\/\/www.maria-koenigin.de\/wordpress\/wp-content\/uploads\/2024\/05\/Kanzlergaleriekl.jpg\" alt=\"\" width=\"640\" height=\"297\" srcset=\"https:\/\/www.maria-koenigin.de\/wordpress\/wp-content\/uploads\/2024\/05\/Kanzlergaleriekl.jpg 640w, https:\/\/www.maria-koenigin.de\/wordpress\/wp-content\/uploads\/2024\/05\/Kanzlergaleriekl-300x139.jpg 300w, https:\/\/www.maria-koenigin.de\/wordpress\/wp-content\/uploads\/2024\/05\/Kanzlergaleriekl-624x290.jpg 624w\" sizes=\"auto, (max-width: 640px) 100vw, 640px\" \/>Dies war eines unserer Highlights neben einem Gespr\u00e4ch mit dem Bundestagsabgeordneten unseres Wahlkreises Florian M\u00fcller (CDU), einem anschlie\u00dfendem Kuppelbesuch und einem Mittagessen im Paul-L\u00f6be Haus. Zum Programm geh\u00f6rte auch eine F\u00fchrung durch das Bundeskanzleramt, welche sehr faszinierend war und uns einen tieferen Einblick in die Arbeits- und Funktionsweise der deutschen Bundesregierung gegeben hat.<\/p>\n<p style=\"text-align: justify;\"><img loading=\"lazy\" decoding=\"async\" class=\"alignright wp-image-14312 size-large\" src=\"http:\/\/www.maria-koenigin.de\/wordpress\/wp-content\/uploads\/2024\/05\/Kabinettstisch-1024x518.jpeg\" alt=\"\" width=\"625\" height=\"316\" srcset=\"https:\/\/www.maria-koenigin.de\/wordpress\/wp-content\/uploads\/2024\/05\/Kabinettstisch-1024x518.jpeg 1024w, https:\/\/www.maria-koenigin.de\/wordpress\/wp-content\/uploads\/2024\/05\/Kabinettstisch-300x152.jpeg 300w, https:\/\/www.maria-koenigin.de\/wordpress\/wp-content\/uploads\/2024\/05\/Kabinettstisch-768x389.jpeg 768w, https:\/\/www.maria-koenigin.de\/wordpress\/wp-content\/uploads\/2024\/05\/Kabinettstisch-1536x777.jpeg 1536w, https:\/\/www.maria-koenigin.de\/wordpress\/wp-content\/uploads\/2024\/05\/Kabinettstisch-624x316.jpeg 624w, https:\/\/www.maria-koenigin.de\/wordpress\/wp-content\/uploads\/2024\/05\/Kabinettstisch.jpeg 2048w\" sizes=\"auto, (max-width: 625px) 100vw, 625px\" \/>Unsere selbst organisierte Stadtf\u00fchrung hat uns von der Siegess\u00e4ule mit einem atemberaubenden Ausblick auf Berlin \u00fcber das Brandenburger Tor mit spannenden geschichtlichen Aspekten von Herrn Kaufmann bis hin zum Checkpoint Charlie gebracht, wo wir uns \u00fcber die schreckliche Vergangenheit der Teilung Berlins bewusst wurden. Ein weiterer Bestandteil unserer Tour beinhaltete das Holocaust-Mahnmal, ein Ort, an dem an die grausame Zeit des zweiten Weltkriegs und an die vielen unschuldigen Opfer erinnert wird.<\/p>\n<p style=\"text-align: justify;\"><img loading=\"lazy\" decoding=\"async\" class=\"alignright wp-image-14313 size-full\" src=\"http:\/\/www.maria-koenigin.de\/wordpress\/wp-content\/uploads\/2024\/05\/Checkpoint-Charlykl.jpg\" alt=\"\" width=\"640\" height=\"480\" srcset=\"https:\/\/www.maria-koenigin.de\/wordpress\/wp-content\/uploads\/2024\/05\/Checkpoint-Charlykl.jpg 640w, https:\/\/www.maria-koenigin.de\/wordpress\/wp-content\/uploads\/2024\/05\/Checkpoint-Charlykl-300x225.jpg 300w, https:\/\/www.maria-koenigin.de\/wordpress\/wp-content\/uploads\/2024\/05\/Checkpoint-Charlykl-624x468.jpg 624w\" sizes=\"auto, (max-width: 640px) 100vw, 640px\" \/>In unserer Freizeit hatten wir die M\u00f6glichkeit, Berlin auf eigene Faust zu erkunden, konnten shoppen gehen und haben die vielen verschiedenen Kulturen hautnah erlebt. Unsere Abende waren immer sehr abwechslungsreich gestaltet und so nutzten wir die Gelegenheit meist mit dem gesamten SoWi-LK zusammen Berlin und seine Lokalit\u00e4ten selbstst\u00e4ndig zu erkunden und ein paar gesellige Stunden mit einigen Kaltgetr\u00e4nken zusammen zu verbringen.<\/p>\n<p style=\"text-align: justify;\"><img loading=\"lazy\" decoding=\"async\" class=\"alignright wp-image-14314 size-full\" src=\"http:\/\/www.maria-koenigin.de\/wordpress\/wp-content\/uploads\/2024\/05\/GruppeKuppelkl.jpg\" alt=\"\" width=\"640\" height=\"853\" srcset=\"https:\/\/www.maria-koenigin.de\/wordpress\/wp-content\/uploads\/2024\/05\/GruppeKuppelkl.jpg 640w, https:\/\/www.maria-koenigin.de\/wordpress\/wp-content\/uploads\/2024\/05\/GruppeKuppelkl-225x300.jpg 225w, https:\/\/www.maria-koenigin.de\/wordpress\/wp-content\/uploads\/2024\/05\/GruppeKuppelkl-624x832.jpg 624w\" sizes=\"auto, (max-width: 640px) 100vw, 640px\" \/>Von der Fahrt bleiben haupts\u00e4chlich positive Eindr\u00fccke, wenn man von den mehrst\u00fcndigen Versp\u00e4tungen der deutschen Bahn einmal absieht. Die tollen Eindr\u00fccke des Lebens und der Vielfalt unserer Hauptstadt und viele gemeinsame tolle Stunden werden uns noch lange in Erinnerung bleiben.<\/p>\n<p style=\"text-align: justify;\"><em>LK Sozialwissenschaften Q1<\/em><\/p>\n","protected":false},"excerpt":{"rendered":"<p>Der LK Sozialwissenschaften der Q1 besuchte die Bundehauptstadt Berlin.\u00a0 \u00a0 \u00a0 \u00a0 \u00a0 \u00a0 \u00a0 \u00a0 \u00a0 \u00a0 \u00a0 \u00a0 \u00a0 \u00a0 \u00a0 \u00a0 \u00a0 \u00a0 &#8222;3 Gewalten, 5 Organe &#8211; das muss man wissen!&#8220; Diese Eselsbr\u00fccke und viele weitere Informationen nannte uns der zust\u00e4ndige Referent des Bundestages, als wir dort im Rahmen unserer Exkursion [&hellip;]<\/p>\n","protected":false},"author":7,"featured_media":0,"comment_status":"closed","ping_status":"closed","sticky":false,"template":"","format":"standard","meta":{"ngg_post_thumbnail":0,"footnotes":""},"categories":[4],"tags":[],"class_list":["post-14309","post","type-post","status-publish","format-standard","hentry","category-aktuelles"],"_links":{"self":[{"href":"https:\/\/www.maria-koenigin.de\/index.php?rest_route=\/wp\/v2\/posts\/14309","targetHints":{"allow":["GET"]}}],"collection":[{"href":"https:\/\/www.maria-koenigin.de\/index.php?rest_route=\/wp\/v2\/posts"}],"about":[{"href":"https:\/\/www.maria-koenigin.de\/index.php?rest_route=\/wp\/v2\/types\/post"}],"author":[{"embeddable":true,"href":"https:\/\/www.maria-koenigin.de\/index.php?rest_route=\/wp\/v2\/users\/7"}],"replies":[{"embeddable":true,"href":"https:\/\/www.maria-koenigin.de\/index.php?rest_route=%2Fwp%2Fv2%2Fcomments&post=14309"}],"version-history":[{"count":1,"href":"https:\/\/www.maria-koenigin.de\/index.php?rest_route=\/wp\/v2\/posts\/14309\/revisions"}],"predecessor-version":[{"id":14316,"href":"https:\/\/www.maria-koenigin.de\/index.php?rest_route=\/wp\/v2\/posts\/14309\/revisions\/14316"}],"wp:attachment":[{"href":"https:\/\/www.maria-koenigin.de\/index.php?rest_route=%2Fwp%2Fv2%2Fmedia&parent=14309"}],"wp:term":[{"taxonomy":"category","embeddable":true,"href":"https:\/\/www.maria-koenigin.de\/index.php?rest_route=%2Fwp%2Fv2%2Fcategories&post=14309"},{"taxonomy":"post_tag","embeddable":true,"href":"https:\/\/www.maria-koenigin.de\/index.php?rest_route=%2Fwp%2Fv2%2Ftags&post=14309"}],"curies":[{"name":"wp","href":"https:\/\/api.w.org\/{rel}","templated":true}]}}