{"id":14355,"date":"2024-06-08T21:14:51","date_gmt":"2024-06-08T19:14:51","guid":{"rendered":"https:\/\/www.maria-koenigin.de\/?p=14355"},"modified":"2024-06-08T21:15:39","modified_gmt":"2024-06-08T19:15:39","slug":"junior-wahl-zu-europa-in-den-jahrgangsstufen-9-q1","status":"publish","type":"post","link":"https:\/\/www.maria-koenigin.de\/?p=14355","title":{"rendered":"Junior-Wahl zu Europa in den Jahrgangsstufen 9 \u2013 Q1"},"content":{"rendered":"<p style=\"text-align: justify;\"><img loading=\"lazy\" decoding=\"async\" class=\"alignright wp-image-14356 size-full\" src=\"http:\/\/www.maria-koenigin.de\/wordpress\/wp-content\/uploads\/2024\/06\/Junior-Wahl1.jpg\" alt=\"\" width=\"640\" height=\"853\" srcset=\"https:\/\/www.maria-koenigin.de\/wordpress\/wp-content\/uploads\/2024\/06\/Junior-Wahl1.jpg 640w, https:\/\/www.maria-koenigin.de\/wordpress\/wp-content\/uploads\/2024\/06\/Junior-Wahl1-225x300.jpg 225w, https:\/\/www.maria-koenigin.de\/wordpress\/wp-content\/uploads\/2024\/06\/Junior-Wahl1-624x832.jpg 624w\" sizes=\"auto, (max-width: 640px) 100vw, 640px\" \/>In den letzten Tagen haben sich auch bei uns Sch\u00fclerinnen und Sch\u00fcler aus den Klassen 9 und 10 und aus der Q1 an der Junior-Wahl beteiligt. Mit m\u00f6glichst realen Bedingungen, einer Wahlbenachrichtigung, Wahlkabinen, einer Wahlurne und originalgetreuen Wahlzetteln wurde die Wahl durchgespielt. <!--more-->Nico Assmann und Malte Schmidt aus der Q1 finden es gut, dass sie die M\u00f6glichkeit zu einer \u201eProbewahl\u201c haben. Im Politik- und Sozialwissenschaftsunterricht hatte man sich zuvor \u00fcber die zur Wahl stehenden Parteien und die Themen der europ\u00e4ischen Politik informiert. Die Wahlbeteiligung war sehr hoch, weil klassen- und kursweise gew\u00e4hlt wurde, die Ergebnisse werden erst nach der Europawahl bekannt gegeben.<\/p>\n<p style=\"text-align: justify;\"><img loading=\"lazy\" decoding=\"async\" class=\"alignright wp-image-14357 size-large\" src=\"http:\/\/www.maria-koenigin.de\/wordpress\/wp-content\/uploads\/2024\/06\/Carolin-Geisler-1024x576.webp\" alt=\"\" width=\"625\" height=\"352\" srcset=\"https:\/\/www.maria-koenigin.de\/wordpress\/wp-content\/uploads\/2024\/06\/Carolin-Geisler-1024x576.webp 1024w, https:\/\/www.maria-koenigin.de\/wordpress\/wp-content\/uploads\/2024\/06\/Carolin-Geisler-300x169.webp 300w, https:\/\/www.maria-koenigin.de\/wordpress\/wp-content\/uploads\/2024\/06\/Carolin-Geisler-768x432.webp 768w, https:\/\/www.maria-koenigin.de\/wordpress\/wp-content\/uploads\/2024\/06\/Carolin-Geisler-1536x864.webp 1536w, https:\/\/www.maria-koenigin.de\/wordpress\/wp-content\/uploads\/2024\/06\/Carolin-Geisler-624x351.webp 624w, https:\/\/www.maria-koenigin.de\/wordpress\/wp-content\/uploads\/2024\/06\/Carolin-Geisler.webp 1600w\" sizes=\"auto, (max-width: 625px) 100vw, 625px\" \/>Bereits vor einiger Zeit war Carolin Geisler aus der Q1 von der Westfalenpost als Jungw\u00e4hlerin interviewt worden. Sie sagte unter anderem: \u201eIch freue mich auf jeden Fall darauf, endlich w\u00e4hlen zu d\u00fcrfen und ein St\u00fcck weit mitbestimmen zu k\u00f6nnen, wie meine Zukunft aussieht.\u201c Sie besucht nicht nur den Leistungskurs Sozialwissenschaften, sondern engagiert sich auch privat politisch. \u201eWir Jugendlichen sind von aktuellen politischen Entscheidungen viel st\u00e4rker betroffen als \u00e4ltere Menschen und gerade deshalb finde ich es sehr wichtig, sich schon in jungen Jahren politisch zu engagieren.\u201c<\/p>\n<p style=\"text-align: justify;\"><img loading=\"lazy\" decoding=\"async\" class=\"alignright wp-image-14358 size-full\" src=\"http:\/\/www.maria-koenigin.de\/wordpress\/wp-content\/uploads\/2024\/06\/Junior-Wahl2kl.jpg\" alt=\"\" width=\"640\" height=\"480\" srcset=\"https:\/\/www.maria-koenigin.de\/wordpress\/wp-content\/uploads\/2024\/06\/Junior-Wahl2kl.jpg 640w, https:\/\/www.maria-koenigin.de\/wordpress\/wp-content\/uploads\/2024\/06\/Junior-Wahl2kl-300x225.jpg 300w, https:\/\/www.maria-koenigin.de\/wordpress\/wp-content\/uploads\/2024\/06\/Junior-Wahl2kl-624x468.jpg 624w\" sizes=\"auto, (max-width: 640px) 100vw, 640px\" \/>Sie betonte in dem Interview auch, dass Teile der Jugend nat\u00fcrlich deutlich politischer als andere seien. \u201eWenn man zum Beispiel nicht gerade den Sowi-LK hat, dann lernt man in der Schule leider nicht so viel \u00fcber Politik. Daher kann ich auch Leute verstehen, die nicht genau wissen, was sie w\u00e4hlen wollen, weil sie sich nicht so ganz mit einer Partei identifizieren k\u00f6nnen. Als junger Mensch findet man leider keine Partei, hinter der man hundertprozentig stehen kann, und das macht es einem nicht leicht, die richtige Wahl zu treffen.\u201c Die Junior-Wahl und die Thematisierung im Unterricht haben da vielleicht ein wenig geholfen.<\/p>\n","protected":false},"excerpt":{"rendered":"<p>In den letzten Tagen haben sich auch bei uns Sch\u00fclerinnen und Sch\u00fcler aus den Klassen 9 und 10 und aus der Q1 an der Junior-Wahl beteiligt. Mit m\u00f6glichst realen Bedingungen, einer Wahlbenachrichtigung, Wahlkabinen, einer Wahlurne und originalgetreuen Wahlzetteln wurde die Wahl durchgespielt.<\/p>\n","protected":false},"author":7,"featured_media":0,"comment_status":"closed","ping_status":"closed","sticky":false,"template":"","format":"standard","meta":{"ngg_post_thumbnail":0,"footnotes":""},"categories":[4],"tags":[],"class_list":["post-14355","post","type-post","status-publish","format-standard","hentry","category-aktuelles"],"_links":{"self":[{"href":"https:\/\/www.maria-koenigin.de\/index.php?rest_route=\/wp\/v2\/posts\/14355","targetHints":{"allow":["GET"]}}],"collection":[{"href":"https:\/\/www.maria-koenigin.de\/index.php?rest_route=\/wp\/v2\/posts"}],"about":[{"href":"https:\/\/www.maria-koenigin.de\/index.php?rest_route=\/wp\/v2\/types\/post"}],"author":[{"embeddable":true,"href":"https:\/\/www.maria-koenigin.de\/index.php?rest_route=\/wp\/v2\/users\/7"}],"replies":[{"embeddable":true,"href":"https:\/\/www.maria-koenigin.de\/index.php?rest_route=%2Fwp%2Fv2%2Fcomments&post=14355"}],"version-history":[{"count":2,"href":"https:\/\/www.maria-koenigin.de\/index.php?rest_route=\/wp\/v2\/posts\/14355\/revisions"}],"predecessor-version":[{"id":14360,"href":"https:\/\/www.maria-koenigin.de\/index.php?rest_route=\/wp\/v2\/posts\/14355\/revisions\/14360"}],"wp:attachment":[{"href":"https:\/\/www.maria-koenigin.de\/index.php?rest_route=%2Fwp%2Fv2%2Fmedia&parent=14355"}],"wp:term":[{"taxonomy":"category","embeddable":true,"href":"https:\/\/www.maria-koenigin.de\/index.php?rest_route=%2Fwp%2Fv2%2Fcategories&post=14355"},{"taxonomy":"post_tag","embeddable":true,"href":"https:\/\/www.maria-koenigin.de\/index.php?rest_route=%2Fwp%2Fv2%2Ftags&post=14355"}],"curies":[{"name":"wp","href":"https:\/\/api.w.org\/{rel}","templated":true}]}}