{"id":14398,"date":"2024-06-25T22:57:43","date_gmt":"2024-06-25T20:57:43","guid":{"rendered":"https:\/\/www.maria-koenigin.de\/?p=14398"},"modified":"2024-06-26T18:36:55","modified_gmt":"2024-06-26T16:36:55","slug":"spanien-austausch-schuetzenfest-biggesee-und-currywurst","status":"publish","type":"post","link":"https:\/\/www.maria-koenigin.de\/?p=14398","title":{"rendered":"Spanien-Austausch: Sch\u00fctzenfest, Biggesee und Currywurst"},"content":{"rendered":"<p style=\"text-align: justify;\"><img loading=\"lazy\" decoding=\"async\" class=\"alignright wp-image-14403 size-full\" src=\"http:\/\/www.maria-koenigin.de\/wordpress\/wp-content\/uploads\/2024\/06\/Spanien-an-MK6.jpg\" alt=\"\" width=\"640\" height=\"480\" srcset=\"https:\/\/www.maria-koenigin.de\/wordpress\/wp-content\/uploads\/2024\/06\/Spanien-an-MK6.jpg 640w, https:\/\/www.maria-koenigin.de\/wordpress\/wp-content\/uploads\/2024\/06\/Spanien-an-MK6-300x225.jpg 300w, https:\/\/www.maria-koenigin.de\/wordpress\/wp-content\/uploads\/2024\/06\/Spanien-an-MK6-624x468.jpg 624w\" sizes=\"auto, (max-width: 640px) 100vw, 640px\" \/><\/p>\n<p style=\"text-align: justify;\">Maria Schmidt, Lea Richart-Willmes und Nele Winkelmeier berichten vom Besuch der spanischen Sch\u00fclerinnen:<\/p>\n<p style=\"text-align: justify;\">&#8222;Nach langem Warten war es nun endlich Zeit: unsere spanischen Austauschsch\u00fclerinnen kamen zum Gegenbesuch ins sch\u00f6ne Sauerland. Voller Freude machten wir uns auf den Weg zum Flughafen und waren froh, sie endlich wiederzusehen. <!--more--><\/p>\n<p style=\"text-align: justify;\"><img loading=\"lazy\" decoding=\"async\" class=\"alignright wp-image-14404 size-full\" src=\"http:\/\/www.maria-koenigin.de\/wordpress\/wp-content\/uploads\/2024\/06\/Spnien-an-MK7.jpg\" alt=\"\" width=\"640\" height=\"480\" srcset=\"https:\/\/www.maria-koenigin.de\/wordpress\/wp-content\/uploads\/2024\/06\/Spnien-an-MK7.jpg 640w, https:\/\/www.maria-koenigin.de\/wordpress\/wp-content\/uploads\/2024\/06\/Spnien-an-MK7-300x225.jpg 300w, https:\/\/www.maria-koenigin.de\/wordpress\/wp-content\/uploads\/2024\/06\/Spnien-an-MK7-624x468.jpg 624w\" sizes=\"auto, (max-width: 640px) 100vw, 640px\" \/>Die folgenden f\u00fcnf Tage wurde uns ein vielf\u00e4ltiges Programm geboten, welches mit einer Wanderung zur Hohen Bracht begann. Zuvor haben die Spanierinnen bereits eine Schulf\u00fchrung erhalten. Sie waren ganz begeistert von unserer Schule im Gr\u00fcnen. Der anschlie\u00dfende Gottesdienst wurde auf beiden Sprachen von Herrn Sieler vorbereitet und hat bei uns allen Eindruck hinterlassen. Den Abend lie\u00dfen wir mit einem sch\u00f6nen Grillnachmittag gemeinsam mit unseren Familien ausklingen.<\/p>\n<p style=\"text-align: justify;\"><img loading=\"lazy\" decoding=\"async\" class=\"alignright wp-image-14401 size-full\" src=\"http:\/\/www.maria-koenigin.de\/wordpress\/wp-content\/uploads\/2024\/06\/Spanien-an-MK5.jpg\" alt=\"\" width=\"640\" height=\"426\" srcset=\"https:\/\/www.maria-koenigin.de\/wordpress\/wp-content\/uploads\/2024\/06\/Spanien-an-MK5.jpg 640w, https:\/\/www.maria-koenigin.de\/wordpress\/wp-content\/uploads\/2024\/06\/Spanien-an-MK5-300x200.jpg 300w, https:\/\/www.maria-koenigin.de\/wordpress\/wp-content\/uploads\/2024\/06\/Spanien-an-MK5-624x415.jpg 624w\" sizes=\"auto, (max-width: 640px) 100vw, 640px\" \/>Am n\u00e4chsten Tag ging es f\u00fcr uns fr\u00fch aus dem Bett, da uns eine Dombesichtigung mit F\u00fchrung durch K\u00f6ln und anschlie\u00dfendem Shoppen erwartete. Unser Guide Simon hat uns die K\u00f6lner Kultur und Geschichte mit witzigen Anekdoten n\u00e4hergebracht, sodass wir am Ende des Tages alle wieder gl\u00fccklich ins Bett fielen und uns auf unseren freien Tag in den Familien freuten. Unter anderem gingen wir essen, machten eine Fahrradtour, besuchten den Rhein-Weser-Turm und verbrachten Zeit mit unseren Freunden. Ein besonderes Highlight f\u00fcr die Spanierinnen stellte dabei das Sch\u00fctzenfest in Halberbracht dar, wo sie nochmal besonders die deutsche Kultur kennenlernten.<\/p>\n<p style=\"text-align: justify;\"><img loading=\"lazy\" decoding=\"async\" class=\"alignright wp-image-14402 size-full\" src=\"http:\/\/www.maria-koenigin.de\/wordpress\/wp-content\/uploads\/2024\/06\/Spanien-an-MK4.jpg\" alt=\"\" width=\"640\" height=\"850\" srcset=\"https:\/\/www.maria-koenigin.de\/wordpress\/wp-content\/uploads\/2024\/06\/Spanien-an-MK4.jpg 640w, https:\/\/www.maria-koenigin.de\/wordpress\/wp-content\/uploads\/2024\/06\/Spanien-an-MK4-226x300.jpg 226w, https:\/\/www.maria-koenigin.de\/wordpress\/wp-content\/uploads\/2024\/06\/Spanien-an-MK4-624x829.jpg 624w\" sizes=\"auto, (max-width: 640px) 100vw, 640px\" \/>Nach einem Tag Pause verbrachten wir den Sonntag in Attendorn. Der Ausflug begann mit einer Besichtigung der Attah\u00f6hle mit anschlie\u00dfender Fahrt per Biggolino-Express zum Biggesee. Hier genossen wir den restlichen Tag in der Sonne und einen besonders sch\u00f6nen Ausblick auf den See vom Skywalk aus. Beendet haben wir diesen sonnigen Tag mit einem gemeinsamen Kochabend: die Austauschsch\u00fclerinnen konnten das typisch deutsche Gericht Currywurst probieren.<\/p>\n<p style=\"text-align: justify;\"><img loading=\"lazy\" decoding=\"async\" class=\"alignright wp-image-14400 size-full\" src=\"http:\/\/www.maria-koenigin.de\/wordpress\/wp-content\/uploads\/2024\/06\/Spanien-an-MK3.jpg\" alt=\"\" width=\"640\" height=\"482\" srcset=\"https:\/\/www.maria-koenigin.de\/wordpress\/wp-content\/uploads\/2024\/06\/Spanien-an-MK3.jpg 640w, https:\/\/www.maria-koenigin.de\/wordpress\/wp-content\/uploads\/2024\/06\/Spanien-an-MK3-300x226.jpg 300w, https:\/\/www.maria-koenigin.de\/wordpress\/wp-content\/uploads\/2024\/06\/Spanien-an-MK3-624x470.jpg 624w\" sizes=\"auto, (max-width: 640px) 100vw, 640px\" \/>Am letzten Tag wurde das Erlebnis mit einem Besuch der B\u00e4ckerei Tr\u00f6ster in Oedingen sowie einem Workshop \u00fcber die sauerl\u00e4ndische Kultur und einem gemeinsamen Essen im Jugendhof Pallotti abgerundet. Mit dem Versprechen eines gemeinsamen Wiedersehens verabschiedeten wir die Spanierinnen am Flughafen.<\/p>\n<p style=\"text-align: justify;\">Abschlie\u00dfend k\u00f6nnen wir sagen, dass uns der Austausch nicht nur sprachlich weitergebracht hat, sondern uns auch als Gruppe besonders zusammengef\u00fchrt hat.<\/p>\n<p style=\"text-align: justify;\"><img loading=\"lazy\" decoding=\"async\" class=\"alignright wp-image-14405 size-full\" src=\"http:\/\/www.maria-koenigin.de\/wordpress\/wp-content\/uploads\/2024\/06\/Spanioen-an-MK1-1.jpg\" alt=\"\" width=\"640\" height=\"482\" srcset=\"https:\/\/www.maria-koenigin.de\/wordpress\/wp-content\/uploads\/2024\/06\/Spanioen-an-MK1-1.jpg 640w, https:\/\/www.maria-koenigin.de\/wordpress\/wp-content\/uploads\/2024\/06\/Spanioen-an-MK1-1-300x226.jpg 300w, https:\/\/www.maria-koenigin.de\/wordpress\/wp-content\/uploads\/2024\/06\/Spanioen-an-MK1-1-624x470.jpg 624w\" sizes=\"auto, (max-width: 640px) 100vw, 640px\" \/>Wir bedanken uns bei allen, die diesen Austausch erm\u00f6glicht haben, insbesondere bei Frau N\u00fcckel, Frau Komperna\u00df, Frau Pinner und allen anderen mitwirkenden Lehrerinnen und Lehrern. Wir erinnern uns gerne an diese ereignisreiche und sch\u00f6ne Zeit mit unseren Austauschsch\u00fclerinnen!&#8220;<\/p>\n","protected":false},"excerpt":{"rendered":"<p>Maria Schmidt, Lea Richart-Willmes und Nele Winkelmeier berichten vom Besuch der spanischen Sch\u00fclerinnen: &#8222;Nach langem Warten war es nun endlich Zeit: unsere spanischen Austauschsch\u00fclerinnen kamen zum Gegenbesuch ins sch\u00f6ne Sauerland. Voller Freude machten wir uns auf den Weg zum Flughafen und waren froh, sie endlich wiederzusehen.<\/p>\n","protected":false},"author":7,"featured_media":0,"comment_status":"closed","ping_status":"closed","sticky":false,"template":"","format":"standard","meta":{"ngg_post_thumbnail":0,"footnotes":""},"categories":[4],"tags":[],"class_list":["post-14398","post","type-post","status-publish","format-standard","hentry","category-aktuelles"],"_links":{"self":[{"href":"https:\/\/www.maria-koenigin.de\/index.php?rest_route=\/wp\/v2\/posts\/14398","targetHints":{"allow":["GET"]}}],"collection":[{"href":"https:\/\/www.maria-koenigin.de\/index.php?rest_route=\/wp\/v2\/posts"}],"about":[{"href":"https:\/\/www.maria-koenigin.de\/index.php?rest_route=\/wp\/v2\/types\/post"}],"author":[{"embeddable":true,"href":"https:\/\/www.maria-koenigin.de\/index.php?rest_route=\/wp\/v2\/users\/7"}],"replies":[{"embeddable":true,"href":"https:\/\/www.maria-koenigin.de\/index.php?rest_route=%2Fwp%2Fv2%2Fcomments&post=14398"}],"version-history":[{"count":4,"href":"https:\/\/www.maria-koenigin.de\/index.php?rest_route=\/wp\/v2\/posts\/14398\/revisions"}],"predecessor-version":[{"id":14410,"href":"https:\/\/www.maria-koenigin.de\/index.php?rest_route=\/wp\/v2\/posts\/14398\/revisions\/14410"}],"wp:attachment":[{"href":"https:\/\/www.maria-koenigin.de\/index.php?rest_route=%2Fwp%2Fv2%2Fmedia&parent=14398"}],"wp:term":[{"taxonomy":"category","embeddable":true,"href":"https:\/\/www.maria-koenigin.de\/index.php?rest_route=%2Fwp%2Fv2%2Fcategories&post=14398"},{"taxonomy":"post_tag","embeddable":true,"href":"https:\/\/www.maria-koenigin.de\/index.php?rest_route=%2Fwp%2Fv2%2Ftags&post=14398"}],"curies":[{"name":"wp","href":"https:\/\/api.w.org\/{rel}","templated":true}]}}