{"id":14891,"date":"2024-10-18T08:00:24","date_gmt":"2024-10-18T06:00:24","guid":{"rendered":"https:\/\/www.maria-koenigin.de\/?p=14891"},"modified":"2024-10-09T19:39:24","modified_gmt":"2024-10-09T17:39:24","slug":"vom-weltraum-zur-eigenen-karte-von-maria-koenigin","status":"publish","type":"post","link":"https:\/\/www.maria-koenigin.de\/?p=14891","title":{"rendered":"Vom Weltraum zur eigenen Karte von Maria K\u00f6nigin"},"content":{"rendered":"<p style=\"text-align: justify;\"><img loading=\"lazy\" decoding=\"async\" class=\"alignright wp-image-14892 size-full\" src=\"http:\/\/www.maria-koenigin.de\/wordpress\/wp-content\/uploads\/2024\/10\/Bild-Toni-Greitemann-.jpg\" alt=\"\" width=\"605\" height=\"608\" srcset=\"https:\/\/www.maria-koenigin.de\/wordpress\/wp-content\/uploads\/2024\/10\/Bild-Toni-Greitemann-.jpg 605w, https:\/\/www.maria-koenigin.de\/wordpress\/wp-content\/uploads\/2024\/10\/Bild-Toni-Greitemann--300x300.jpg 300w, https:\/\/www.maria-koenigin.de\/wordpress\/wp-content\/uploads\/2024\/10\/Bild-Toni-Greitemann--150x150.jpg 150w\" sizes=\"auto, (max-width: 605px) 100vw, 605px\" \/><\/p>\n<p>&nbsp;<\/p>\n<p>&nbsp;<\/p>\n<p style=\"text-align: justify;\"><strong>Toni Greitemann, 5b<\/strong><\/p>\n<p style=\"text-align: justify;\">Im Rahmen unseres Unterrichtsvorhabens \u201eDie Erde erkunden\u201c hat sich die Klasse 5b nach den Sommerferien einen ersten \u00dcberblick \u00fcber die Erde als zentralen Unterrichtsgegenstand des Faches Geographie verschafft und elementare planetarische Merkmale, die Stellung der Erde im Sonnensystem sowie die Bewegung des Planeten Erde gelernt.<!--more--><\/p>\n<p style=\"text-align: justify;\">Um unseren Planeten kreisen permanent unz\u00e4hlige Satelliten, die Fotos von der Erde machen, die wir uns anschlie\u00dfend zum Beispiel \u00fcber Google Earth anschauen k\u00f6nnen.<\/p>\n<p style=\"text-align: justify;\"><img loading=\"lazy\" decoding=\"async\" class=\"alignright wp-image-14893 size-full\" src=\"http:\/\/www.maria-koenigin.de\/wordpress\/wp-content\/uploads\/2024\/10\/Satellitenbild.png\" alt=\"\" width=\"604\" height=\"476\" srcset=\"https:\/\/www.maria-koenigin.de\/wordpress\/wp-content\/uploads\/2024\/10\/Satellitenbild.png 604w, https:\/\/www.maria-koenigin.de\/wordpress\/wp-content\/uploads\/2024\/10\/Satellitenbild-300x236.png 300w\" sizes=\"auto, (max-width: 604px) 100vw, 604px\" \/><\/p>\n<p><em><strong>Satellitenbild Maria K\u00f6nigin, Aufnahmedatum: 16.04.2020,\u00a0Sichth\u00f6he: 438 m, Google Earth<\/strong><\/em><\/p>\n<p style=\"text-align: justify;\">Auf unserer Reise vom Weltraum zur Schule schauten wir uns zun\u00e4chst ein Senkrechtluftbild von Maria K\u00f6nigin an und werteten es aus: Ein Luftbild ist ein Foto, das aus verschiedenen H\u00f6hen aufgenommen wird. Wir entdeckten die Olper Stra\u00dfe, das Schulgeb\u00e4ude samt der Kirche, das Kleinspielfeld, den Palottihof sowie den Sportplatz und nicht zuletzt sogar die parkenden Autos der Lehrer. Beinahe jedes Detail wie Schatten, Dachformen und die Tischtennisplatten waren zu erkennen. Auf Basis dieser Satellitenbildauswertung erstellten wir dann eine eigene Karte von Maria K\u00f6nigin.<\/p>\n<p style=\"text-align: justify;\"><img loading=\"lazy\" decoding=\"async\" class=\"alignright wp-image-14894 size-full\" src=\"http:\/\/www.maria-koenigin.de\/wordpress\/wp-content\/uploads\/2024\/10\/Cem-Oberstadt.png\" alt=\"\" width=\"605\" height=\"591\" srcset=\"https:\/\/www.maria-koenigin.de\/wordpress\/wp-content\/uploads\/2024\/10\/Cem-Oberstadt.png 605w, https:\/\/www.maria-koenigin.de\/wordpress\/wp-content\/uploads\/2024\/10\/Cem-Oberstadt-300x293.png 300w\" sizes=\"auto, (max-width: 605px) 100vw, 605px\" \/><em><strong>Cem Oberstadt, 5b <\/strong><\/em><\/p>\n<p style=\"text-align: justify;\">Doch was ist eigentlich eine Karte und worin unterscheidet sie sich von einem Luftbild? Eine Karte hat gewisse Gemeinsamkeiten mit einem Modell: Sie liefert uns eine verkleinerte zweidimensionale Darstellung der Wirklichkeit mit stark vereinfachten Inhalten sowie verschiedenen Farben und Zeichen (Signaturen).<\/p>\n<p style=\"text-align: justify;\">Zuerst wurden die Umrisse der Schule mit Bleistift und Lineal skizziert. Dann erfolgte die Denkarbeit: Welche sinnvollen Farben und Signaturen soll ich f\u00fcr die Legende w\u00e4hlen? Welche Details kann ich weglassen?<\/p>\n<p style=\"text-align: justify;\">Schlie\u00dflich sind viele sch\u00f6ne und pr\u00e4zise Karten entstanden. Zu guter Letzt haben wir nach einem Museumsgang gemeinsam abgestimmt, sodass ihr nun hier auf der Homepage das jeweils sch\u00f6nste Exemplar der Klasse 5b (Toni Greitemann und Cem Oberstadt) betrachten k\u00f6nnt.<\/p>\n<p style=\"text-align: justify;\"><em>Peter Peil<\/em><\/p>\n","protected":false},"excerpt":{"rendered":"<p>&nbsp; &nbsp; Toni Greitemann, 5b Im Rahmen unseres Unterrichtsvorhabens \u201eDie Erde erkunden\u201c hat sich die Klasse 5b nach den Sommerferien einen ersten \u00dcberblick \u00fcber die Erde als zentralen Unterrichtsgegenstand des Faches Geographie verschafft und elementare planetarische Merkmale, die Stellung der Erde im Sonnensystem sowie die Bewegung des Planeten Erde gelernt.<\/p>\n","protected":false},"author":7,"featured_media":0,"comment_status":"closed","ping_status":"closed","sticky":false,"template":"","format":"standard","meta":{"ngg_post_thumbnail":0,"footnotes":""},"categories":[4],"tags":[],"class_list":["post-14891","post","type-post","status-publish","format-standard","hentry","category-aktuelles"],"_links":{"self":[{"href":"https:\/\/www.maria-koenigin.de\/index.php?rest_route=\/wp\/v2\/posts\/14891","targetHints":{"allow":["GET"]}}],"collection":[{"href":"https:\/\/www.maria-koenigin.de\/index.php?rest_route=\/wp\/v2\/posts"}],"about":[{"href":"https:\/\/www.maria-koenigin.de\/index.php?rest_route=\/wp\/v2\/types\/post"}],"author":[{"embeddable":true,"href":"https:\/\/www.maria-koenigin.de\/index.php?rest_route=\/wp\/v2\/users\/7"}],"replies":[{"embeddable":true,"href":"https:\/\/www.maria-koenigin.de\/index.php?rest_route=%2Fwp%2Fv2%2Fcomments&post=14891"}],"version-history":[{"count":1,"href":"https:\/\/www.maria-koenigin.de\/index.php?rest_route=\/wp\/v2\/posts\/14891\/revisions"}],"predecessor-version":[{"id":14895,"href":"https:\/\/www.maria-koenigin.de\/index.php?rest_route=\/wp\/v2\/posts\/14891\/revisions\/14895"}],"wp:attachment":[{"href":"https:\/\/www.maria-koenigin.de\/index.php?rest_route=%2Fwp%2Fv2%2Fmedia&parent=14891"}],"wp:term":[{"taxonomy":"category","embeddable":true,"href":"https:\/\/www.maria-koenigin.de\/index.php?rest_route=%2Fwp%2Fv2%2Fcategories&post=14891"},{"taxonomy":"post_tag","embeddable":true,"href":"https:\/\/www.maria-koenigin.de\/index.php?rest_route=%2Fwp%2Fv2%2Ftags&post=14891"}],"curies":[{"name":"wp","href":"https:\/\/api.w.org\/{rel}","templated":true}]}}