{"id":14963,"date":"2024-11-15T20:38:32","date_gmt":"2024-11-15T19:38:32","guid":{"rendered":"https:\/\/www.maria-koenigin.de\/?p=14963"},"modified":"2024-11-15T21:00:31","modified_gmt":"2024-11-15T20:00:31","slug":"ein-tag-fuer-das-lesen","status":"publish","type":"post","link":"https:\/\/www.maria-koenigin.de\/?p=14963","title":{"rendered":"Ein Tag f\u00fcr das Lesen!"},"content":{"rendered":"<p style=\"text-align: justify;\"><img loading=\"lazy\" decoding=\"async\" class=\"alignright wp-image-14966\" src=\"http:\/\/www.maria-koenigin.de\/wordpress\/wp-content\/uploads\/2024\/11\/Vorlesetag-1.jpg\" alt=\"\" width=\"630\" height=\"470\" srcset=\"https:\/\/www.maria-koenigin.de\/wordpress\/wp-content\/uploads\/2024\/11\/Vorlesetag-1.jpg 560w, https:\/\/www.maria-koenigin.de\/wordpress\/wp-content\/uploads\/2024\/11\/Vorlesetag-1-300x224.jpg 300w\" sizes=\"auto, (max-width: 630px) 100vw, 630px\" \/>Was haben Podcasts, Slams und H\u00f6rb\u00fccher gemeinsam? Richtig: Es wird etwas vorgelesen! Und ganz im Zeichen des Vorlesens stand der heutige Freitag: Anl\u00e4sslich des Bundesweiten Vorlesetags erfreuten sich die 5. und 6. Klassen verschiedener G\u00e4ste, die ihnen eine Abwechslung zum Schulalltag boten. <!--more--><\/p>\n<p style=\"text-align: justify;\"><img loading=\"lazy\" decoding=\"async\" class=\"alignleft wp-image-14965 size-full\" src=\"http:\/\/www.maria-koenigin.de\/wordpress\/wp-content\/uploads\/2024\/11\/Vorlesetag5-1.jpg\" alt=\"\" width=\"597\" height=\"754\" srcset=\"https:\/\/www.maria-koenigin.de\/wordpress\/wp-content\/uploads\/2024\/11\/Vorlesetag5-1.jpg 597w, https:\/\/www.maria-koenigin.de\/wordpress\/wp-content\/uploads\/2024\/11\/Vorlesetag5-1-238x300.jpg 238w\" sizes=\"auto, (max-width: 597px) 100vw, 597px\" \/>So las der B\u00fcrgermeister der Stadt Lennestadt, Tobias Puspas, der 5a aus Gregs Tagebuch\u00a0vor. Bj\u00f6rn\u00a0Jarosz, B\u00fcrgermeister Kirchhundems,\u00a0nahm die 5b\u00a0mit auf ein Abenteuer\u00a0ins Vereinigte K\u00f6nigreich mithilfe des Buches &#8222;Gangsta-Oma&#8220;.<\/p>\n<p style=\"text-align: justify;\"><img loading=\"lazy\" decoding=\"async\" class=\"alignright wp-image-14967 size-full\" src=\"http:\/\/www.maria-koenigin.de\/wordpress\/wp-content\/uploads\/2024\/11\/Vorlesetag6.jpg\" alt=\"\" width=\"640\" height=\"512\" srcset=\"https:\/\/www.maria-koenigin.de\/wordpress\/wp-content\/uploads\/2024\/11\/Vorlesetag6.jpg 640w, https:\/\/www.maria-koenigin.de\/wordpress\/wp-content\/uploads\/2024\/11\/Vorlesetag6-300x240.jpg 300w, https:\/\/www.maria-koenigin.de\/wordpress\/wp-content\/uploads\/2024\/11\/Vorlesetag6-624x499.jpg 624w\" sizes=\"auto, (max-width: 640px) 100vw, 640px\" \/><img loading=\"lazy\" decoding=\"async\" class=\"alignright wp-image-14968\" src=\"http:\/\/www.maria-koenigin.de\/wordpress\/wp-content\/uploads\/2024\/11\/Vorlesetag3.jpg\" alt=\"\" width=\"632\" height=\"395\" srcset=\"https:\/\/www.maria-koenigin.de\/wordpress\/wp-content\/uploads\/2024\/11\/Vorlesetag3.jpg 560w, https:\/\/www.maria-koenigin.de\/wordpress\/wp-content\/uploads\/2024\/11\/Vorlesetag3-300x188.jpg 300w\" sizes=\"auto, (max-width: 632px) 100vw, 632px\" \/>Ganz zauberhaft ging es in der 5c\u00a0und 6a\u00a0zu: Dort lasen Lorena Klein von Lokalplus und auch Stefan Lange aus dem Jugendcaf\u00e9 Altenhundem \u201eNewKomma\u201c\u00a0aus den B\u00e4nden von Harry Potter vor. Die Sch\u00fclerinnen und Sch\u00fcler der 6c\u00a0durften mit Gina Maria\u00a0Hufnagel, Mitarbeiterin der Aufsuchenden Jugendarbeit in Lennestadt, auf eine mysteri\u00f6se Geistersuche gehen. Ganz aktuell ging es in der 6b zu, denn dort las\u00a0unsere Sch\u00fclerin Lisa Fleper aus der Q2 aus dem derzeit verfilmten Fantasy-Roman \u201eWoodwalkers\u201c vor.<\/p>\n<p style=\"text-align: justify;\"><img loading=\"lazy\" decoding=\"async\" class=\"alignright wp-image-14969\" src=\"http:\/\/www.maria-koenigin.de\/wordpress\/wp-content\/uploads\/2024\/11\/Vorlesetag2.jpg\" alt=\"\" width=\"626\" height=\"415\" srcset=\"https:\/\/www.maria-koenigin.de\/wordpress\/wp-content\/uploads\/2024\/11\/Vorlesetag2.jpg 495w, https:\/\/www.maria-koenigin.de\/wordpress\/wp-content\/uploads\/2024\/11\/Vorlesetag2-300x199.jpg 300w\" sizes=\"auto, (max-width: 626px) 100vw, 626px\" \/><img loading=\"lazy\" decoding=\"async\" class=\"alignright wp-image-14970 size-large\" src=\"http:\/\/www.maria-koenigin.de\/wordpress\/wp-content\/uploads\/2024\/11\/IMG_2646-1024x768.jpeg\" alt=\"\" width=\"625\" height=\"469\" srcset=\"https:\/\/www.maria-koenigin.de\/wordpress\/wp-content\/uploads\/2024\/11\/IMG_2646-1024x768.jpeg 1024w, https:\/\/www.maria-koenigin.de\/wordpress\/wp-content\/uploads\/2024\/11\/IMG_2646-300x225.jpeg 300w, https:\/\/www.maria-koenigin.de\/wordpress\/wp-content\/uploads\/2024\/11\/IMG_2646-768x576.jpeg 768w, https:\/\/www.maria-koenigin.de\/wordpress\/wp-content\/uploads\/2024\/11\/IMG_2646-1536x1152.jpeg 1536w, https:\/\/www.maria-koenigin.de\/wordpress\/wp-content\/uploads\/2024\/11\/IMG_2646-624x468.jpeg 624w, https:\/\/www.maria-koenigin.de\/wordpress\/wp-content\/uploads\/2024\/11\/IMG_2646.jpeg 1744w\" sizes=\"auto, (max-width: 625px) 100vw, 625px\" \/>Wir bedanken uns sehr herzlich bei unseren G\u00e4sten f\u00fcr diesen bunten Vormittag und daf\u00fcr, dass unseren Sch\u00fclern, auch im digitalen Zeitalter, bewusst werden konnte: Geschichten lesen bereitet gro\u00dfe Freude!<\/p>\n<p><em>Hanna Reuber<\/em><\/p>\n","protected":false},"excerpt":{"rendered":"<p>Was haben Podcasts, Slams und H\u00f6rb\u00fccher gemeinsam? Richtig: Es wird etwas vorgelesen! Und ganz im Zeichen des Vorlesens stand der heutige Freitag: Anl\u00e4sslich des Bundesweiten Vorlesetags erfreuten sich die 5. und 6. Klassen verschiedener G\u00e4ste, die ihnen eine Abwechslung zum Schulalltag boten.<\/p>\n","protected":false},"author":7,"featured_media":0,"comment_status":"closed","ping_status":"closed","sticky":false,"template":"","format":"standard","meta":{"ngg_post_thumbnail":0,"footnotes":""},"categories":[4],"tags":[],"class_list":["post-14963","post","type-post","status-publish","format-standard","hentry","category-aktuelles"],"_links":{"self":[{"href":"https:\/\/www.maria-koenigin.de\/index.php?rest_route=\/wp\/v2\/posts\/14963","targetHints":{"allow":["GET"]}}],"collection":[{"href":"https:\/\/www.maria-koenigin.de\/index.php?rest_route=\/wp\/v2\/posts"}],"about":[{"href":"https:\/\/www.maria-koenigin.de\/index.php?rest_route=\/wp\/v2\/types\/post"}],"author":[{"embeddable":true,"href":"https:\/\/www.maria-koenigin.de\/index.php?rest_route=\/wp\/v2\/users\/7"}],"replies":[{"embeddable":true,"href":"https:\/\/www.maria-koenigin.de\/index.php?rest_route=%2Fwp%2Fv2%2Fcomments&post=14963"}],"version-history":[{"count":5,"href":"https:\/\/www.maria-koenigin.de\/index.php?rest_route=\/wp\/v2\/posts\/14963\/revisions"}],"predecessor-version":[{"id":14975,"href":"https:\/\/www.maria-koenigin.de\/index.php?rest_route=\/wp\/v2\/posts\/14963\/revisions\/14975"}],"wp:attachment":[{"href":"https:\/\/www.maria-koenigin.de\/index.php?rest_route=%2Fwp%2Fv2%2Fmedia&parent=14963"}],"wp:term":[{"taxonomy":"category","embeddable":true,"href":"https:\/\/www.maria-koenigin.de\/index.php?rest_route=%2Fwp%2Fv2%2Fcategories&post=14963"},{"taxonomy":"post_tag","embeddable":true,"href":"https:\/\/www.maria-koenigin.de\/index.php?rest_route=%2Fwp%2Fv2%2Ftags&post=14963"}],"curies":[{"name":"wp","href":"https:\/\/api.w.org\/{rel}","templated":true}]}}