{"id":14978,"date":"2024-11-23T07:00:56","date_gmt":"2024-11-23T06:00:56","guid":{"rendered":"https:\/\/www.maria-koenigin.de\/?p=14978"},"modified":"2024-11-21T10:14:10","modified_gmt":"2024-11-21T09:14:10","slug":"lest-lest-lest-autorenlesung-mit-hansjoerg-nessensohn","status":"publish","type":"post","link":"https:\/\/www.maria-koenigin.de\/?p=14978","title":{"rendered":"&#8222;Lest, lest, lest!\u201c &#8211; Autorenlesung mit Hansj\u00f6rg Nessensohn"},"content":{"rendered":"<p style=\"text-align: justify;\"><img loading=\"lazy\" decoding=\"async\" class=\"alignright wp-image-14979 size-full\" src=\"http:\/\/www.maria-koenigin.de\/wordpress\/wp-content\/uploads\/2024\/11\/autorenlesung_nessensohn2_2024.jpg\" alt=\"\" width=\"640\" height=\"480\" srcset=\"https:\/\/www.maria-koenigin.de\/wordpress\/wp-content\/uploads\/2024\/11\/autorenlesung_nessensohn2_2024.jpg 640w, https:\/\/www.maria-koenigin.de\/wordpress\/wp-content\/uploads\/2024\/11\/autorenlesung_nessensohn2_2024-300x225.jpg 300w, https:\/\/www.maria-koenigin.de\/wordpress\/wp-content\/uploads\/2024\/11\/autorenlesung_nessensohn2_2024-624x468.jpg 624w\" sizes=\"auto, (max-width: 640px) 100vw, 640px\" \/>\u201eLesen st\u00e4rkt die Seele\u201c \u2013 Diese Weisheit von Voltaire wurde unseren Sch\u00fclern am Tag der Autorenlesung einmal mehr bewusst. Dazu kam Herr Hansj\u00f6rg Nessensohn im Rahmen des \u201eLiterarischen Herbstes\u201c in unsere Schule, um den 8. Klassen in zwei Lesungen seine literarischen Werke sowie sein Leben als Autor zu pr\u00e4sentieren.<!--more--><\/p>\n<p style=\"text-align: justify;\">Der Autor aus K\u00f6ln brachte seine Jugendb\u00fccher \u201eUnd dieses verdammte Leben geht immer weiter\u201c, \u201eDelete me\u201c und \u201eMut.Machen.Liebe\u201c mit und las Ausschnitte daraus vor. Schnell wurde den Sch\u00fclern klar: Jugendbuch ist nicht gleich Jugendbuch \u2013 unter ihnen verstecken sich einzelne Genres, bei denen jeder f\u00fcndig wird. So facettenreich die Interessen der Jugendlichen sind, so sind auch die unterschiedlichen Stilrichtungen der B\u00fccher. \u201eDelete me\u201c erwies sich als ein packender Thriller, der dystopische Elemente enth\u00e4lt und eine nicht ganz so positive Zukunftsaussicht im digitalen Zeitalter skizziert. Kontr\u00e4r dazu befasst sich \u201eMut.Machen.Liebe\u201c mit historisch-gesellschaftlichen Gegebenheiten und der Freiheit von uns Menschen, so sein zu k\u00f6nnen, wie wir wirklich sind und sein wollen.<\/p>\n<p style=\"text-align: justify;\">Besonders versunken waren die Zuh\u00f6rer in der Geschichte aus Nessensohns ersten Roman. Inspiriert von einem echten Kriminalfall aus dem Jahr 2007, behandelt der Roman die Themen Freundschaft und Verlust. Die Sch\u00fcler f\u00fchlten schnell mit dem Protagonisten mit, der eine besonders gro\u00dfe B\u00fcrde mit sich herumtr\u00e4gt, wie sich im Laufe des Buches herausstellt.<\/p>\n<p style=\"text-align: justify;\"><img loading=\"lazy\" decoding=\"async\" class=\"alignright wp-image-14980 size-full\" src=\"http:\/\/www.maria-koenigin.de\/wordpress\/wp-content\/uploads\/2024\/11\/autorenlesung_nessensohn_2024.jpg\" alt=\"\" width=\"640\" height=\"480\" srcset=\"https:\/\/www.maria-koenigin.de\/wordpress\/wp-content\/uploads\/2024\/11\/autorenlesung_nessensohn_2024.jpg 640w, https:\/\/www.maria-koenigin.de\/wordpress\/wp-content\/uploads\/2024\/11\/autorenlesung_nessensohn_2024-300x225.jpg 300w, https:\/\/www.maria-koenigin.de\/wordpress\/wp-content\/uploads\/2024\/11\/autorenlesung_nessensohn_2024-624x468.jpg 624w\" sizes=\"auto, (max-width: 640px) 100vw, 640px\" \/>Da Hansj\u00f6rg Nessensohn zu diesem literarischen Werk auch ein Drehbuch verfasst hat, konnten die Jugendlichen selbst aktiv werden und Szenen daraus vorspielen bzw. vorlesen. Auch hatten sie gen\u00fcgend Zeit, Fragen zu stellen, die sich mit dem Beruf eines Autors, dem Schreibprozess, pers\u00f6nlichen Gegebenheiten oder R\u00fcckfragen zu den B\u00fcchern besch\u00e4ftigten. So wurden auch komplexe Themen angesprochen wie Digitalisierung oder der \u201eProblematik\u201c, dass Lesen heutzutage einen eher geringeren Stellenwert beigemessen wird.<\/p>\n<p style=\"text-align: justify;\">Schnell wurde klar, dass die authentische Begegnung mit dem Autor Literatur interessant werden l\u00e4sst.\u00a0Und genau das m\u00f6chte der Literarische Herbst in Lennestadt erreichen: Das Projekt verfolgt vor allem die Zielsetzung, Kinder und Jugendliche (wieder mehr) zum Lesen zu animieren. Hier konnte der Autor durch die aktuellen und bedeutsamen Themen und Motive der B\u00fccher sowie seine sympathische Art, den Jugendlichen auf Augenh\u00f6he zu begegnen, punkten: \u201eEr hat das echt gut r\u00fcbergebracht und hat uns alles gut erkl\u00e4rt. Besonders das erste Buch fand ich spannend, das w\u00e4re was f\u00fcr mich\u201c, best\u00e4tigte ein Sch\u00fcler der 8b.<\/p>\n<p style=\"text-align: justify;\">Das Gymnasium Maria K\u00f6nigin bedankt sich bei den Organisatoren, unter anderem unserem ehemaligen Lehrer Gerd-Peter Zapp, vor allem aber bei Hansj\u00f6rg Nessensohn, f\u00fcr die Bereitschaft, Lesef\u00f6rderung voranzutreiben. Schlussendlich kann bilanziert werden, dass, besonders durch die authentische Begegnung mit dem Autor selbst, eben dieses Ziel erreicht wird. So res\u00fcmiert auch eine Sch\u00fclerin der 8b: \u201eIch fands total interessant, einen Autor mal in echt zu sehen und ihn direkt zu fragen, wieso er die Geschichte so geschrieben hat, wie sie nun auch ist.\u201c<\/p>\n<p style=\"text-align: justify;\">Der Autor Hansj\u00f6rg Nessensohn lebt in K\u00f6ln und arbeitet, neben dem Schreiben seiner Jugendromane, auch als Drehbuchautor und Storyliner f\u00fcr verschiedene Serien, beispielsweise f\u00fcr die ARD-Serie \u201eHubert ohne Staller\u201c. Er studierte Medienwissenschaften, entschied sich nach einem Praktikum aber daf\u00fcr, als Autor t\u00e4tig zu werden. Wer mehr erfahren m\u00f6chte, kann sich auf seiner Homepage erkundigen: <a href=\"https:\/\/hansjoerg-nessensohn.de\">https:\/\/hansjoerg-nessensohn.de<\/a> .<\/p>\n","protected":false},"excerpt":{"rendered":"<p>\u201eLesen st\u00e4rkt die Seele\u201c \u2013 Diese Weisheit von Voltaire wurde unseren Sch\u00fclern am Tag der Autorenlesung einmal mehr bewusst. Dazu kam Herr Hansj\u00f6rg Nessensohn im Rahmen des \u201eLiterarischen Herbstes\u201c in unsere Schule, um den 8. Klassen in zwei Lesungen seine literarischen Werke sowie sein Leben als Autor zu pr\u00e4sentieren.<\/p>\n","protected":false},"author":7,"featured_media":0,"comment_status":"closed","ping_status":"closed","sticky":false,"template":"","format":"standard","meta":{"ngg_post_thumbnail":0,"footnotes":""},"categories":[4],"tags":[],"class_list":["post-14978","post","type-post","status-publish","format-standard","hentry","category-aktuelles"],"_links":{"self":[{"href":"https:\/\/www.maria-koenigin.de\/index.php?rest_route=\/wp\/v2\/posts\/14978","targetHints":{"allow":["GET"]}}],"collection":[{"href":"https:\/\/www.maria-koenigin.de\/index.php?rest_route=\/wp\/v2\/posts"}],"about":[{"href":"https:\/\/www.maria-koenigin.de\/index.php?rest_route=\/wp\/v2\/types\/post"}],"author":[{"embeddable":true,"href":"https:\/\/www.maria-koenigin.de\/index.php?rest_route=\/wp\/v2\/users\/7"}],"replies":[{"embeddable":true,"href":"https:\/\/www.maria-koenigin.de\/index.php?rest_route=%2Fwp%2Fv2%2Fcomments&post=14978"}],"version-history":[{"count":1,"href":"https:\/\/www.maria-koenigin.de\/index.php?rest_route=\/wp\/v2\/posts\/14978\/revisions"}],"predecessor-version":[{"id":14981,"href":"https:\/\/www.maria-koenigin.de\/index.php?rest_route=\/wp\/v2\/posts\/14978\/revisions\/14981"}],"wp:attachment":[{"href":"https:\/\/www.maria-koenigin.de\/index.php?rest_route=%2Fwp%2Fv2%2Fmedia&parent=14978"}],"wp:term":[{"taxonomy":"category","embeddable":true,"href":"https:\/\/www.maria-koenigin.de\/index.php?rest_route=%2Fwp%2Fv2%2Fcategories&post=14978"},{"taxonomy":"post_tag","embeddable":true,"href":"https:\/\/www.maria-koenigin.de\/index.php?rest_route=%2Fwp%2Fv2%2Ftags&post=14978"}],"curies":[{"name":"wp","href":"https:\/\/api.w.org\/{rel}","templated":true}]}}