{"id":14982,"date":"2024-11-26T07:40:46","date_gmt":"2024-11-26T06:40:46","guid":{"rendered":"https:\/\/www.maria-koenigin.de\/?p=14982"},"modified":"2024-11-18T18:31:13","modified_gmt":"2024-11-18T17:31:13","slug":"lisa-fleper-beim-workshop-beruf-politik-u30-und-politik","status":"publish","type":"post","link":"https:\/\/www.maria-koenigin.de\/?p=14982","title":{"rendered":"Lisa Fleper beim Workshop \u201eBeruf: Politik &#8211; U30 und Politik\u201c"},"content":{"rendered":"<p style=\"text-align: justify;\"><img loading=\"lazy\" decoding=\"async\" class=\"alignright wp-image-14983 size-full\" src=\"http:\/\/www.maria-koenigin.de\/wordpress\/wp-content\/uploads\/2024\/11\/Workshop-Politik-Lisa-1.jpg\" alt=\"\" width=\"640\" height=\"480\" srcset=\"https:\/\/www.maria-koenigin.de\/wordpress\/wp-content\/uploads\/2024\/11\/Workshop-Politik-Lisa-1.jpg 640w, https:\/\/www.maria-koenigin.de\/wordpress\/wp-content\/uploads\/2024\/11\/Workshop-Politik-Lisa-1-300x225.jpg 300w, https:\/\/www.maria-koenigin.de\/wordpress\/wp-content\/uploads\/2024\/11\/Workshop-Politik-Lisa-1-624x468.jpg 624w\" sizes=\"auto, (max-width: 640px) 100vw, 640px\" \/>Unsere Sch\u00fclerin Lisa Fleper (Q2) nahm jetzt am Workshop \u201eBeruf: Politik \u2013 U30 und Politik\u201c an der renommierten Hertie School in Berlin teil. Zusammen mit 18 weiteren politisch interessierten jungen Menschen im Alter von 18 bis 29 Jahren aus ganz Deutschland hatte Lisa die Gelegenheit, ihre politischen F\u00e4higkeiten und Kenntnisse zu vertiefen und auszubauen.<!--more--><\/p>\n<p style=\"text-align: justify;\">Daf\u00fcr stellte die Hertie School ein abwechslungsreiches und praxisorientiertes Programm auf, das den Teilnehmenden wertvolle Einblicke in die politische Arbeit erm\u00f6glichte. Zu den Referent*innen geh\u00f6rten unter anderem erfahrenen Politiker*innen wie Laura Staudacher, Pressesprecherin der FDP-Bundestagsfraktion und Gr\u00fcnderin \u201cJunge Lausitz\u201d, Luca Piwodda, Mitglied PDF (Partei des Fortschritts) Gr\u00fcnder der FPA (Start-Up &#8222;Freiparlamentarische Allianz\u201d), B\u00fcrgermeister der Stadt Garz und Hakan Demir, Bundestagsabgeordneter SPD.<\/p>\n<p style=\"text-align: justify;\"><img loading=\"lazy\" decoding=\"async\" class=\"alignright wp-image-14984 size-large\" src=\"http:\/\/www.maria-koenigin.de\/wordpress\/wp-content\/uploads\/2024\/11\/Workshop-Politik-Lisa-3-768x1024.jpg\" alt=\"\" width=\"625\" height=\"833\" srcset=\"https:\/\/www.maria-koenigin.de\/wordpress\/wp-content\/uploads\/2024\/11\/Workshop-Politik-Lisa-3-768x1024.jpg 768w, https:\/\/www.maria-koenigin.de\/wordpress\/wp-content\/uploads\/2024\/11\/Workshop-Politik-Lisa-3-225x300.jpg 225w, https:\/\/www.maria-koenigin.de\/wordpress\/wp-content\/uploads\/2024\/11\/Workshop-Politik-Lisa-3-1152x1536.jpg 1152w, https:\/\/www.maria-koenigin.de\/wordpress\/wp-content\/uploads\/2024\/11\/Workshop-Politik-Lisa-3-1536x2048.jpg 1536w, https:\/\/www.maria-koenigin.de\/wordpress\/wp-content\/uploads\/2024\/11\/Workshop-Politik-Lisa-3-624x832.jpg 624w, https:\/\/www.maria-koenigin.de\/wordpress\/wp-content\/uploads\/2024\/11\/Workshop-Politik-Lisa-3-scaled.jpg 1920w\" sizes=\"auto, (max-width: 625px) 100vw, 625px\" \/>Neben diesen praxisorientierten Gespr\u00e4chen boten intensive Workshops zu den Themen \u201cUmgang mit Hass und Anfeindung im Netz\u201d, \u201cOrganisation einer politischen Kampagne\u201d, \u201cPolitische Rhetorik\u201d und \u201cStrategisches Netzwerken\u201d eine gute M\u00f6glichkeit zur pers\u00f6nlichen und beruflichen Weiterbildung der Teilnehmenden. Diese Vortr\u00e4ge f\u00f6rderten nicht nur die Fachkenntnisse, sondern auch die Soft Skills der jungen Erwachsenen, die in der Politik von entscheidender Bedeutung sind.<\/p>\n<p style=\"text-align: justify;\">Besonders den regen Austausch mit\u00a0 den anderen Workshop-Teilnehmenden wusste Lisa zu sch\u00e4tzen. Die verschiedenen Perspektiven und politischen Hintergr\u00fcnde der jungen Menschen er\u00f6ffneten ihr einen umfassenden Blick auf die vielf\u00e4ltigen M\u00f6glichkeiten, sich in unserer Demokratie zu engagieren. Der Dialog zwischen kommunal und international t\u00e4tigen Teilnehmern bereicherte die Diskussionen und weckte bei Lisa zus\u00e4tzliches Interesse an politischen Themen.<\/p>\n<p style=\"text-align: justify;\">Finanziert wurde der Workshop durch die gemeinn\u00fctzige Hertie Stiftung, die Demokratieprojekte und Gehirnforschung f\u00f6rdert. Die Hertie School bietet zus\u00e4tzlich zu ihrem internationalen Studienprogramm regelm\u00e4\u00dfig Workshops zur politischen Bildung, sowie ma\u00dfgeschneiderte Weiterbildungsprogramme f\u00fcr internationale F\u00fchrungskr\u00e4fte. Auch \u201cJugend Debattiert\u201d oder \u201cJugend entscheidet\u201d fallen unter die Projekte der Hertie Gemeinschaft.<\/p>\n<p style=\"text-align: justify;\"><img loading=\"lazy\" decoding=\"async\" class=\"alignright wp-image-14985 size-full\" src=\"http:\/\/www.maria-koenigin.de\/wordpress\/wp-content\/uploads\/2024\/11\/Workshop-Politik-Lisa-2.jpg\" alt=\"\" width=\"640\" height=\"480\" srcset=\"https:\/\/www.maria-koenigin.de\/wordpress\/wp-content\/uploads\/2024\/11\/Workshop-Politik-Lisa-2.jpg 640w, https:\/\/www.maria-koenigin.de\/wordpress\/wp-content\/uploads\/2024\/11\/Workshop-Politik-Lisa-2-300x225.jpg 300w, https:\/\/www.maria-koenigin.de\/wordpress\/wp-content\/uploads\/2024\/11\/Workshop-Politik-Lisa-2-624x468.jpg 624w\" sizes=\"auto, (max-width: 640px) 100vw, 640px\" \/>Obwohl Lisa nach dem Workshop noch nicht genau wei\u00df, welche Rolle die Politik langfristig in ihrem Leben spielen wird, hat die Veranstaltung ihr Interesse an politischen Themen weiter verst\u00e4rkt und vielleicht ist es nur der Anfang eines noch tiefer gehenden Engagements in unserer Demokratie.<\/p>\n","protected":false},"excerpt":{"rendered":"<p>Unsere Sch\u00fclerin Lisa Fleper (Q2) nahm jetzt am Workshop \u201eBeruf: Politik \u2013 U30 und Politik\u201c an der renommierten Hertie School in Berlin teil. Zusammen mit 18 weiteren politisch interessierten jungen Menschen im Alter von 18 bis 29 Jahren aus ganz Deutschland hatte Lisa die Gelegenheit, ihre politischen F\u00e4higkeiten und Kenntnisse zu vertiefen und auszubauen.<\/p>\n","protected":false},"author":7,"featured_media":0,"comment_status":"closed","ping_status":"closed","sticky":false,"template":"","format":"standard","meta":{"ngg_post_thumbnail":0,"footnotes":""},"categories":[4],"tags":[],"class_list":["post-14982","post","type-post","status-publish","format-standard","hentry","category-aktuelles"],"_links":{"self":[{"href":"https:\/\/www.maria-koenigin.de\/index.php?rest_route=\/wp\/v2\/posts\/14982","targetHints":{"allow":["GET"]}}],"collection":[{"href":"https:\/\/www.maria-koenigin.de\/index.php?rest_route=\/wp\/v2\/posts"}],"about":[{"href":"https:\/\/www.maria-koenigin.de\/index.php?rest_route=\/wp\/v2\/types\/post"}],"author":[{"embeddable":true,"href":"https:\/\/www.maria-koenigin.de\/index.php?rest_route=\/wp\/v2\/users\/7"}],"replies":[{"embeddable":true,"href":"https:\/\/www.maria-koenigin.de\/index.php?rest_route=%2Fwp%2Fv2%2Fcomments&post=14982"}],"version-history":[{"count":1,"href":"https:\/\/www.maria-koenigin.de\/index.php?rest_route=\/wp\/v2\/posts\/14982\/revisions"}],"predecessor-version":[{"id":14986,"href":"https:\/\/www.maria-koenigin.de\/index.php?rest_route=\/wp\/v2\/posts\/14982\/revisions\/14986"}],"wp:attachment":[{"href":"https:\/\/www.maria-koenigin.de\/index.php?rest_route=%2Fwp%2Fv2%2Fmedia&parent=14982"}],"wp:term":[{"taxonomy":"category","embeddable":true,"href":"https:\/\/www.maria-koenigin.de\/index.php?rest_route=%2Fwp%2Fv2%2Fcategories&post=14982"},{"taxonomy":"post_tag","embeddable":true,"href":"https:\/\/www.maria-koenigin.de\/index.php?rest_route=%2Fwp%2Fv2%2Ftags&post=14982"}],"curies":[{"name":"wp","href":"https:\/\/api.w.org\/{rel}","templated":true}]}}