{"id":15280,"date":"2025-01-21T07:00:16","date_gmt":"2025-01-21T06:00:16","guid":{"rendered":"https:\/\/www.maria-koenigin.de\/?p=15280"},"modified":"2025-01-19T11:34:41","modified_gmt":"2025-01-19T10:34:41","slug":"jahrgangsstufe-ef-sieht-der-richter-und-sein-henker","status":"publish","type":"post","link":"https:\/\/www.maria-koenigin.de\/?p=15280","title":{"rendered":"Jahrgangsstufe EF sieht \u201eDer Richter und sein Henker\u201c"},"content":{"rendered":"<p style=\"text-align: justify;\"><a href=\"http:\/\/www.maria-koenigin.de\/wordpress\/wp-content\/uploads\/2025\/01\/IMG_6875kl.jpg\"><img loading=\"lazy\" decoding=\"async\" class=\"alignright size-full wp-image-15281\" src=\"http:\/\/www.maria-koenigin.de\/wordpress\/wp-content\/uploads\/2025\/01\/IMG_6875kl.jpg\" alt=\"\" width=\"640\" height=\"480\" srcset=\"https:\/\/www.maria-koenigin.de\/wordpress\/wp-content\/uploads\/2025\/01\/IMG_6875kl.jpg 640w, https:\/\/www.maria-koenigin.de\/wordpress\/wp-content\/uploads\/2025\/01\/IMG_6875kl-300x225.jpg 300w, https:\/\/www.maria-koenigin.de\/wordpress\/wp-content\/uploads\/2025\/01\/IMG_6875kl-624x468.jpg 624w\" sizes=\"auto, (max-width: 640px) 100vw, 640px\" \/><\/a>Vier Kurse der Jahrgangsstufe EF unseres Gymnasiums besuchten jetzt die Auff\u00fchrung von \u201eDer Richter und sein Henker\u201c im PZ Meggen. Das Kriminalst\u00fcck, basierend auf Friedrich D\u00fcrrenmatts Roman, bot den Sch\u00fclerinnen und Sch\u00fclern eine spannende Mischung aus philosophischer Tiefe und kriminalistischer Raffinesse.<\/p>\n<p style=\"text-align: justify;\">Die Inszenierung \u00fcberzeugte mit einer atmosph\u00e4rischen B\u00fchnenkulisse und starken schauspielerischen Leistungen. Besonders beeindruckte die Darstellung des alternden Kommissars B\u00e4rlach, der in seinem letzten Fall nicht nur einen Mord aufkl\u00e4ren, sondern auch eine alte Rechnung begleichen muss. Die Spannung blieb bis zum Schluss erhalten, und viele Sch\u00fclerinnen und Sch\u00fcler waren \u00fcberrascht \u00fcber den Ausgang des St\u00fccks.\u00a0Der Theaterbesuch bot eine wertvolle Erg\u00e4nzung zum Unterricht und machte D\u00fcrrenmatts Klassiker auf eindrucksvolle Weise erlebbar.<\/p>\n<p style=\"text-align: justify;\">Regelm\u00e4\u00dfige Theaterbesuche bei der Kulturgemeinde Hundem-Lenne erg\u00e4nzen den Deutsch-Unterricht in mehreren Jahrgangsstufen. Wir sind dankbar f\u00fcr das qualitative hochwertige \u00a0Theater-Angebot bei uns vor Ort.<\/p>\n<p><i>Hanna Reuber<\/i><\/p>\n<p>&nbsp;<\/p>\n","protected":false},"excerpt":{"rendered":"<p>Vier Kurse der Jahrgangsstufe EF unseres Gymnasiums besuchten jetzt die Auff\u00fchrung von \u201eDer Richter und sein Henker\u201c im PZ Meggen. Das Kriminalst\u00fcck, basierend auf Friedrich D\u00fcrrenmatts Roman, bot den Sch\u00fclerinnen und Sch\u00fclern eine spannende Mischung aus philosophischer Tiefe und kriminalistischer Raffinesse. Die Inszenierung \u00fcberzeugte mit einer atmosph\u00e4rischen B\u00fchnenkulisse und starken schauspielerischen Leistungen. Besonders beeindruckte die [&hellip;]<\/p>\n","protected":false},"author":7,"featured_media":0,"comment_status":"closed","ping_status":"closed","sticky":false,"template":"","format":"standard","meta":{"ngg_post_thumbnail":0,"footnotes":""},"categories":[4],"tags":[],"class_list":["post-15280","post","type-post","status-publish","format-standard","hentry","category-aktuelles"],"_links":{"self":[{"href":"https:\/\/www.maria-koenigin.de\/index.php?rest_route=\/wp\/v2\/posts\/15280","targetHints":{"allow":["GET"]}}],"collection":[{"href":"https:\/\/www.maria-koenigin.de\/index.php?rest_route=\/wp\/v2\/posts"}],"about":[{"href":"https:\/\/www.maria-koenigin.de\/index.php?rest_route=\/wp\/v2\/types\/post"}],"author":[{"embeddable":true,"href":"https:\/\/www.maria-koenigin.de\/index.php?rest_route=\/wp\/v2\/users\/7"}],"replies":[{"embeddable":true,"href":"https:\/\/www.maria-koenigin.de\/index.php?rest_route=%2Fwp%2Fv2%2Fcomments&post=15280"}],"version-history":[{"count":1,"href":"https:\/\/www.maria-koenigin.de\/index.php?rest_route=\/wp\/v2\/posts\/15280\/revisions"}],"predecessor-version":[{"id":15282,"href":"https:\/\/www.maria-koenigin.de\/index.php?rest_route=\/wp\/v2\/posts\/15280\/revisions\/15282"}],"wp:attachment":[{"href":"https:\/\/www.maria-koenigin.de\/index.php?rest_route=%2Fwp%2Fv2%2Fmedia&parent=15280"}],"wp:term":[{"taxonomy":"category","embeddable":true,"href":"https:\/\/www.maria-koenigin.de\/index.php?rest_route=%2Fwp%2Fv2%2Fcategories&post=15280"},{"taxonomy":"post_tag","embeddable":true,"href":"https:\/\/www.maria-koenigin.de\/index.php?rest_route=%2Fwp%2Fv2%2Ftags&post=15280"}],"curies":[{"name":"wp","href":"https:\/\/api.w.org\/{rel}","templated":true}]}}