{"id":15372,"date":"2025-02-10T10:29:44","date_gmt":"2025-02-10T09:29:44","guid":{"rendered":"https:\/\/www.maria-koenigin.de\/?p=15372"},"modified":"2025-02-11T19:30:43","modified_gmt":"2025-02-11T18:30:43","slug":"ess-geht-um-mehr-zweite-runde","status":"publish","type":"post","link":"https:\/\/www.maria-koenigin.de\/?p=15372","title":{"rendered":"\u201eEs(s) geht um mehr\u201c \u2013 zweite Runde"},"content":{"rendered":"<p style=\"text-align: justify;\"><img loading=\"lazy\" decoding=\"async\" class=\"alignright wp-image-15373 size-full\" src=\"http:\/\/www.maria-koenigin.de\/wordpress\/wp-content\/uploads\/2025\/02\/Ess-geht-um-mehr-1.jpg\" alt=\"\" width=\"640\" height=\"480\" srcset=\"https:\/\/www.maria-koenigin.de\/wordpress\/wp-content\/uploads\/2025\/02\/Ess-geht-um-mehr-1.jpg 640w, https:\/\/www.maria-koenigin.de\/wordpress\/wp-content\/uploads\/2025\/02\/Ess-geht-um-mehr-1-300x225.jpg 300w, https:\/\/www.maria-koenigin.de\/wordpress\/wp-content\/uploads\/2025\/02\/Ess-geht-um-mehr-1-624x468.jpg 624w\" sizes=\"auto, (max-width: 640px) 100vw, 640px\" \/>In der letzten Januarwoche stand f\u00fcr unsere vier 9er-Klassen jeweils ein Projekttag unter dem Thema \u201eEs(s) geht um mehr \u2013 Essen ist Leben\u201c auf dem Programm. Im ersten Teil erhielten die Sch\u00fclerinnen und Sch\u00fcler altersgerechte Sachinformationen zu problematischem Essverhalten. \u201eEin wichtiges Thema, \u00fcber das jeder Jugendliche aufgekl\u00e4rt sein sollte\u201c, sind sich die Jugendlichen in der abschlie\u00dfenden Feedback-Umfrage einig.<!--more--><\/p>\n<p style=\"text-align: justify;\"><img loading=\"lazy\" decoding=\"async\" class=\"alignright wp-image-15374 size-full\" src=\"http:\/\/www.maria-koenigin.de\/wordpress\/wp-content\/uploads\/2025\/02\/Ess-geht-um-mehr-2.jpg\" alt=\"\" width=\"640\" height=\"480\" srcset=\"https:\/\/www.maria-koenigin.de\/wordpress\/wp-content\/uploads\/2025\/02\/Ess-geht-um-mehr-2.jpg 640w, https:\/\/www.maria-koenigin.de\/wordpress\/wp-content\/uploads\/2025\/02\/Ess-geht-um-mehr-2-300x225.jpg 300w, https:\/\/www.maria-koenigin.de\/wordpress\/wp-content\/uploads\/2025\/02\/Ess-geht-um-mehr-2-624x468.jpg 624w\" sizes=\"auto, (max-width: 640px) 100vw, 640px\" \/>Denn in den letzten Jahren, zus\u00e4tzlich verst\u00e4rkt durch die Corona-Pandemie, haben psychische Belastungen von Jugendlichen deutlich zugenommen. Auch die Zahl von Jugendlichen mit problematischem Essverhalten ist stark angestiegen. Genau hier m\u00f6chte das Beratungsteam mit dem Pr\u00e4ventionsangebot ansetzen, denn problematisches Essverhalten beginnt meist im Jugendalter. Neben verschiedenen Belastungsfaktoren im pers\u00f6nlichen Umfeld kann auch sozialer Druck durch \u00fcbertriebene Sch\u00f6nheits- und Leistungsideale das Selbstwertgef\u00fchl der jungen Menschen stark beeintr\u00e4chtigen und zu Unsicherheiten bei der Wahrnehmung des eigenen K\u00f6rpers f\u00fchren. Die fr\u00fchzeitige F\u00f6rderung sch\u00fctzender Faktoren ist daher bedeutsam. Darum lag auch diesmal wieder ein besonderer Fokus darauf, die Bedeutung von st\u00e4rkenden Ressourcen im pers\u00f6nlichen Umfeld und Handlungsm\u00f6glichkeiten aufzuzeigen. Besonders eindrucksvoll zeigte sich, wie sehr die Sch\u00fclerinnen und Sch\u00fcler sich gegenseitig als wertvolle \u201eTankstellen im Alltag\u201c ansehen. Und wie wichtig ein respektvoller Umgang miteinander ist und ein empathischer Blick darauf, wie es den anderen wirklich geht. \u00dcber 70 Prozent der Sch\u00fclerinnen und Sch\u00fcler gaben an, dass sie sich nach dem Projekt zutrauen w\u00fcrden, auf eine betroffene Person zuzugehen und ihr Hilfe anzubieten. Zum Abschluss freuten sich die Sch\u00fclerinnen und Sch\u00fcler \u00fcber tolle Komplimente von ihren Klassenkameraden. Mal mit viel Tiefgang und Feingef\u00fchl, mal \u00fcberraschend oder auch etwas verr\u00fcckt \u2013 aber immer Balsam f\u00fcr die Seele!<\/p>\n<p style=\"text-align: justify;\"><img loading=\"lazy\" decoding=\"async\" class=\"alignright wp-image-15375 size-full\" src=\"http:\/\/www.maria-koenigin.de\/wordpress\/wp-content\/uploads\/2025\/02\/Ess-geht-um-mehr-3.jpg\" alt=\"\" width=\"640\" height=\"853\" srcset=\"https:\/\/www.maria-koenigin.de\/wordpress\/wp-content\/uploads\/2025\/02\/Ess-geht-um-mehr-3.jpg 640w, https:\/\/www.maria-koenigin.de\/wordpress\/wp-content\/uploads\/2025\/02\/Ess-geht-um-mehr-3-225x300.jpg 225w, https:\/\/www.maria-koenigin.de\/wordpress\/wp-content\/uploads\/2025\/02\/Ess-geht-um-mehr-3-624x832.jpg 624w\" sizes=\"auto, (max-width: 640px) 100vw, 640px\" \/>Im zweiten Projektteil konnten wir erneut Eva Hennes, Diplom-\u00d6kotrophologin und selbst Mutter von zwei unserer Sch\u00fclerinnen, gewinnen. F\u00fcr Frau Hennes ist es ein gro\u00dfes Herzensanliegen, Kinder und Jugendliche zu unterst\u00fctzen, damit sie eine positive Beziehung zum Essen aufbauen. Aus Erfahrung wei\u00df Sie, dass dies am besten funktioniert, wenn man sch\u00f6ne ESS-Erlebnisse schafft und damit das Fundament f\u00fcr ein gutes Verh\u00e4ltnis zum Essen entstehen l\u00e4sst. Nach dem Motto von Frau Hennes \u201ef\u00fchrt der Weg zu Gesundheit und Wohlergehen durch die K\u00fcche.\u201c<\/p>\n<p style=\"text-align: justify;\"><img loading=\"lazy\" decoding=\"async\" class=\"alignright wp-image-15376 size-full\" src=\"http:\/\/www.maria-koenigin.de\/wordpress\/wp-content\/uploads\/2025\/02\/Ess-geht-um-mehr-4.jpg\" alt=\"\" width=\"640\" height=\"414\" srcset=\"https:\/\/www.maria-koenigin.de\/wordpress\/wp-content\/uploads\/2025\/02\/Ess-geht-um-mehr-4.jpg 640w, https:\/\/www.maria-koenigin.de\/wordpress\/wp-content\/uploads\/2025\/02\/Ess-geht-um-mehr-4-300x194.jpg 300w, https:\/\/www.maria-koenigin.de\/wordpress\/wp-content\/uploads\/2025\/02\/Ess-geht-um-mehr-4-624x404.jpg 624w\" sizes=\"auto, (max-width: 640px) 100vw, 640px\" \/>Also ging es in die Gemeinschaftsk\u00fcche vom benachbarten Jugendhof. Alle Sch\u00fclerinnen und Sch\u00fcler waren beim Kochevent mit vollem Einsatz dabei und hatten gro\u00dfen Spa\u00df am gemeinsamen Zubereiten der Gerichte. Ohne allzu gro\u00dfen Aufwand wurde etwas Leckeres und Gesundes aus vielf\u00e4ltigen Zutaten zubereitet. Dabei wurden auch neue Lebensmittel entdeckt. Ein mediterraner Nudelsalat, ein saftiger Spitzkohl-M\u00f6hren-Salat sowie pikant marinierte Kartoffeln, K\u00fcrbisse und S\u00fc\u00dfkartoffeln aus dem Ofen standen auf der Speisekarte. Abgerundet wurde das Men\u00fc durch ein raffiniertes Quark-Schichtdessert und leckere Dinkel-Apfel-Waffeln.<\/p>\n<p style=\"text-align: justify;\">Mit diesen tollen Rezepten haben die Sch\u00fclerinnen und Sch\u00fcler gemeinsam ein besonderes \u201eEss-Erlebnis\u201c schaffen k\u00f6nnen. Das Schlemmen und Genie\u00dfen nach getaner Arbeit war dabei nat\u00fcrlich das Allersch\u00f6nste! Die leicht gelingenden, vollwertigen Rezepte k\u00f6nnen zuk\u00fcnftig auch zuhause nachgekocht werden. Dazu gibt es f\u00fcr jede Klasse ein Rezeptheft mit Fotos vom Kochevent.<\/p>\n<p style=\"text-align: justify;\"><img loading=\"lazy\" decoding=\"async\" class=\"alignright wp-image-15377 size-full\" src=\"http:\/\/www.maria-koenigin.de\/wordpress\/wp-content\/uploads\/2025\/02\/Ess-geht-um-mehr-5.jpg\" alt=\"\" width=\"640\" height=\"277\" srcset=\"https:\/\/www.maria-koenigin.de\/wordpress\/wp-content\/uploads\/2025\/02\/Ess-geht-um-mehr-5.jpg 640w, https:\/\/www.maria-koenigin.de\/wordpress\/wp-content\/uploads\/2025\/02\/Ess-geht-um-mehr-5-300x130.jpg 300w, https:\/\/www.maria-koenigin.de\/wordpress\/wp-content\/uploads\/2025\/02\/Ess-geht-um-mehr-5-624x270.jpg 624w\" sizes=\"auto, (max-width: 640px) 100vw, 640px\" \/>Abschlie\u00dfend gilt ein gro\u00dfes Dankesch\u00f6n Eva Hennes. Sie hat mit gro\u00dfem pers\u00f6nlichem Engagement und Zeiteinsatz ganz ma\u00dfgeblich zum Erfolg des Projektes beigetragen. Auch der NaturPur Biomarkt Lennestadt ist uns mit einem gro\u00dfz\u00fcgigen Preisnachlass beim Einkauf der Lebensmittel entgegengekommen. Zu guter Letzt gilt unser Dank dem benachbarten Jugendhof, dessen Gemeinschaftsk\u00fcche und Speiseraum wir kostenlos nutzen durften.<\/p>\n<p style=\"text-align: justify;\"><em>Christiane Schell (Mitglied MK-Beratungsteam) <\/em><\/p>\n","protected":false},"excerpt":{"rendered":"<p>In der letzten Januarwoche stand f\u00fcr unsere vier 9er-Klassen jeweils ein Projekttag unter dem Thema \u201eEs(s) geht um mehr \u2013 Essen ist Leben\u201c auf dem Programm. Im ersten Teil erhielten die Sch\u00fclerinnen und Sch\u00fcler altersgerechte Sachinformationen zu problematischem Essverhalten. \u201eEin wichtiges Thema, \u00fcber das jeder Jugendliche aufgekl\u00e4rt sein sollte\u201c, sind sich die Jugendlichen in der [&hellip;]<\/p>\n","protected":false},"author":7,"featured_media":0,"comment_status":"closed","ping_status":"closed","sticky":false,"template":"","format":"standard","meta":{"ngg_post_thumbnail":0,"footnotes":""},"categories":[4,19],"tags":[],"class_list":["post-15372","post","type-post","status-publish","format-standard","hentry","category-aktuelles","category-mint"],"_links":{"self":[{"href":"https:\/\/www.maria-koenigin.de\/index.php?rest_route=\/wp\/v2\/posts\/15372","targetHints":{"allow":["GET"]}}],"collection":[{"href":"https:\/\/www.maria-koenigin.de\/index.php?rest_route=\/wp\/v2\/posts"}],"about":[{"href":"https:\/\/www.maria-koenigin.de\/index.php?rest_route=\/wp\/v2\/types\/post"}],"author":[{"embeddable":true,"href":"https:\/\/www.maria-koenigin.de\/index.php?rest_route=\/wp\/v2\/users\/7"}],"replies":[{"embeddable":true,"href":"https:\/\/www.maria-koenigin.de\/index.php?rest_route=%2Fwp%2Fv2%2Fcomments&post=15372"}],"version-history":[{"count":1,"href":"https:\/\/www.maria-koenigin.de\/index.php?rest_route=\/wp\/v2\/posts\/15372\/revisions"}],"predecessor-version":[{"id":15378,"href":"https:\/\/www.maria-koenigin.de\/index.php?rest_route=\/wp\/v2\/posts\/15372\/revisions\/15378"}],"wp:attachment":[{"href":"https:\/\/www.maria-koenigin.de\/index.php?rest_route=%2Fwp%2Fv2%2Fmedia&parent=15372"}],"wp:term":[{"taxonomy":"category","embeddable":true,"href":"https:\/\/www.maria-koenigin.de\/index.php?rest_route=%2Fwp%2Fv2%2Fcategories&post=15372"},{"taxonomy":"post_tag","embeddable":true,"href":"https:\/\/www.maria-koenigin.de\/index.php?rest_route=%2Fwp%2Fv2%2Ftags&post=15372"}],"curies":[{"name":"wp","href":"https:\/\/api.w.org\/{rel}","templated":true}]}}