{"id":15385,"date":"2025-02-15T07:00:26","date_gmt":"2025-02-15T06:00:26","guid":{"rendered":"https:\/\/www.maria-koenigin.de\/?p=15385"},"modified":"2025-02-12T00:26:20","modified_gmt":"2025-02-11T23:26:20","slug":"turnteam-erringt-zweiten-platz-auf-regierungsbezirksebene","status":"publish","type":"post","link":"https:\/\/www.maria-koenigin.de\/?p=15385","title":{"rendered":"Turnteam erringt zweiten Platz auf Regierungsbezirksebene"},"content":{"rendered":"<p><img loading=\"lazy\" decoding=\"async\" class=\"alignright wp-image-15386 size-full\" src=\"http:\/\/www.maria-koenigin.de\/wordpress\/wp-content\/uploads\/2025\/02\/Alle-am-Barrenkl.jpg\" alt=\"\" width=\"640\" height=\"1002\" srcset=\"https:\/\/www.maria-koenigin.de\/wordpress\/wp-content\/uploads\/2025\/02\/Alle-am-Barrenkl.jpg 640w, https:\/\/www.maria-koenigin.de\/wordpress\/wp-content\/uploads\/2025\/02\/Alle-am-Barrenkl-192x300.jpg 192w, https:\/\/www.maria-koenigin.de\/wordpress\/wp-content\/uploads\/2025\/02\/Alle-am-Barrenkl-624x977.jpg 624w\" sizes=\"auto, (max-width: 640px) 100vw, 640px\" \/><\/p>\n<p style=\"text-align: justify;\">Dana Daus und Maia Tr\u00f6ster (5a), Ella Bergendahl, Antonia Fleper und Luisa Schmidt (6a) berichten von ihrem erfolgreichen Auftritt bei den Turnmeisterschaften auf Regierungsbezirksebene:<\/p>\n<p style=\"text-align: justify;\">&#8222;Am 5.2.2025 fuhren wir &#8211; relativ spontan und ohne wirkliche Vorbereitung &#8211; zu den Regierungsbezirksmeisterschaften ins Turnzentrum nach Bochum. Freda Hauschild (9d) und Frau Wirz sind als tolle Begleitungen mitgefahren. <!--more-->Schon um 6:30 Uhr ging es ab MK los. Durch Glatteis und stehende LKW kamen wir leider mit einer Stunde Versp\u00e4tung in der Turnhalle an. Nach schnellem Aufw\u00e4rmen starteten wir den Wettkampf am Sprung. Bei allen lief es sehr gut und wir bekamen hohe Wertungen.<\/p>\n<p style=\"text-align: justify;\"><img loading=\"lazy\" decoding=\"async\" class=\"alignright wp-image-15388 size-full\" src=\"http:\/\/www.maria-koenigin.de\/wordpress\/wp-content\/uploads\/2025\/02\/Dana-und-Urkundekl.jpg\" alt=\"\" width=\"640\" height=\"480\" srcset=\"https:\/\/www.maria-koenigin.de\/wordpress\/wp-content\/uploads\/2025\/02\/Dana-und-Urkundekl.jpg 640w, https:\/\/www.maria-koenigin.de\/wordpress\/wp-content\/uploads\/2025\/02\/Dana-und-Urkundekl-300x225.jpg 300w, https:\/\/www.maria-koenigin.de\/wordpress\/wp-content\/uploads\/2025\/02\/Dana-und-Urkundekl-624x468.jpg 624w\" sizes=\"auto, (max-width: 640px) 100vw, 640px\" \/>Auch beim Boden, Barren und Balken lief alles reibungslos und wir waren sehr zufrieden, dass wir einen guten und nahezu sturzfreien Wettkampf hinter uns gebracht hatten.<\/p>\n<p><img loading=\"lazy\" decoding=\"async\" class=\"alignright wp-image-15389 size-full\" src=\"http:\/\/www.maria-koenigin.de\/wordpress\/wp-content\/uploads\/2025\/02\/Fruehstueckkl.jpg\" alt=\"\" width=\"640\" height=\"386\" srcset=\"https:\/\/www.maria-koenigin.de\/wordpress\/wp-content\/uploads\/2025\/02\/Fruehstueckkl.jpg 640w, https:\/\/www.maria-koenigin.de\/wordpress\/wp-content\/uploads\/2025\/02\/Fruehstueckkl-300x181.jpg 300w, https:\/\/www.maria-koenigin.de\/wordpress\/wp-content\/uploads\/2025\/02\/Fruehstueckkl-624x376.jpg 624w\" sizes=\"auto, (max-width: 640px) 100vw, 640px\" \/><\/p>\n<p style=\"text-align: justify;\">Bevor wir uns auf der gro\u00dfen 12x12m-Tumblingbodenfl\u00e4che zur Siegerehrung aufstellten, hatten wir ein leckeres Fr\u00fchst\u00fcck auf der Trib\u00fcne mit Geburtstagskuchen von Dana. Als die einzelnen Pl\u00e4tze aufgerufen wurden, waren wir sehr aufgeregt. Es traten insgesamt neun Mannschaften in dieser Wettkampfklasse an. V\u00f6llig unerwartet kamen wir auf den zweiten Platz und freuten uns sehr.<\/p>\n<p><img loading=\"lazy\" decoding=\"async\" class=\"alignright wp-image-15390 size-full\" src=\"http:\/\/www.maria-koenigin.de\/wordpress\/wp-content\/uploads\/2025\/02\/Trampolinkl-1.jpg\" alt=\"\" width=\"640\" height=\"512\" srcset=\"https:\/\/www.maria-koenigin.de\/wordpress\/wp-content\/uploads\/2025\/02\/Trampolinkl-1.jpg 640w, https:\/\/www.maria-koenigin.de\/wordpress\/wp-content\/uploads\/2025\/02\/Trampolinkl-1-300x240.jpg 300w, https:\/\/www.maria-koenigin.de\/wordpress\/wp-content\/uploads\/2025\/02\/Trampolinkl-1-624x499.jpg 624w\" sizes=\"auto, (max-width: 640px) 100vw, 640px\" \/><\/p>\n<p style=\"text-align: justify;\">Zum Schluss durften wir uns noch auf dem Trampolin und in der Schnitzelgrube austoben, bis wir mit dem Bus nach Hause fuhren. Wir sind super zufrieden mit dem tollen Tag und wir hoffen im n\u00e4chsten Jahr wieder teilnehmen zu d\u00fcrfen.&#8220;<\/p>\n<p style=\"text-align: justify;\"><em>Dana Daus, Maia Tr\u00f6ster (beide 5a), Ella Bergendahl, Antonia Fleper, Luisa Schmidt (alle drei 6a)<\/em><\/p>\n","protected":false},"excerpt":{"rendered":"<p>Dana Daus und Maia Tr\u00f6ster (5a), Ella Bergendahl, Antonia Fleper und Luisa Schmidt (6a) berichten von ihrem erfolgreichen Auftritt bei den Turnmeisterschaften auf Regierungsbezirksebene: &#8222;Am 5.2.2025 fuhren wir &#8211; relativ spontan und ohne wirkliche Vorbereitung &#8211; zu den Regierungsbezirksmeisterschaften ins Turnzentrum nach Bochum. Freda Hauschild (9d) und Frau Wirz sind als tolle Begleitungen mitgefahren.<\/p>\n","protected":false},"author":7,"featured_media":0,"comment_status":"closed","ping_status":"closed","sticky":false,"template":"","format":"standard","meta":{"ngg_post_thumbnail":0,"footnotes":""},"categories":[4],"tags":[],"class_list":["post-15385","post","type-post","status-publish","format-standard","hentry","category-aktuelles"],"_links":{"self":[{"href":"https:\/\/www.maria-koenigin.de\/index.php?rest_route=\/wp\/v2\/posts\/15385","targetHints":{"allow":["GET"]}}],"collection":[{"href":"https:\/\/www.maria-koenigin.de\/index.php?rest_route=\/wp\/v2\/posts"}],"about":[{"href":"https:\/\/www.maria-koenigin.de\/index.php?rest_route=\/wp\/v2\/types\/post"}],"author":[{"embeddable":true,"href":"https:\/\/www.maria-koenigin.de\/index.php?rest_route=\/wp\/v2\/users\/7"}],"replies":[{"embeddable":true,"href":"https:\/\/www.maria-koenigin.de\/index.php?rest_route=%2Fwp%2Fv2%2Fcomments&post=15385"}],"version-history":[{"count":1,"href":"https:\/\/www.maria-koenigin.de\/index.php?rest_route=\/wp\/v2\/posts\/15385\/revisions"}],"predecessor-version":[{"id":15391,"href":"https:\/\/www.maria-koenigin.de\/index.php?rest_route=\/wp\/v2\/posts\/15385\/revisions\/15391"}],"wp:attachment":[{"href":"https:\/\/www.maria-koenigin.de\/index.php?rest_route=%2Fwp%2Fv2%2Fmedia&parent=15385"}],"wp:term":[{"taxonomy":"category","embeddable":true,"href":"https:\/\/www.maria-koenigin.de\/index.php?rest_route=%2Fwp%2Fv2%2Fcategories&post=15385"},{"taxonomy":"post_tag","embeddable":true,"href":"https:\/\/www.maria-koenigin.de\/index.php?rest_route=%2Fwp%2Fv2%2Ftags&post=15385"}],"curies":[{"name":"wp","href":"https:\/\/api.w.org\/{rel}","templated":true}]}}