{"id":15500,"date":"2025-03-03T12:26:44","date_gmt":"2025-03-03T11:26:44","guid":{"rendered":"https:\/\/www.maria-koenigin.de\/?p=15500"},"modified":"2025-03-03T12:26:44","modified_gmt":"2025-03-03T11:26:44","slug":"erste-hilfe-kurs-des-kollegiums","status":"publish","type":"post","link":"https:\/\/www.maria-koenigin.de\/?p=15500","title":{"rendered":"Erste Hilfe-Kurs des Kollegiums"},"content":{"rendered":"<p style=\"text-align: justify;\"><img loading=\"lazy\" decoding=\"async\" class=\"alignright wp-image-15501 size-full\" src=\"http:\/\/www.maria-koenigin.de\/wordpress\/wp-content\/uploads\/2025\/03\/Erste-Hilfe4kl.jpg\" alt=\"\" width=\"640\" height=\"853\" srcset=\"https:\/\/www.maria-koenigin.de\/wordpress\/wp-content\/uploads\/2025\/03\/Erste-Hilfe4kl.jpg 640w, https:\/\/www.maria-koenigin.de\/wordpress\/wp-content\/uploads\/2025\/03\/Erste-Hilfe4kl-225x300.jpg 225w, https:\/\/www.maria-koenigin.de\/wordpress\/wp-content\/uploads\/2025\/03\/Erste-Hilfe4kl-624x832.jpg 624w\" sizes=\"auto, (max-width: 640px) 100vw, 640px\" \/>W\u00e4hrend die Sch\u00fclerinnen und Sch\u00fcler an Weiberfastnacht mit einem Studientag \u00a0besch\u00e4ftigt waren, absolvierte das Lehrerkollegium unserer Schule eine ganz wichtige Fortbildung. Die Kenntnisse in Erster Hilfe sollten regelm\u00e4\u00dfig aufgefrischt werden, damit die Mitarbeitenden bei gr\u00f6\u00dferen oder kleineren Notf\u00e4llen \u00a0Hilfe leisten k\u00f6nnen. Daher stand nach einigen Jahren wieder einmal eine Erste Hilfe-Schulung an.<!--more--><\/p>\n<p style=\"text-align: justify;\"><img loading=\"lazy\" decoding=\"async\" class=\"alignright wp-image-15502 size-full\" src=\"http:\/\/www.maria-koenigin.de\/wordpress\/wp-content\/uploads\/2025\/03\/Erste-Hilfe3kl.jpg\" alt=\"\" width=\"640\" height=\"645\" srcset=\"https:\/\/www.maria-koenigin.de\/wordpress\/wp-content\/uploads\/2025\/03\/Erste-Hilfe3kl.jpg 640w, https:\/\/www.maria-koenigin.de\/wordpress\/wp-content\/uploads\/2025\/03\/Erste-Hilfe3kl-298x300.jpg 298w, https:\/\/www.maria-koenigin.de\/wordpress\/wp-content\/uploads\/2025\/03\/Erste-Hilfe3kl-150x150.jpg 150w, https:\/\/www.maria-koenigin.de\/wordpress\/wp-content\/uploads\/2025\/03\/Erste-Hilfe3kl-624x629.jpg 624w\" sizes=\"auto, (max-width: 640px) 100vw, 640px\" \/>Herr und Frau Kroes, Herr Brunthaler und Frau Schreiber vom Malteser Hilfsdienst vermittelten sehr anschaulich und mit vielen Beispielen und Tipps die Grundkenntnisse in Erster Hilfe. Dabei spielten auch die spezielle Situation in der Schule und die m\u00f6glichen Gefahren dort eine gro\u00dfe Rolle.<\/p>\n<p style=\"text-align: justify;\"><img loading=\"lazy\" decoding=\"async\" class=\"alignright wp-image-15503 size-full\" src=\"http:\/\/www.maria-koenigin.de\/wordpress\/wp-content\/uploads\/2025\/03\/Erste-Hilfe2kl.jpg\" alt=\"\" width=\"640\" height=\"801\" srcset=\"https:\/\/www.maria-koenigin.de\/wordpress\/wp-content\/uploads\/2025\/03\/Erste-Hilfe2kl.jpg 640w, https:\/\/www.maria-koenigin.de\/wordpress\/wp-content\/uploads\/2025\/03\/Erste-Hilfe2kl-240x300.jpg 240w, https:\/\/www.maria-koenigin.de\/wordpress\/wp-content\/uploads\/2025\/03\/Erste-Hilfe2kl-624x781.jpg 624w\" sizes=\"auto, (max-width: 640px) 100vw, 640px\" \/>Das Ein\u00fcben der Grundfertigkeiten, etwa zu lebensrettenden Sofortma\u00dfnahmen, zur Wundversorgung und zum Einsatz eines Defibrillators stand genauso auf dem Programm wie spezielle Fragen.<\/p>\n<p style=\"text-align: justify;\"><img loading=\"lazy\" decoding=\"async\" class=\"alignleft wp-image-15504\" src=\"http:\/\/www.maria-koenigin.de\/wordpress\/wp-content\/uploads\/2025\/03\/Erste-Hilfe1kl-532x1024.jpg\" alt=\"\" width=\"623\" height=\"1199\" srcset=\"https:\/\/www.maria-koenigin.de\/wordpress\/wp-content\/uploads\/2025\/03\/Erste-Hilfe1kl-532x1024.jpg 532w, https:\/\/www.maria-koenigin.de\/wordpress\/wp-content\/uploads\/2025\/03\/Erste-Hilfe1kl-156x300.jpg 156w, https:\/\/www.maria-koenigin.de\/wordpress\/wp-content\/uploads\/2025\/03\/Erste-Hilfe1kl-624x1201.jpg 624w, https:\/\/www.maria-koenigin.de\/wordpress\/wp-content\/uploads\/2025\/03\/Erste-Hilfe1kl.jpg 640w\" sizes=\"auto, (max-width: 623px) 100vw, 623px\" \/>Bei aller gebotenen Ernsthaftigkeit kam aber auch der Spa\u00df, etwa beim Verb\u00e4nde anlegen, nicht zu kurz und passend zu Weiberfastnacht spendierte der Lehrerrat Berliner Ballen. Ein herzliches Dankesch\u00f6n geht an die \u00a0Referenten des MHD f\u00fcr ihre kompetente und kurzweilige Leitung der drei Arbeitsgruppen.<\/p>\n","protected":false},"excerpt":{"rendered":"<p>W\u00e4hrend die Sch\u00fclerinnen und Sch\u00fcler an Weiberfastnacht mit einem Studientag \u00a0besch\u00e4ftigt waren, absolvierte das Lehrerkollegium unserer Schule eine ganz wichtige Fortbildung. Die Kenntnisse in Erster Hilfe sollten regelm\u00e4\u00dfig aufgefrischt werden, damit die Mitarbeitenden bei gr\u00f6\u00dferen oder kleineren Notf\u00e4llen \u00a0Hilfe leisten k\u00f6nnen. Daher stand nach einigen Jahren wieder einmal eine Erste Hilfe-Schulung an.<\/p>\n","protected":false},"author":7,"featured_media":0,"comment_status":"closed","ping_status":"closed","sticky":false,"template":"","format":"standard","meta":{"ngg_post_thumbnail":0,"footnotes":""},"categories":[4],"tags":[],"class_list":["post-15500","post","type-post","status-publish","format-standard","hentry","category-aktuelles"],"_links":{"self":[{"href":"https:\/\/www.maria-koenigin.de\/index.php?rest_route=\/wp\/v2\/posts\/15500","targetHints":{"allow":["GET"]}}],"collection":[{"href":"https:\/\/www.maria-koenigin.de\/index.php?rest_route=\/wp\/v2\/posts"}],"about":[{"href":"https:\/\/www.maria-koenigin.de\/index.php?rest_route=\/wp\/v2\/types\/post"}],"author":[{"embeddable":true,"href":"https:\/\/www.maria-koenigin.de\/index.php?rest_route=\/wp\/v2\/users\/7"}],"replies":[{"embeddable":true,"href":"https:\/\/www.maria-koenigin.de\/index.php?rest_route=%2Fwp%2Fv2%2Fcomments&post=15500"}],"version-history":[{"count":1,"href":"https:\/\/www.maria-koenigin.de\/index.php?rest_route=\/wp\/v2\/posts\/15500\/revisions"}],"predecessor-version":[{"id":15505,"href":"https:\/\/www.maria-koenigin.de\/index.php?rest_route=\/wp\/v2\/posts\/15500\/revisions\/15505"}],"wp:attachment":[{"href":"https:\/\/www.maria-koenigin.de\/index.php?rest_route=%2Fwp%2Fv2%2Fmedia&parent=15500"}],"wp:term":[{"taxonomy":"category","embeddable":true,"href":"https:\/\/www.maria-koenigin.de\/index.php?rest_route=%2Fwp%2Fv2%2Fcategories&post=15500"},{"taxonomy":"post_tag","embeddable":true,"href":"https:\/\/www.maria-koenigin.de\/index.php?rest_route=%2Fwp%2Fv2%2Ftags&post=15500"}],"curies":[{"name":"wp","href":"https:\/\/api.w.org\/{rel}","templated":true}]}}