{"id":15521,"date":"2025-03-08T12:37:43","date_gmt":"2025-03-08T11:37:43","guid":{"rendered":"https:\/\/www.maria-koenigin.de\/?p=15521"},"modified":"2025-03-08T12:37:43","modified_gmt":"2025-03-08T11:37:43","slug":"visionaerin-carolin-geisler-erhaelt-engagement-preis","status":"publish","type":"post","link":"https:\/\/www.maria-koenigin.de\/?p=15521","title":{"rendered":"\u201eVision\u00e4rin\u201c Carolin Geisler erh\u00e4lt Engagement-Preis"},"content":{"rendered":"<p style=\"text-align: justify;\"><img loading=\"lazy\" decoding=\"async\" class=\"alignright wp-image-15523 size-full\" src=\"http:\/\/www.maria-koenigin.de\/wordpress\/wp-content\/uploads\/2025\/03\/ALK25.1.jpg\" alt=\"\" width=\"640\" height=\"492\" srcset=\"https:\/\/www.maria-koenigin.de\/wordpress\/wp-content\/uploads\/2025\/03\/ALK25.1.jpg 640w, https:\/\/www.maria-koenigin.de\/wordpress\/wp-content\/uploads\/2025\/03\/ALK25.1-300x231.jpg 300w, https:\/\/www.maria-koenigin.de\/wordpress\/wp-content\/uploads\/2025\/03\/ALK25.1-624x480.jpg 624w\" sizes=\"auto, (max-width: 640px) 100vw, 640px\" \/>In einer perfekt organisierten Veranstaltung verlieh die Sparkasse Attendorn-Lennestadt-Kirchhundem den Sch\u00fclerpreis 2025 an vier Sch\u00fclerinnen und Sch\u00fcler der Attendorner und Lennest\u00e4dter Gymnasien. Die Preistr\u00e4ger waren zuvor von schulinternen Jurys gew\u00e4hlt worden.<!--more--><\/p>\n<p style=\"text-align: justify;\"><img loading=\"lazy\" decoding=\"async\" class=\"alignright wp-image-15528 size-full\" src=\"http:\/\/www.maria-koenigin.de\/wordpress\/wp-content\/uploads\/2025\/03\/ALK25.5.jpg\" alt=\"\" width=\"640\" height=\"427\" srcset=\"https:\/\/www.maria-koenigin.de\/wordpress\/wp-content\/uploads\/2025\/03\/ALK25.5.jpg 640w, https:\/\/www.maria-koenigin.de\/wordpress\/wp-content\/uploads\/2025\/03\/ALK25.5-300x200.jpg 300w, https:\/\/www.maria-koenigin.de\/wordpress\/wp-content\/uploads\/2025\/03\/ALK25.5-624x416.jpg 624w\" sizes=\"auto, (max-width: 640px) 100vw, 640px\" \/>\u201eMit diesem Preis wollen wir junge Menschen auszeichnen, die \u00a0Verantwortung \u00fcbernehmen, die etwas bewegen und wir hoffen, dass sie als Vorbilder auch andere mit dem Ehrenamts- und Sozialengagementsvirus anstecken\u201c, erkl\u00e4rte Heinz-J\u00f6rg Reichmann als Vorstandsvorsitzender der Sparkasse in seiner Begr\u00fc\u00dfung.<\/p>\n<p style=\"text-align: justify;\"><strong>Maria K\u00f6nigin als Gastgeber mit \u201eWinnie Wackelzahn\u201c <\/strong><\/p>\n<p style=\"text-align: justify;\">Neben den Schulleitungen und Sch\u00fclern der beteiligten Schulen waren auch die B\u00fcrgermeister von Attendorn, Kirchhundem und Lennestadt, die Familien der Preistr\u00e4ger und zahlreiche Vertreter der Sparkasse anwesend.<\/p>\n<p style=\"text-align: justify;\">F\u00fcr das Gymnasium Maria K\u00f6nigin wurde Carolin Geisler aus der Q2 f\u00fcr ihr konsequentes und intensives Engagement f\u00fcr Nachhaltigkeit, Umwelt- und Klimaschutz ausgezeichnet. Carolin war auch ma\u00dfgeblich an der Gr\u00fcndung der Bezirkssch\u00fclervertretung beteiligt und arbeitete im Vorstand der Landessch\u00fclervertretung mit.<\/p>\n<p style=\"text-align: justify;\"><img loading=\"lazy\" decoding=\"async\" class=\"alignright wp-image-15524 size-full\" src=\"http:\/\/www.maria-koenigin.de\/wordpress\/wp-content\/uploads\/2025\/03\/ALK25.10.jpg\" alt=\"\" width=\"640\" height=\"427\" srcset=\"https:\/\/www.maria-koenigin.de\/wordpress\/wp-content\/uploads\/2025\/03\/ALK25.10.jpg 640w, https:\/\/www.maria-koenigin.de\/wordpress\/wp-content\/uploads\/2025\/03\/ALK25.10-300x200.jpg 300w, https:\/\/www.maria-koenigin.de\/wordpress\/wp-content\/uploads\/2025\/03\/ALK25.10-624x416.jpg 624w\" sizes=\"auto, (max-width: 640px) 100vw, 640px\" \/>Da Maria K\u00f6nigin auch Gastgeber der Veranstaltung war, oblag es Schulleiter Fabian Borys ein Gru\u00dfwort an die zahlreichen G\u00e4ste der Veranstaltung zu richten und die musikalische Gestaltung \u00fcbernahmen F\u00fcnft- und Sechstkl\u00e4ssler mit drei Beitr\u00e4gen aus dem sehr erfolgreichen Kindermusical \u201eWinnie Wackelzahn\u201c.<\/p>\n<p style=\"text-align: justify;\"><strong>Engagement f\u00fcr Nachhaltigkeit und eine ges\u00fcndere Welt <\/strong><\/p>\n<p style=\"text-align: justify;\"><img loading=\"lazy\" decoding=\"async\" class=\"alignright wp-image-15525 size-full\" src=\"http:\/\/www.maria-koenigin.de\/wordpress\/wp-content\/uploads\/2025\/03\/ALK25.6kl.jpg\" alt=\"\" width=\"640\" height=\"853\" srcset=\"https:\/\/www.maria-koenigin.de\/wordpress\/wp-content\/uploads\/2025\/03\/ALK25.6kl.jpg 640w, https:\/\/www.maria-koenigin.de\/wordpress\/wp-content\/uploads\/2025\/03\/ALK25.6kl-225x300.jpg 225w, https:\/\/www.maria-koenigin.de\/wordpress\/wp-content\/uploads\/2025\/03\/ALK25.6kl-624x832.jpg 624w\" sizes=\"auto, (max-width: 640px) 100vw, 640px\" \/>\u201eDu setzt dich als Vision\u00e4rin f\u00fcr eine bessere, gerechtere, ges\u00fcndere Welt ein. Au\u00dferdem hast du viele, immer neue, teilweise unkonventionelle Ideen, die du umsetzen und mit denen du andere Menschen unterst\u00fctzen und pr\u00e4gen m\u00f6chtest \u2013 am liebsten sofort.\u201c So beschrieb Lisa Braune als Laudatorin die besonderen F\u00e4higkeiten Carolin Geislers. Carolin erkenne den aktuellen Stand der Ding, ungesch\u00f6nt, realistisch, schmerzhaft \u2013 und dabei sei ihr auch bewusst, was der aktuelle Stand f\u00fcr die Zukunft bedeute und welche Konsequenzen er mit sich bringe, aber auch, was sich \u00e4ndern m\u00fcsse, damit sich Potentiale entfalten und positive Entwicklungen eintreten k\u00f6nnten.<\/p>\n<p style=\"text-align: justify;\"><img loading=\"lazy\" decoding=\"async\" class=\"alignright wp-image-15527 size-full\" src=\"http:\/\/www.maria-koenigin.de\/wordpress\/wp-content\/uploads\/2025\/03\/ALK25.3.jpg\" alt=\"\" width=\"640\" height=\"477\" srcset=\"https:\/\/www.maria-koenigin.de\/wordpress\/wp-content\/uploads\/2025\/03\/ALK25.3.jpg 640w, https:\/\/www.maria-koenigin.de\/wordpress\/wp-content\/uploads\/2025\/03\/ALK25.3-300x224.jpg 300w, https:\/\/www.maria-koenigin.de\/wordpress\/wp-content\/uploads\/2025\/03\/ALK25.3-624x465.jpg 624w\" sizes=\"auto, (max-width: 640px) 100vw, 640px\" \/>Carolin Geisler ist in der Ortsgruppe Olpe von \u201efridays for future\u201c aktiv, organisiert Demonstrationen und tritt als Rednerin auf. Weiterhin engagiert sie sich in der Greenpeace Jugend in ganz konkreten Projekten und bei Protestveranstaltungen zum Schutz des Meeres und des Waldes. \u00a0Lehrer Peter Peil betonte auch Carolins Einsatz f\u00fcr Nachhaltigkeit in der Schule, etwa bei der Umstellung des Angebots der Cafeteria.<\/p>\n<p style=\"text-align: justify;\"><img loading=\"lazy\" decoding=\"async\" class=\"alignright wp-image-15526 size-full\" src=\"http:\/\/www.maria-koenigin.de\/wordpress\/wp-content\/uploads\/2025\/03\/ALK25.8.jpg\" alt=\"\" width=\"640\" height=\"807\" srcset=\"https:\/\/www.maria-koenigin.de\/wordpress\/wp-content\/uploads\/2025\/03\/ALK25.8.jpg 640w, https:\/\/www.maria-koenigin.de\/wordpress\/wp-content\/uploads\/2025\/03\/ALK25.8-238x300.jpg 238w, https:\/\/www.maria-koenigin.de\/wordpress\/wp-content\/uploads\/2025\/03\/ALK25.8-624x787.jpg 624w\" sizes=\"auto, (max-width: 640px) 100vw, 640px\" \/>Carolin sei kreativ und innovativ, entschlossen, resilient und risikobereit. All das mache eine Vision\u00e4rin aus. Die Laudatoren erkl\u00e4rten: \u201eIn unserer heutigen Welt, die voll von teilweise be\u00e4ngstigenden Entwicklungen, Ver\u00e4nderungen und Str\u00f6mungen ist, brauchen wir Menschen, die die Zukunft im Blick haben, sie sehen und selbst in die Hand nehmen \u2013 wir brauchen mehr Vision\u00e4rem wie Carolin\u201c.<\/p>\n<p style=\"text-align: justify;\"><strong><img loading=\"lazy\" decoding=\"async\" class=\"alignright wp-image-15529 size-full\" src=\"http:\/\/www.maria-koenigin.de\/wordpress\/wp-content\/uploads\/2025\/03\/ALK25.7kl.jpg\" alt=\"\" width=\"640\" height=\"853\" srcset=\"https:\/\/www.maria-koenigin.de\/wordpress\/wp-content\/uploads\/2025\/03\/ALK25.7kl.jpg 640w, https:\/\/www.maria-koenigin.de\/wordpress\/wp-content\/uploads\/2025\/03\/ALK25.7kl-225x300.jpg 225w, https:\/\/www.maria-koenigin.de\/wordpress\/wp-content\/uploads\/2025\/03\/ALK25.7kl-624x832.jpg 624w\" sizes=\"auto, (max-width: 640px) 100vw, 640px\" \/>\u201eMacht darf nicht das Recht brechen\u201c<\/strong><\/p>\n<p style=\"text-align: justify;\">Den Bezug zum aktuellen Weltgeschehen stellte auch Fabian Borys in seinem Gru\u00dfwort her. In deutlichen Worten kritisierte er eine Entwicklung, in der man beobachten k\u00f6nne, \u201ewie die Macht das Recht bricht\u201c. \u00a0Im Hinblick auf die Entwicklung in den USA erkl\u00e4rte er: \u201eDas langj\u00e4hrig gewachsene Wertegef\u00fcge, politische und strategische Freundschaften werden dem gr\u00f6\u00dfenwahnsinnig anmutenden Leitspruch \u201a<em>Amerika first\u2018<\/em> oder \u201a<em>Make Amerika great again\u2018<\/em> geopfert. In einem sich st\u00e4ndig wiederholenden Narrativ werden aus T\u00e4tern Opfer und aus Opfern T\u00e4ter gemacht. Der Deal und nicht die Haltung ist die neue Grundlage f\u00fcr den Handschlag von M\u00e4chtigen, die jetzt wohl Dealmaker hei\u00dfen. Moralische Grunds\u00e4tze, Solidarit\u00e4t und ein innerer Kompass geh\u00f6ren eindeutig nicht mehr dazu. Einzig die politische und milit\u00e4rische Macht, machen zu k\u00f6nnen, was man will, bestimmt das Handeln.\u201c<\/p>\n<p style=\"text-align: justify;\"><img loading=\"lazy\" decoding=\"async\" class=\"alignright wp-image-15530 size-full\" src=\"http:\/\/www.maria-koenigin.de\/wordpress\/wp-content\/uploads\/2025\/03\/ALK25.4.jpg\" alt=\"\" width=\"640\" height=\"427\" srcset=\"https:\/\/www.maria-koenigin.de\/wordpress\/wp-content\/uploads\/2025\/03\/ALK25.4.jpg 640w, https:\/\/www.maria-koenigin.de\/wordpress\/wp-content\/uploads\/2025\/03\/ALK25.4-300x200.jpg 300w, https:\/\/www.maria-koenigin.de\/wordpress\/wp-content\/uploads\/2025\/03\/ALK25.4-624x416.jpg 624w\" sizes=\"auto, (max-width: 640px) 100vw, 640px\" \/>Auch in Deutschland sei \u201eaus einem Wir-Gef\u00fchl immer mehr ein heterogener, zuweilen egoistischer Umgang mit allt\u00e4glichen Situationen geworden\u201c und \u201edas Wort \u201aSolidargemeinschaft\u2018 droht zunehmend an Strahlkraft zu verlieren, vielleicht sogar irgendwann ein Fremdwort zu werden\u201c.<\/p>\n<p style=\"text-align: justify;\"><strong>Ausgezeichnete zeigen Empathie, Engagement und Herzblut <\/strong><\/p>\n<p style=\"text-align: justify;\">In v\u00f6lligem Gegensatz zu diesen Entwicklungen st\u00fcnden die vier Preistr\u00e4ger. Fabian Borys: \u201eSie, liebe Preistr\u00e4gerinnen und Preistr\u00e4ger, setzen sich beeindruckend daf\u00fcr ein, dass unsere Gesellschaft genau das zur Verf\u00fcgung steht, was wir alle im Alltag und in unserem Leben ben\u00f6tigen: Empathie, Engagement, Herzblut und vor allem Zeit! Ihre Leistungen sind auch ein Aufruf und ein gro\u00dfes Ausrufezeichen f\u00fcr uns alle hier Anwesenden, damit wir uns Zeit nehmen f\u00fcr unsere Familien, Freunde, aber auch f\u00fcr die Gesellschaft.\u201c<\/p>\n<p style=\"text-align: justify;\"><img loading=\"lazy\" decoding=\"async\" class=\"alignright wp-image-15531 size-full\" src=\"http:\/\/www.maria-koenigin.de\/wordpress\/wp-content\/uploads\/2025\/03\/ALK25.2.jpg\" alt=\"\" width=\"640\" height=\"449\" srcset=\"https:\/\/www.maria-koenigin.de\/wordpress\/wp-content\/uploads\/2025\/03\/ALK25.2.jpg 640w, https:\/\/www.maria-koenigin.de\/wordpress\/wp-content\/uploads\/2025\/03\/ALK25.2-300x210.jpg 300w, https:\/\/www.maria-koenigin.de\/wordpress\/wp-content\/uploads\/2025\/03\/ALK25.2-624x438.jpg 624w\" sizes=\"auto, (max-width: 640px) 100vw, 640px\" \/>Ausgezeichnet wurden neben Carolin Geisler noch Justus St\u00fccher vom St. Ursula Gymnasium Attendorn, Sarah Tillmann vom Rivius Gymnasium Attendorn und Moritz Krause vom Gymnasium der Stadt Lennestadt. Alle drei sind ebenfalls in vielfacher Hinsicht inner- und au\u00dferschulisch engagiert.<\/p>\n<p style=\"text-align: justify;\"><img loading=\"lazy\" decoding=\"async\" class=\"alignright wp-image-15534 size-full\" src=\"http:\/\/www.maria-koenigin.de\/wordpress\/wp-content\/uploads\/2025\/03\/ALK25.12.jpg\" alt=\"\" width=\"640\" height=\"427\" srcset=\"https:\/\/www.maria-koenigin.de\/wordpress\/wp-content\/uploads\/2025\/03\/ALK25.12.jpg 640w, https:\/\/www.maria-koenigin.de\/wordpress\/wp-content\/uploads\/2025\/03\/ALK25.12-300x200.jpg 300w, https:\/\/www.maria-koenigin.de\/wordpress\/wp-content\/uploads\/2025\/03\/ALK25.12-624x416.jpg 624w\" sizes=\"auto, (max-width: 640px) 100vw, 640px\" \/>Neben den Schulleitungen, Lehrern und Sch\u00fclern der beteiligten Schulen waren auch die B\u00fcrgermeister von Attendorn, Kirchhundem und Lennestadt, die Familien der Preistr\u00e4ger und zahlreiche Vertreter der Sparkasse anwesend.<\/p>\n<p style=\"text-align: justify;\"><img loading=\"lazy\" decoding=\"async\" class=\"alignright wp-image-15532 size-full\" src=\"http:\/\/www.maria-koenigin.de\/wordpress\/wp-content\/uploads\/2025\/03\/ALK25.9.jpg\" alt=\"\" width=\"640\" height=\"311\" srcset=\"https:\/\/www.maria-koenigin.de\/wordpress\/wp-content\/uploads\/2025\/03\/ALK25.9.jpg 640w, https:\/\/www.maria-koenigin.de\/wordpress\/wp-content\/uploads\/2025\/03\/ALK25.9-300x146.jpg 300w, https:\/\/www.maria-koenigin.de\/wordpress\/wp-content\/uploads\/2025\/03\/ALK25.9-624x303.jpg 624w\" sizes=\"auto, (max-width: 640px) 100vw, 640px\" \/>Mit drei Liedern aus dem Musical Winnie Wackelzahn sorgte die Musical AG des Gymnasiums Maria K\u00f6nigin f\u00fcr eine erfrischende Abwechslung zwischen den Reden und Ehrungen. Die Leitung der AG hatten Harald J\u00fcngst, Marlene Skala und Berthold Kresin, der gemeinsam mit Jonte Hauschild und Luca Steiner auch die Begleitband bildete.<\/p>\n<p style=\"text-align: justify;\"><img loading=\"lazy\" decoding=\"async\" class=\"alignright wp-image-15533 size-full\" src=\"http:\/\/www.maria-koenigin.de\/wordpress\/wp-content\/uploads\/2025\/03\/ALK25.13.jpg\" alt=\"\" width=\"640\" height=\"427\" srcset=\"https:\/\/www.maria-koenigin.de\/wordpress\/wp-content\/uploads\/2025\/03\/ALK25.13.jpg 640w, https:\/\/www.maria-koenigin.de\/wordpress\/wp-content\/uploads\/2025\/03\/ALK25.13-300x200.jpg 300w, https:\/\/www.maria-koenigin.de\/wordpress\/wp-content\/uploads\/2025\/03\/ALK25.13-624x416.jpg 624w\" sizes=\"auto, (max-width: 640px) 100vw, 640px\" \/>Zum Abschluss der Veranstaltung waren sich alle Anwesenden im Dank an die Sparkasse einig, dass der Preis gerade in der heutigen Zeit ein wichtige Zeichen f\u00fcr den Zusammenhalt der Gesellschaft sei.<\/p>\n<p><em>(Fotos: Udo Geisler, Kerstin Sauer, Christoph Tebr\u00fcgge, Ansgar Kaufmann)<\/em><\/p>\n<p><em>Ansgar Kaufmann<\/em><\/p>\n","protected":false},"excerpt":{"rendered":"<p>In einer perfekt organisierten Veranstaltung verlieh die Sparkasse Attendorn-Lennestadt-Kirchhundem den Sch\u00fclerpreis 2025 an vier Sch\u00fclerinnen und Sch\u00fcler der Attendorner und Lennest\u00e4dter Gymnasien. Die Preistr\u00e4ger waren zuvor von schulinternen Jurys gew\u00e4hlt worden.<\/p>\n","protected":false},"author":7,"featured_media":0,"comment_status":"closed","ping_status":"closed","sticky":false,"template":"","format":"standard","meta":{"ngg_post_thumbnail":0,"footnotes":""},"categories":[4],"tags":[],"class_list":["post-15521","post","type-post","status-publish","format-standard","hentry","category-aktuelles"],"_links":{"self":[{"href":"https:\/\/www.maria-koenigin.de\/index.php?rest_route=\/wp\/v2\/posts\/15521","targetHints":{"allow":["GET"]}}],"collection":[{"href":"https:\/\/www.maria-koenigin.de\/index.php?rest_route=\/wp\/v2\/posts"}],"about":[{"href":"https:\/\/www.maria-koenigin.de\/index.php?rest_route=\/wp\/v2\/types\/post"}],"author":[{"embeddable":true,"href":"https:\/\/www.maria-koenigin.de\/index.php?rest_route=\/wp\/v2\/users\/7"}],"replies":[{"embeddable":true,"href":"https:\/\/www.maria-koenigin.de\/index.php?rest_route=%2Fwp%2Fv2%2Fcomments&post=15521"}],"version-history":[{"count":3,"href":"https:\/\/www.maria-koenigin.de\/index.php?rest_route=\/wp\/v2\/posts\/15521\/revisions"}],"predecessor-version":[{"id":15536,"href":"https:\/\/www.maria-koenigin.de\/index.php?rest_route=\/wp\/v2\/posts\/15521\/revisions\/15536"}],"wp:attachment":[{"href":"https:\/\/www.maria-koenigin.de\/index.php?rest_route=%2Fwp%2Fv2%2Fmedia&parent=15521"}],"wp:term":[{"taxonomy":"category","embeddable":true,"href":"https:\/\/www.maria-koenigin.de\/index.php?rest_route=%2Fwp%2Fv2%2Fcategories&post=15521"},{"taxonomy":"post_tag","embeddable":true,"href":"https:\/\/www.maria-koenigin.de\/index.php?rest_route=%2Fwp%2Fv2%2Ftags&post=15521"}],"curies":[{"name":"wp","href":"https:\/\/api.w.org\/{rel}","templated":true}]}}