{"id":15538,"date":"2025-03-10T19:25:25","date_gmt":"2025-03-10T18:25:25","guid":{"rendered":"https:\/\/www.maria-koenigin.de\/?p=15538"},"modified":"2025-03-10T19:32:56","modified_gmt":"2025-03-10T18:32:56","slug":"es-gibt-mittagessen-an-maria-koenigin","status":"publish","type":"post","link":"https:\/\/www.maria-koenigin.de\/?p=15538","title":{"rendered":"Es gibt Mittagessen an Maria K\u00f6nigin"},"content":{"rendered":"<p style=\"text-align: justify;\"><img loading=\"lazy\" decoding=\"async\" class=\"alignright wp-image-15539 size-full\" src=\"http:\/\/www.maria-koenigin.de\/wordpress\/wp-content\/uploads\/2025\/03\/Mittagessen-1.jpg\" alt=\"\" width=\"640\" height=\"480\" srcset=\"https:\/\/www.maria-koenigin.de\/wordpress\/wp-content\/uploads\/2025\/03\/Mittagessen-1.jpg 640w, https:\/\/www.maria-koenigin.de\/wordpress\/wp-content\/uploads\/2025\/03\/Mittagessen-1-300x225.jpg 300w, https:\/\/www.maria-koenigin.de\/wordpress\/wp-content\/uploads\/2025\/03\/Mittagessen-1-624x468.jpg 624w\" sizes=\"auto, (max-width: 640px) 100vw, 640px\" \/>Ab sofort gibt es bis zu den Sommerferien ein Mittagessenangebot am Gymnasium Maria K\u00f6nigin. Es gibt zwei Gerichte zur Wahl (eines vegetarisch), die vorab bis morgens 8 Uhr am gleichen Tag vorbestellt werden k\u00f6nnen. Dazu arbeiten wir mit der App kitafino zusammen. Das Essen liefert Stefan Kordes aus Hofolpe p\u00fcnktlich zur 3. Pause um 13 Uhr. <!--more--><\/p>\n<p style=\"text-align: justify;\"><img loading=\"lazy\" decoding=\"async\" class=\"alignright wp-image-15540 size-full\" src=\"http:\/\/www.maria-koenigin.de\/wordpress\/wp-content\/uploads\/2025\/03\/Mittagessen-2.jpg\" alt=\"\" width=\"640\" height=\"853\" srcset=\"https:\/\/www.maria-koenigin.de\/wordpress\/wp-content\/uploads\/2025\/03\/Mittagessen-2.jpg 640w, https:\/\/www.maria-koenigin.de\/wordpress\/wp-content\/uploads\/2025\/03\/Mittagessen-2-225x300.jpg 225w, https:\/\/www.maria-koenigin.de\/wordpress\/wp-content\/uploads\/2025\/03\/Mittagessen-2-624x832.jpg 624w\" sizes=\"auto, (max-width: 640px) 100vw, 640px\" \/>Wir hoffen, dass das Angebot bis zu den Osterferien gut angenommen wird, damit wir das dauerhaft anbieten k\u00f6nnen und wir so allen Sch\u00fclerinnen und Sch\u00fclern, die \u00fcber die Mittagszeit an der Schule bleiben,\u00a0 ein attraktives Angebot machen k\u00f6nnen.<\/p>\n<p style=\"text-align: justify;\"><img loading=\"lazy\" decoding=\"async\" class=\"alignright wp-image-15541 size-full\" src=\"http:\/\/www.maria-koenigin.de\/wordpress\/wp-content\/uploads\/2025\/03\/Mittagessen-3.jpg\" alt=\"\" width=\"640\" height=\"480\" srcset=\"https:\/\/www.maria-koenigin.de\/wordpress\/wp-content\/uploads\/2025\/03\/Mittagessen-3.jpg 640w, https:\/\/www.maria-koenigin.de\/wordpress\/wp-content\/uploads\/2025\/03\/Mittagessen-3-300x225.jpg 300w, https:\/\/www.maria-koenigin.de\/wordpress\/wp-content\/uploads\/2025\/03\/Mittagessen-3-624x468.jpg 624w\" sizes=\"auto, (max-width: 640px) 100vw, 640px\" \/>Informationen zur Organisation, zur Bestellung und zu den Kosten gibt es im Sekretariat der Schule, Tel. 027 23 68780.<\/p>\n","protected":false},"excerpt":{"rendered":"<p>Ab sofort gibt es bis zu den Sommerferien ein Mittagessenangebot am Gymnasium Maria K\u00f6nigin. Es gibt zwei Gerichte zur Wahl (eines vegetarisch), die vorab bis morgens 8 Uhr am gleichen Tag vorbestellt werden k\u00f6nnen. Dazu arbeiten wir mit der App kitafino zusammen. Das Essen liefert Stefan Kordes aus Hofolpe p\u00fcnktlich zur 3. Pause um 13 [&hellip;]<\/p>\n","protected":false},"author":7,"featured_media":0,"comment_status":"closed","ping_status":"closed","sticky":false,"template":"","format":"standard","meta":{"ngg_post_thumbnail":0,"footnotes":""},"categories":[4],"tags":[],"class_list":["post-15538","post","type-post","status-publish","format-standard","hentry","category-aktuelles"],"_links":{"self":[{"href":"https:\/\/www.maria-koenigin.de\/index.php?rest_route=\/wp\/v2\/posts\/15538","targetHints":{"allow":["GET"]}}],"collection":[{"href":"https:\/\/www.maria-koenigin.de\/index.php?rest_route=\/wp\/v2\/posts"}],"about":[{"href":"https:\/\/www.maria-koenigin.de\/index.php?rest_route=\/wp\/v2\/types\/post"}],"author":[{"embeddable":true,"href":"https:\/\/www.maria-koenigin.de\/index.php?rest_route=\/wp\/v2\/users\/7"}],"replies":[{"embeddable":true,"href":"https:\/\/www.maria-koenigin.de\/index.php?rest_route=%2Fwp%2Fv2%2Fcomments&post=15538"}],"version-history":[{"count":3,"href":"https:\/\/www.maria-koenigin.de\/index.php?rest_route=\/wp\/v2\/posts\/15538\/revisions"}],"predecessor-version":[{"id":15545,"href":"https:\/\/www.maria-koenigin.de\/index.php?rest_route=\/wp\/v2\/posts\/15538\/revisions\/15545"}],"wp:attachment":[{"href":"https:\/\/www.maria-koenigin.de\/index.php?rest_route=%2Fwp%2Fv2%2Fmedia&parent=15538"}],"wp:term":[{"taxonomy":"category","embeddable":true,"href":"https:\/\/www.maria-koenigin.de\/index.php?rest_route=%2Fwp%2Fv2%2Fcategories&post=15538"},{"taxonomy":"post_tag","embeddable":true,"href":"https:\/\/www.maria-koenigin.de\/index.php?rest_route=%2Fwp%2Fv2%2Ftags&post=15538"}],"curies":[{"name":"wp","href":"https:\/\/api.w.org\/{rel}","templated":true}]}}