{"id":15654,"date":"2025-03-22T19:44:42","date_gmt":"2025-03-22T18:44:42","guid":{"rendered":"https:\/\/www.maria-koenigin.de\/?p=15654"},"modified":"2025-03-22T19:44:42","modified_gmt":"2025-03-22T18:44:42","slug":"franzoesisch-entdecken-mit-dem-francemobil","status":"publish","type":"post","link":"https:\/\/www.maria-koenigin.de\/?p=15654","title":{"rendered":"Franz\u00f6sisch entdecken mit dem FranceMobil"},"content":{"rendered":"<p style=\"text-align: justify;\"><img loading=\"lazy\" decoding=\"async\" class=\"alignright wp-image-15655 size-full\" src=\"http:\/\/www.maria-koenigin.de\/wordpress\/wp-content\/uploads\/2025\/03\/France-Mobil-1.jpg\" alt=\"\" width=\"640\" height=\"640\" srcset=\"https:\/\/www.maria-koenigin.de\/wordpress\/wp-content\/uploads\/2025\/03\/France-Mobil-1.jpg 640w, https:\/\/www.maria-koenigin.de\/wordpress\/wp-content\/uploads\/2025\/03\/France-Mobil-1-300x300.jpg 300w, https:\/\/www.maria-koenigin.de\/wordpress\/wp-content\/uploads\/2025\/03\/France-Mobil-1-150x150.jpg 150w, https:\/\/www.maria-koenigin.de\/wordpress\/wp-content\/uploads\/2025\/03\/France-Mobil-1-624x624.jpg 624w\" sizes=\"auto, (max-width: 640px) 100vw, 640px\" \/>Am 19. M\u00e4rz war das FranceMobil zu Gast an MK. Die Veranstaltung wird vom Deutsch-Franz\u00f6sischen Jugendwerk in enger Zusammenarbeit mit der Franz\u00f6sischen Botschaft und dem Institut Fran\u00e7ais Deutschland angeboten. 12 junge frankophone Lektor*innen reisen durch Nordrhein-Westfalen S\u00fcd (und eine Vielzahl weiterer durch ganz Deutschland), um ein attraktives, aktuelles und authentisches Frankreichbild zu vermitteln.<!--more--><\/p>\n<p style=\"text-align: justify;\"><img loading=\"lazy\" decoding=\"async\" class=\"alignright wp-image-15656 size-full\" src=\"http:\/\/www.maria-koenigin.de\/wordpress\/wp-content\/uploads\/2025\/03\/France-Mobil-2.jpg\" alt=\"\" width=\"640\" height=\"853\" srcset=\"https:\/\/www.maria-koenigin.de\/wordpress\/wp-content\/uploads\/2025\/03\/France-Mobil-2.jpg 640w, https:\/\/www.maria-koenigin.de\/wordpress\/wp-content\/uploads\/2025\/03\/France-Mobil-2-225x300.jpg 225w, https:\/\/www.maria-koenigin.de\/wordpress\/wp-content\/uploads\/2025\/03\/France-Mobil-2-624x832.jpg 624w\" sizes=\"auto, (max-width: 640px) 100vw, 640px\" \/>Dank dieser interkulturellen Begegnung wurden die Sch\u00fcler*innen durch eine muttersprachliche Animation an die Sprache und Kultur des Nachbarlandes herangef\u00fchrt: Auf spielerische Art und Weise durften sie an einem 45-min\u00fctigen Schnupperkurs teilnehmen und ihre ersten W\u00f6rter und S\u00e4tze auf Franz\u00f6sisch sprechen: z. B. <em>kangourou<\/em>, <em>crocodile<\/em>, <em>lion<\/em>, <em>gorille; Je m\u2019appelle \u2026 ., J\u2019ai \u2026 ans., J\u2019habite \u00e0 \u2026 ., J\u2019aime \u2026 et je d\u00e9teste \u2026 . <\/em><\/p>\n<p style=\"text-align: justify;\"><img loading=\"lazy\" decoding=\"async\" class=\"alignright wp-image-15657 size-full\" src=\"http:\/\/www.maria-koenigin.de\/wordpress\/wp-content\/uploads\/2025\/03\/France-Mobil-3.jpg\" alt=\"\" width=\"640\" height=\"853\" srcset=\"https:\/\/www.maria-koenigin.de\/wordpress\/wp-content\/uploads\/2025\/03\/France-Mobil-3.jpg 640w, https:\/\/www.maria-koenigin.de\/wordpress\/wp-content\/uploads\/2025\/03\/France-Mobil-3-225x300.jpg 225w, https:\/\/www.maria-koenigin.de\/wordpress\/wp-content\/uploads\/2025\/03\/France-Mobil-3-624x832.jpg 624w\" sizes=\"auto, (max-width: 640px) 100vw, 640px\" \/>So gelingt es, in einem lockeren Rahmen die Neugier auf das Erlernen der franz\u00f6sischen Sprache zu wecken. Die Sch\u00fcler*innen bekommen Lust auf eine internationale Mobilit\u00e4tserfahrung und erkennen die Vorteile, die der Spracherwerb mit sich bringen kann.<\/p>\n<p><em>Ilse Beul<\/em><\/p>\n","protected":false},"excerpt":{"rendered":"<p>Am 19. M\u00e4rz war das FranceMobil zu Gast an MK. Die Veranstaltung wird vom Deutsch-Franz\u00f6sischen Jugendwerk in enger Zusammenarbeit mit der Franz\u00f6sischen Botschaft und dem Institut Fran\u00e7ais Deutschland angeboten. 12 junge frankophone Lektor*innen reisen durch Nordrhein-Westfalen S\u00fcd (und eine Vielzahl weiterer durch ganz Deutschland), um ein attraktives, aktuelles und authentisches Frankreichbild zu vermitteln.<\/p>\n","protected":false},"author":7,"featured_media":0,"comment_status":"closed","ping_status":"closed","sticky":false,"template":"","format":"standard","meta":{"ngg_post_thumbnail":0,"footnotes":""},"categories":[4],"tags":[],"class_list":["post-15654","post","type-post","status-publish","format-standard","hentry","category-aktuelles"],"_links":{"self":[{"href":"https:\/\/www.maria-koenigin.de\/index.php?rest_route=\/wp\/v2\/posts\/15654","targetHints":{"allow":["GET"]}}],"collection":[{"href":"https:\/\/www.maria-koenigin.de\/index.php?rest_route=\/wp\/v2\/posts"}],"about":[{"href":"https:\/\/www.maria-koenigin.de\/index.php?rest_route=\/wp\/v2\/types\/post"}],"author":[{"embeddable":true,"href":"https:\/\/www.maria-koenigin.de\/index.php?rest_route=\/wp\/v2\/users\/7"}],"replies":[{"embeddable":true,"href":"https:\/\/www.maria-koenigin.de\/index.php?rest_route=%2Fwp%2Fv2%2Fcomments&post=15654"}],"version-history":[{"count":1,"href":"https:\/\/www.maria-koenigin.de\/index.php?rest_route=\/wp\/v2\/posts\/15654\/revisions"}],"predecessor-version":[{"id":15658,"href":"https:\/\/www.maria-koenigin.de\/index.php?rest_route=\/wp\/v2\/posts\/15654\/revisions\/15658"}],"wp:attachment":[{"href":"https:\/\/www.maria-koenigin.de\/index.php?rest_route=%2Fwp%2Fv2%2Fmedia&parent=15654"}],"wp:term":[{"taxonomy":"category","embeddable":true,"href":"https:\/\/www.maria-koenigin.de\/index.php?rest_route=%2Fwp%2Fv2%2Fcategories&post=15654"},{"taxonomy":"post_tag","embeddable":true,"href":"https:\/\/www.maria-koenigin.de\/index.php?rest_route=%2Fwp%2Fv2%2Ftags&post=15654"}],"curies":[{"name":"wp","href":"https:\/\/api.w.org\/{rel}","templated":true}]}}