{"id":15864,"date":"2025-03-29T12:38:50","date_gmt":"2025-03-29T11:38:50","guid":{"rendered":"https:\/\/www.maria-koenigin.de\/?p=15864"},"modified":"2025-03-29T12:39:56","modified_gmt":"2025-03-29T11:39:56","slug":"zeichen-gegen-rassismus-und-fuer-vielfalt","status":"publish","type":"post","link":"https:\/\/www.maria-koenigin.de\/?p=15864","title":{"rendered":"Zeichen gegen Rassismus und f\u00fcr Vielfalt"},"content":{"rendered":"<p style=\"text-align: justify;\"><img loading=\"lazy\" decoding=\"async\" class=\"alignright wp-image-15865 size-full\" src=\"http:\/\/www.maria-koenigin.de\/wordpress\/wp-content\/uploads\/2025\/03\/SV-Aktionkl.jpg\" alt=\"\" width=\"640\" height=\"480\" srcset=\"https:\/\/www.maria-koenigin.de\/wordpress\/wp-content\/uploads\/2025\/03\/SV-Aktionkl.jpg 640w, https:\/\/www.maria-koenigin.de\/wordpress\/wp-content\/uploads\/2025\/03\/SV-Aktionkl-300x225.jpg 300w, https:\/\/www.maria-koenigin.de\/wordpress\/wp-content\/uploads\/2025\/03\/SV-Aktionkl-624x468.jpg 624w\" sizes=\"auto, (max-width: 640px) 100vw, 640px\" \/>Auf dem Kleinspielfeld des Gymnasiums Maria K\u00f6nigin sammelten sich am Freitag viele Sch\u00fclerinnen und Sch\u00fcler in bunter Kleidung. \u00a0Sie waren einem Aufruf der SV gefolgt, die zu einer Aktion gegen Rassismus und f\u00fcr Vielfalt und Demokratie aufgerufen hatte. Gemeinsam bildeten sie ein gro\u00dfes und buntes Menschenherz. Anlass waren die Wochen gegen den Rassismus, die in diesem Jahr unter dem Motto \u201eMenschenw\u00fcrde sch\u00fctzen\u201c stehen. Sie wurden ins Leben gerufen, um Solidarit\u00e4t mit Betroffenen und Opfern von Rassismus zu zeigen.<!--more--><\/p>\n<p style=\"text-align: justify;\"><img loading=\"lazy\" decoding=\"async\" class=\"alignright wp-image-15866 size-full\" src=\"http:\/\/www.maria-koenigin.de\/wordpress\/wp-content\/uploads\/2025\/03\/Wir-sagen-ZUSAMMENHALT-Q2-kl.jpg\" alt=\"\" width=\"640\" height=\"800\" srcset=\"https:\/\/www.maria-koenigin.de\/wordpress\/wp-content\/uploads\/2025\/03\/Wir-sagen-ZUSAMMENHALT-Q2-kl.jpg 640w, https:\/\/www.maria-koenigin.de\/wordpress\/wp-content\/uploads\/2025\/03\/Wir-sagen-ZUSAMMENHALT-Q2-kl-240x300.jpg 240w, https:\/\/www.maria-koenigin.de\/wordpress\/wp-content\/uploads\/2025\/03\/Wir-sagen-ZUSAMMENHALT-Q2-kl-624x780.jpg 624w\" sizes=\"auto, (max-width: 640px) 100vw, 640px\" \/><img loading=\"lazy\" decoding=\"async\" class=\"alignright wp-image-15867 size-full\" src=\"http:\/\/www.maria-koenigin.de\/wordpress\/wp-content\/uploads\/2025\/03\/Wir-sagen-ZUSAMMENHALTQ1kl.jpg\" alt=\"\" width=\"640\" height=\"800\" srcset=\"https:\/\/www.maria-koenigin.de\/wordpress\/wp-content\/uploads\/2025\/03\/Wir-sagen-ZUSAMMENHALTQ1kl.jpg 640w, https:\/\/www.maria-koenigin.de\/wordpress\/wp-content\/uploads\/2025\/03\/Wir-sagen-ZUSAMMENHALTQ1kl-240x300.jpg 240w, https:\/\/www.maria-koenigin.de\/wordpress\/wp-content\/uploads\/2025\/03\/Wir-sagen-ZUSAMMENHALTQ1kl-624x780.jpg 624w\" sizes=\"auto, (max-width: 640px) 100vw, 640px\" \/>Ebenfalls ein Zeichen gegen Rassismus und f\u00fcr Zusammenhalt setzten der Religionskurs aus der Q1 und ein Deutsch-Kurs aus der Q2, die sich an einer Aktion des Erzbistums Paderborn beteiligten. Unter dem Motto \u201eZusammen:Halt!\u201c geht es dabei um das Zusammenhalten in der Gesellschaft. Zusammenhalt bedeutet nicht, dass alle derselben Meinung sein m\u00fcssen und dass man sich in einer Demokratie nicht auch streiten darf. Zusammenhalt bedeutet, dass Respekt und der gemeinsame Blick auf L\u00f6sungen im Vordergrund stehen. \u00a0Es geht aber auch darum, gemeinsam \u201eHalt\u201c zu sagen und Fremdenfeindlichkeit, Diskriminierung, Ausgrenzung und Extremismus entgegen zu treten.<\/p>\n","protected":false},"excerpt":{"rendered":"<p>Auf dem Kleinspielfeld des Gymnasiums Maria K\u00f6nigin sammelten sich am Freitag viele Sch\u00fclerinnen und Sch\u00fcler in bunter Kleidung. \u00a0Sie waren einem Aufruf der SV gefolgt, die zu einer Aktion gegen Rassismus und f\u00fcr Vielfalt und Demokratie aufgerufen hatte. Gemeinsam bildeten sie ein gro\u00dfes und buntes Menschenherz. Anlass waren die Wochen gegen den Rassismus, die in [&hellip;]<\/p>\n","protected":false},"author":7,"featured_media":0,"comment_status":"closed","ping_status":"closed","sticky":false,"template":"","format":"standard","meta":{"ngg_post_thumbnail":0,"footnotes":""},"categories":[4],"tags":[],"class_list":["post-15864","post","type-post","status-publish","format-standard","hentry","category-aktuelles"],"_links":{"self":[{"href":"https:\/\/www.maria-koenigin.de\/index.php?rest_route=\/wp\/v2\/posts\/15864","targetHints":{"allow":["GET"]}}],"collection":[{"href":"https:\/\/www.maria-koenigin.de\/index.php?rest_route=\/wp\/v2\/posts"}],"about":[{"href":"https:\/\/www.maria-koenigin.de\/index.php?rest_route=\/wp\/v2\/types\/post"}],"author":[{"embeddable":true,"href":"https:\/\/www.maria-koenigin.de\/index.php?rest_route=\/wp\/v2\/users\/7"}],"replies":[{"embeddable":true,"href":"https:\/\/www.maria-koenigin.de\/index.php?rest_route=%2Fwp%2Fv2%2Fcomments&post=15864"}],"version-history":[{"count":3,"href":"https:\/\/www.maria-koenigin.de\/index.php?rest_route=\/wp\/v2\/posts\/15864\/revisions"}],"predecessor-version":[{"id":15870,"href":"https:\/\/www.maria-koenigin.de\/index.php?rest_route=\/wp\/v2\/posts\/15864\/revisions\/15870"}],"wp:attachment":[{"href":"https:\/\/www.maria-koenigin.de\/index.php?rest_route=%2Fwp%2Fv2%2Fmedia&parent=15864"}],"wp:term":[{"taxonomy":"category","embeddable":true,"href":"https:\/\/www.maria-koenigin.de\/index.php?rest_route=%2Fwp%2Fv2%2Fcategories&post=15864"},{"taxonomy":"post_tag","embeddable":true,"href":"https:\/\/www.maria-koenigin.de\/index.php?rest_route=%2Fwp%2Fv2%2Ftags&post=15864"}],"curies":[{"name":"wp","href":"https:\/\/api.w.org\/{rel}","templated":true}]}}