{"id":15946,"date":"2025-04-04T20:51:23","date_gmt":"2025-04-04T18:51:23","guid":{"rendered":"https:\/\/www.maria-koenigin.de\/?p=15946"},"modified":"2025-04-04T20:51:23","modified_gmt":"2025-04-04T18:51:23","slug":"schulkonzert-mit-brunke-vor-den-osterferien","status":"publish","type":"post","link":"https:\/\/www.maria-koenigin.de\/?p=15946","title":{"rendered":"Schulkonzert mit \u201eBrunke\u201c vor den Osterferien"},"content":{"rendered":"<p style=\"text-align: justify;\"><strong><img loading=\"lazy\" decoding=\"async\" class=\"alignright wp-image-15947 size-full\" src=\"http:\/\/www.maria-koenigin.de\/wordpress\/wp-content\/uploads\/2025\/04\/01-BRUNKE-Sonnenbrand-c-Ray-Welsch-2kl.jpg\" alt=\"\" width=\"640\" height=\"427\" srcset=\"https:\/\/www.maria-koenigin.de\/wordpress\/wp-content\/uploads\/2025\/04\/01-BRUNKE-Sonnenbrand-c-Ray-Welsch-2kl.jpg 640w, https:\/\/www.maria-koenigin.de\/wordpress\/wp-content\/uploads\/2025\/04\/01-BRUNKE-Sonnenbrand-c-Ray-Welsch-2kl-300x200.jpg 300w, https:\/\/www.maria-koenigin.de\/wordpress\/wp-content\/uploads\/2025\/04\/01-BRUNKE-Sonnenbrand-c-Ray-Welsch-2kl-624x416.jpg 624w\" sizes=\"auto, (max-width: 640px) 100vw, 640px\" \/><br \/>\n<\/strong><\/p>\n<p style=\"text-align: justify;\">(Foto: Ray Welsch)<\/p>\n<p style=\"text-align: justify;\">Nach 5 langen Jahren des Wartens findet am Freitag, dem 11.04., ein Schulkonzert durch einen Sony-K\u00fcnstler an unserer Schule statt. Dieses Konzert ist ein Teil des Preises, den unsere ehemalige Sch\u00fclerin Carina Hebestreit vor 5 Jahren gewonnen hat. Auftreten wird &#8222;Brunke&#8220;, ein junger Pops\u00e4nger aus Berlin. Carina Hebestreit, die mittlerweile als Schauspielerin t\u00e4tig ist, wird auch anwesend sein. Ein Begr\u00fc\u00dfungsvideo findet ihr auf unseren Kan\u00e4len bei\u00a0 Instagram und bei Youtube.<\/p>\n<p style=\"text-align: justify;\"><a href=\"https:\/\/www.instagram.com\/stories\/gymnasium_maria_koenigin\/\">https:\/\/www.instagram.com\/stories\/gymnasium_maria_koenigin\/<\/a><\/p>\n<p><a href=\"https:\/\/youtube.com\/shorts\/rUXTBejMb8w?si=5Q8n-TDMrJgnwqvX\">https:\/\/youtube.com\/shorts\/rUXTBejMb8w?si=5Q8n-TDMrJgnwqvX<\/a> <!--more--><\/p>\n<p style=\"text-align: justify;\"><img loading=\"lazy\" decoding=\"async\" class=\"alignright wp-image-15948 size-full\" src=\"http:\/\/www.maria-koenigin.de\/wordpress\/wp-content\/uploads\/2025\/04\/Carina-Hebestreitkl.jpg\" alt=\"\" width=\"640\" height=\"427\" srcset=\"https:\/\/www.maria-koenigin.de\/wordpress\/wp-content\/uploads\/2025\/04\/Carina-Hebestreitkl.jpg 640w, https:\/\/www.maria-koenigin.de\/wordpress\/wp-content\/uploads\/2025\/04\/Carina-Hebestreitkl-300x200.jpg 300w, https:\/\/www.maria-koenigin.de\/wordpress\/wp-content\/uploads\/2025\/04\/Carina-Hebestreitkl-624x416.jpg 624w\" sizes=\"auto, (max-width: 640px) 100vw, 640px\" \/>(Foto: Oliver Schumacher)<\/p>\n<p style=\"text-align: justify;\">Carina Hebestreit, die mittlerweile als Schauspielerin t\u00e4tig ist, wird auch anwesend sein. Sie hat damals am H\u00f6rbuch-Wettbewerb des Reclam-Verlages in Verbindung mit Sony Music teilgenommen und gewonnen. Dies gelang ihr durch die starke Unterst\u00fctzung der Schule bei einer Internet-Abstimmung.<\/p>\n<p style=\"text-align: justify;\">Jetzt ist es nach einigen Verz\u00f6gerungen endlich so weit, dass das Konzert am letzten Schultag vor den Osterferien stattfinden kann. Das Konzert ist auch Teil des Abisturms am letzten Schultag unserer Q2.\u00a0Weitere Infos findet ihr auf dem Instagram-Kanal der Schule gymnasium_maria_koenigin.<\/p>\n<p style=\"text-align: justify;\">Wir freuen uns auf ein tolles Event.<\/p>\n","protected":false},"excerpt":{"rendered":"<p>(Foto: Ray Welsch) Nach 5 langen Jahren des Wartens findet am Freitag, dem 11.04., ein Schulkonzert durch einen Sony-K\u00fcnstler an unserer Schule statt. Dieses Konzert ist ein Teil des Preises, den unsere ehemalige Sch\u00fclerin Carina Hebestreit vor 5 Jahren gewonnen hat. Auftreten wird &#8222;Brunke&#8220;, ein junger Pops\u00e4nger aus Berlin. Carina Hebestreit, die mittlerweile als Schauspielerin [&hellip;]<\/p>\n","protected":false},"author":7,"featured_media":0,"comment_status":"closed","ping_status":"closed","sticky":false,"template":"","format":"standard","meta":{"ngg_post_thumbnail":0,"footnotes":""},"categories":[4],"tags":[],"class_list":["post-15946","post","type-post","status-publish","format-standard","hentry","category-aktuelles"],"_links":{"self":[{"href":"https:\/\/www.maria-koenigin.de\/index.php?rest_route=\/wp\/v2\/posts\/15946","targetHints":{"allow":["GET"]}}],"collection":[{"href":"https:\/\/www.maria-koenigin.de\/index.php?rest_route=\/wp\/v2\/posts"}],"about":[{"href":"https:\/\/www.maria-koenigin.de\/index.php?rest_route=\/wp\/v2\/types\/post"}],"author":[{"embeddable":true,"href":"https:\/\/www.maria-koenigin.de\/index.php?rest_route=\/wp\/v2\/users\/7"}],"replies":[{"embeddable":true,"href":"https:\/\/www.maria-koenigin.de\/index.php?rest_route=%2Fwp%2Fv2%2Fcomments&post=15946"}],"version-history":[{"count":2,"href":"https:\/\/www.maria-koenigin.de\/index.php?rest_route=\/wp\/v2\/posts\/15946\/revisions"}],"predecessor-version":[{"id":15950,"href":"https:\/\/www.maria-koenigin.de\/index.php?rest_route=\/wp\/v2\/posts\/15946\/revisions\/15950"}],"wp:attachment":[{"href":"https:\/\/www.maria-koenigin.de\/index.php?rest_route=%2Fwp%2Fv2%2Fmedia&parent=15946"}],"wp:term":[{"taxonomy":"category","embeddable":true,"href":"https:\/\/www.maria-koenigin.de\/index.php?rest_route=%2Fwp%2Fv2%2Fcategories&post=15946"},{"taxonomy":"post_tag","embeddable":true,"href":"https:\/\/www.maria-koenigin.de\/index.php?rest_route=%2Fwp%2Fv2%2Ftags&post=15946"}],"curies":[{"name":"wp","href":"https:\/\/api.w.org\/{rel}","templated":true}]}}