{"id":16063,"date":"2025-04-13T20:11:01","date_gmt":"2025-04-13T18:11:01","guid":{"rendered":"https:\/\/www.maria-koenigin.de\/?p=16063"},"modified":"2025-04-13T20:11:01","modified_gmt":"2025-04-13T18:11:01","slug":"brunke-begeistert-maria-koenigin","status":"publish","type":"post","link":"https:\/\/www.maria-koenigin.de\/?p=16063","title":{"rendered":"\u201eBrunke\u201c begeistert Maria K\u00f6nigin"},"content":{"rendered":"<p style=\"text-align: justify;\"><img loading=\"lazy\" decoding=\"async\" class=\"alignright wp-image-16064 size-full\" src=\"http:\/\/www.maria-koenigin.de\/wordpress\/wp-content\/uploads\/2025\/04\/Brunke-1kl.jpg\" alt=\"\" width=\"640\" height=\"427\" srcset=\"https:\/\/www.maria-koenigin.de\/wordpress\/wp-content\/uploads\/2025\/04\/Brunke-1kl.jpg 640w, https:\/\/www.maria-koenigin.de\/wordpress\/wp-content\/uploads\/2025\/04\/Brunke-1kl-300x200.jpg 300w, https:\/\/www.maria-koenigin.de\/wordpress\/wp-content\/uploads\/2025\/04\/Brunke-1kl-624x416.jpg 624w\" sizes=\"auto, (max-width: 640px) 100vw, 640px\" \/>Diesen letzten Schultag vor den Osterferien werden die Sch\u00fcler und Sch\u00fclerinnen des Gymnasiums Maria K\u00f6nigin so schnell nicht vergessen. Nach einem abwechslungsreichen Abisturm bei bestem Wetter auf dem Kleinspielfeld erlebten sie ein ganz besonderes Konzert in der Sporthalle.<!--more--><\/p>\n<p style=\"text-align: justify;\"><img loading=\"lazy\" decoding=\"async\" class=\"alignright wp-image-16065 size-full\" src=\"http:\/\/www.maria-koenigin.de\/wordpress\/wp-content\/uploads\/2025\/04\/Brunke-3kl.jpg\" alt=\"\" width=\"640\" height=\"427\" srcset=\"https:\/\/www.maria-koenigin.de\/wordpress\/wp-content\/uploads\/2025\/04\/Brunke-3kl.jpg 640w, https:\/\/www.maria-koenigin.de\/wordpress\/wp-content\/uploads\/2025\/04\/Brunke-3kl-300x200.jpg 300w, https:\/\/www.maria-koenigin.de\/wordpress\/wp-content\/uploads\/2025\/04\/Brunke-3kl-624x416.jpg 624w\" sizes=\"auto, (max-width: 640px) 100vw, 640px\" \/>Der Berliner Musiker Brunke war zu einem Schulkonzert angereist und bot zusammen mit seinem Gitarristen Pascal \u201ePalle\u201c Martin fast eine Stunde lang eine begeisternde Mischung aus kraftvollen, tanzbaren Tracks und nachdenklichen Balladen. Die Sch\u00fcler, besonders nat\u00fcrlich die Q2 an ihrem letzten Schultag, lie\u00dfen sich nicht lange bitte und \u00a0machten von Anfang an mit, so dass aus der Sporthalle eine Partylocation wurde. Mit Songs wie \u201eSonnennbrand\u201c, \u201eZu sch\u00f6n\u201c, \u201eWachstumsschmerz\u201c und \u201eDu machst mich kaputt\u201c heizte \u00a0Jannik Brunke die Stimmung an. \u00a0Die Musiker sorgten f\u00fcr ordentlich Stimmung und daf\u00fcr, dass alle Sch\u00fcler ausgelassen den letzten Schultag feiern konnten. Alle Jugendlichen sangen, klatschten und tanzten in der Sporthalle.<\/p>\n<p style=\"text-align: justify;\"><img loading=\"lazy\" decoding=\"async\" class=\"alignright wp-image-16067 size-full\" src=\"http:\/\/www.maria-koenigin.de\/wordpress\/wp-content\/uploads\/2025\/04\/Brunke-4kl.jpg\" alt=\"\" width=\"640\" height=\"427\" srcset=\"https:\/\/www.maria-koenigin.de\/wordpress\/wp-content\/uploads\/2025\/04\/Brunke-4kl.jpg 640w, https:\/\/www.maria-koenigin.de\/wordpress\/wp-content\/uploads\/2025\/04\/Brunke-4kl-300x200.jpg 300w, https:\/\/www.maria-koenigin.de\/wordpress\/wp-content\/uploads\/2025\/04\/Brunke-4kl-624x416.jpg 624w\" sizes=\"auto, (max-width: 640px) 100vw, 640px\" \/>Nicht wenige der Sch\u00fcler konnten auch einzelne Texte mitsingen und einige Beteiligte waren sicher, dass man noch viel von Brunke h\u00f6ren werde. Im Anschluss an das Konzert war Selfie-Time und alle, die wollten (und das waren viele) konnten ein Foto mit Brunke machen. Erm\u00f6glicht hatten das Konzert Sony-Musik und der Reclam-Verlag. F\u00fcr die perfekte Technik sorgte Uli Korte und die Eventtechnik S\u00fcdwestfalen.<\/p>\n<p style=\"text-align: justify;\"><img loading=\"lazy\" decoding=\"async\" class=\"alignright wp-image-16066 size-full\" src=\"http:\/\/www.maria-koenigin.de\/wordpress\/wp-content\/uploads\/2025\/04\/Brunke-2kl.jpg\" alt=\"\" width=\"640\" height=\"427\" srcset=\"https:\/\/www.maria-koenigin.de\/wordpress\/wp-content\/uploads\/2025\/04\/Brunke-2kl.jpg 640w, https:\/\/www.maria-koenigin.de\/wordpress\/wp-content\/uploads\/2025\/04\/Brunke-2kl-300x200.jpg 300w, https:\/\/www.maria-koenigin.de\/wordpress\/wp-content\/uploads\/2025\/04\/Brunke-2kl-624x416.jpg 624w\" sizes=\"auto, (max-width: 640px) 100vw, 640px\" \/>Doch nicht nur Brunke war an der Schule zu Gast. Auch Carina Hebestreit, die im Jahr 2020 ihr Abitur an MK gemacht hat, war dabei. Sie war der Grund f\u00fcr das Schulkonzert, da sie mit Unterst\u00fctzung der gesamten Schule den Reclam-H\u00f6rbuch-Wettbewerb gewonnen hatte, was bedeutete, dass sie selbst an einer H\u00f6rbuch Produktion teilnehmen konnte und die Schule ein Konzert mit einem Sony-K\u00fcnstler gewann. Durch die Corona-Pandemie und andere Schwierigkeiten konnte das Konzert jetzt erst mit f\u00fcnf Jahren Versp\u00e4tung stattfinden. Carina, die mittlerweile als Schauspielerin arbeitet, \u00a0freute sich umso mehr, noch einmal an ihrer alten Schule zu sein und Brunke mitzuerleben. Sichtlich ger\u00fchrt \u00a0erkl\u00e4rte sie, dass die Theatererfahrung an Maria K\u00f6nigin und der damalige Wettbewerb ihren weiteren Lebensweg entscheidend gepr\u00e4gt habe.<\/p>\n<p style=\"text-align: justify;\"><img loading=\"lazy\" decoding=\"async\" class=\"alignright wp-image-16068 size-full\" src=\"http:\/\/www.maria-koenigin.de\/wordpress\/wp-content\/uploads\/2025\/04\/Brunke-6kl.jpg\" alt=\"\" width=\"640\" height=\"427\" srcset=\"https:\/\/www.maria-koenigin.de\/wordpress\/wp-content\/uploads\/2025\/04\/Brunke-6kl.jpg 640w, https:\/\/www.maria-koenigin.de\/wordpress\/wp-content\/uploads\/2025\/04\/Brunke-6kl-300x200.jpg 300w, https:\/\/www.maria-koenigin.de\/wordpress\/wp-content\/uploads\/2025\/04\/Brunke-6kl-624x416.jpg 624w\" sizes=\"auto, (max-width: 640px) 100vw, 640px\" \/>Absolut zufrieden zeigte sich Schulleiter Fabian Borys: \u201eWir freuen uns, dass wir unseren Sch\u00fclern einen so tollen Einstieg in die Osterferien bieten konnten. An der Begeisterung\u00a0 in der Halle konnte ich sp\u00fcren, dass Brunke mit seiner sympathischen Art hervorragend ankam.\u201c<\/p>\n<p style=\"text-align: justify;\"><img loading=\"lazy\" decoding=\"async\" class=\"alignright wp-image-16069 size-full\" src=\"http:\/\/www.maria-koenigin.de\/wordpress\/wp-content\/uploads\/2025\/04\/Brunke-5kl.jpg\" alt=\"\" width=\"640\" height=\"853\" srcset=\"https:\/\/www.maria-koenigin.de\/wordpress\/wp-content\/uploads\/2025\/04\/Brunke-5kl.jpg 640w, https:\/\/www.maria-koenigin.de\/wordpress\/wp-content\/uploads\/2025\/04\/Brunke-5kl-225x300.jpg 225w, https:\/\/www.maria-koenigin.de\/wordpress\/wp-content\/uploads\/2025\/04\/Brunke-5kl-624x832.jpg 624w\" sizes=\"auto, (max-width: 640px) 100vw, 640px\" \/>Nach dem Konzert nahmen sich Jannik Brunke und Palle auch noch Zeit, um sich die Kompositionsversuchen eines Musikkurses unter Leitung vor Fredrik Linn anzuh\u00f6ren und mit den Sch\u00fclern dar\u00fcber ins Gespr\u00e4ch zu kommen.<\/p>\n","protected":false},"excerpt":{"rendered":"<p>Diesen letzten Schultag vor den Osterferien werden die Sch\u00fcler und Sch\u00fclerinnen des Gymnasiums Maria K\u00f6nigin so schnell nicht vergessen. Nach einem abwechslungsreichen Abisturm bei bestem Wetter auf dem Kleinspielfeld erlebten sie ein ganz besonderes Konzert in der Sporthalle.<\/p>\n","protected":false},"author":7,"featured_media":0,"comment_status":"closed","ping_status":"closed","sticky":false,"template":"","format":"standard","meta":{"ngg_post_thumbnail":0,"footnotes":""},"categories":[4],"tags":[],"class_list":["post-16063","post","type-post","status-publish","format-standard","hentry","category-aktuelles"],"_links":{"self":[{"href":"https:\/\/www.maria-koenigin.de\/index.php?rest_route=\/wp\/v2\/posts\/16063","targetHints":{"allow":["GET"]}}],"collection":[{"href":"https:\/\/www.maria-koenigin.de\/index.php?rest_route=\/wp\/v2\/posts"}],"about":[{"href":"https:\/\/www.maria-koenigin.de\/index.php?rest_route=\/wp\/v2\/types\/post"}],"author":[{"embeddable":true,"href":"https:\/\/www.maria-koenigin.de\/index.php?rest_route=\/wp\/v2\/users\/7"}],"replies":[{"embeddable":true,"href":"https:\/\/www.maria-koenigin.de\/index.php?rest_route=%2Fwp%2Fv2%2Fcomments&post=16063"}],"version-history":[{"count":1,"href":"https:\/\/www.maria-koenigin.de\/index.php?rest_route=\/wp\/v2\/posts\/16063\/revisions"}],"predecessor-version":[{"id":16070,"href":"https:\/\/www.maria-koenigin.de\/index.php?rest_route=\/wp\/v2\/posts\/16063\/revisions\/16070"}],"wp:attachment":[{"href":"https:\/\/www.maria-koenigin.de\/index.php?rest_route=%2Fwp%2Fv2%2Fmedia&parent=16063"}],"wp:term":[{"taxonomy":"category","embeddable":true,"href":"https:\/\/www.maria-koenigin.de\/index.php?rest_route=%2Fwp%2Fv2%2Fcategories&post=16063"},{"taxonomy":"post_tag","embeddable":true,"href":"https:\/\/www.maria-koenigin.de\/index.php?rest_route=%2Fwp%2Fv2%2Ftags&post=16063"}],"curies":[{"name":"wp","href":"https:\/\/api.w.org\/{rel}","templated":true}]}}