{"id":16077,"date":"2025-04-17T07:00:53","date_gmt":"2025-04-17T05:00:53","guid":{"rendered":"https:\/\/www.maria-koenigin.de\/?p=16077"},"modified":"2025-04-15T13:24:25","modified_gmt":"2025-04-15T11:24:25","slug":"gemeinsam-fuer-europa-austauschbegegnung-mit-frankreich-2","status":"publish","type":"post","link":"https:\/\/www.maria-koenigin.de\/?p=16077","title":{"rendered":"Gemeinsam f\u00fcr Europa: Austauschbegegnung mit Frankreich"},"content":{"rendered":"<p style=\"text-align: justify;\"><img loading=\"lazy\" decoding=\"async\" class=\"alignright wp-image-16078 size-full\" src=\"http:\/\/www.maria-koenigin.de\/wordpress\/wp-content\/uploads\/2025\/04\/FrankreichApril1.jpg\" alt=\"\" width=\"640\" height=\"480\" srcset=\"https:\/\/www.maria-koenigin.de\/wordpress\/wp-content\/uploads\/2025\/04\/FrankreichApril1.jpg 640w, https:\/\/www.maria-koenigin.de\/wordpress\/wp-content\/uploads\/2025\/04\/FrankreichApril1-300x225.jpg 300w, https:\/\/www.maria-koenigin.de\/wordpress\/wp-content\/uploads\/2025\/04\/FrankreichApril1-624x468.jpg 624w\" sizes=\"auto, (max-width: 640px) 100vw, 640px\" \/>Mit unserer Partnerschule in Frankreich, dem Coll\u00e8ge Ren\u00e9 Bernier in St.-S\u00e9bastian-sur-Loire (bei Nantes), fand Anfang April zum vierten Mal eine spannende Drittortbegegnung statt (in diesem Jahr in Freudenstadt im Schwarzwald), an der 25 Sch\u00fcler:innen unserer Jahrgangsstufe 8 und 24 franz\u00f6sische Partner:innen der Stufen 4e und 5e teilnahmen.<!--more--><\/p>\n<p style=\"text-align: justify;\"><img loading=\"lazy\" decoding=\"async\" class=\"alignright wp-image-16079 size-large\" src=\"http:\/\/www.maria-koenigin.de\/wordpress\/wp-content\/uploads\/2025\/04\/FrankreichApril2-1024x687.jpg\" alt=\"\" width=\"625\" height=\"419\" srcset=\"https:\/\/www.maria-koenigin.de\/wordpress\/wp-content\/uploads\/2025\/04\/FrankreichApril2-1024x687.jpg 1024w, https:\/\/www.maria-koenigin.de\/wordpress\/wp-content\/uploads\/2025\/04\/FrankreichApril2-300x201.jpg 300w, https:\/\/www.maria-koenigin.de\/wordpress\/wp-content\/uploads\/2025\/04\/FrankreichApril2-768x515.jpg 768w, https:\/\/www.maria-koenigin.de\/wordpress\/wp-content\/uploads\/2025\/04\/FrankreichApril2-624x418.jpg 624w, https:\/\/www.maria-koenigin.de\/wordpress\/wp-content\/uploads\/2025\/04\/FrankreichApril2.jpg 1238w\" sizes=\"auto, (max-width: 625px) 100vw, 625px\" \/>Gef\u00f6rdert wurde das Projekt vom Deutsch-Franz\u00f6sischen Jugendwerk. Das gemeinsame Kennenlernen erfolgte in verschiedenen Workshops zum Thema Europa, bei Karambolage (Videos, die spielerisch und humorvoll die kleinen und gro\u00dfen Unterschiede zwischen Deutschen und Franzosen darstellen) und nat\u00fcrlich bei Spiel und Sport.<\/p>\n<p style=\"text-align: justify;\"><img loading=\"lazy\" decoding=\"async\" class=\"alignright wp-image-16080 size-full\" src=\"http:\/\/www.maria-koenigin.de\/wordpress\/wp-content\/uploads\/2025\/04\/FrankreichApril3.jpg\" alt=\"\" width=\"640\" height=\"853\" srcset=\"https:\/\/www.maria-koenigin.de\/wordpress\/wp-content\/uploads\/2025\/04\/FrankreichApril3.jpg 640w, https:\/\/www.maria-koenigin.de\/wordpress\/wp-content\/uploads\/2025\/04\/FrankreichApril3-225x300.jpg 225w, https:\/\/www.maria-koenigin.de\/wordpress\/wp-content\/uploads\/2025\/04\/FrankreichApril3-624x832.jpg 624w\" sizes=\"auto, (max-width: 640px) 100vw, 640px\" \/>Highlights der Woche waren drei erlebnisreiche Tagesausfl\u00fcge: nach Freiburg zum Besuch des Vauban-Viertels und zur Erkundung der Altstadt sowie zwei Fahrten zur Entdeckung der europ\u00e4ischen Stadt Stra\u00dfburg: Hierbei durften eine F\u00fchrung im Europaparlament und eine Bootsfahrt auf der Ill nicht fehlen. Das gemeinsame Treffen war f\u00fcr die Jugendlichen eine ereignisreiche Zeit, die sie als Bereicherung erleben konnten, und tr\u00e4gt im Hinblick auf die Entwicklung in Europa als kleiner, aber wichtiger Baustein, zum friedlichen Miteinander bei.<\/p>\n<p><em>Ilse Beul, Nathaly N\u00fcckel und Sebastian Wiese<\/em><\/p>\n","protected":false},"excerpt":{"rendered":"<p>Mit unserer Partnerschule in Frankreich, dem Coll\u00e8ge Ren\u00e9 Bernier in St.-S\u00e9bastian-sur-Loire (bei Nantes), fand Anfang April zum vierten Mal eine spannende Drittortbegegnung statt (in diesem Jahr in Freudenstadt im Schwarzwald), an der 25 Sch\u00fcler:innen unserer Jahrgangsstufe 8 und 24 franz\u00f6sische Partner:innen der Stufen 4e und 5e teilnahmen.<\/p>\n","protected":false},"author":7,"featured_media":0,"comment_status":"closed","ping_status":"closed","sticky":false,"template":"","format":"standard","meta":{"ngg_post_thumbnail":0,"footnotes":""},"categories":[4],"tags":[],"class_list":["post-16077","post","type-post","status-publish","format-standard","hentry","category-aktuelles"],"_links":{"self":[{"href":"https:\/\/www.maria-koenigin.de\/index.php?rest_route=\/wp\/v2\/posts\/16077","targetHints":{"allow":["GET"]}}],"collection":[{"href":"https:\/\/www.maria-koenigin.de\/index.php?rest_route=\/wp\/v2\/posts"}],"about":[{"href":"https:\/\/www.maria-koenigin.de\/index.php?rest_route=\/wp\/v2\/types\/post"}],"author":[{"embeddable":true,"href":"https:\/\/www.maria-koenigin.de\/index.php?rest_route=\/wp\/v2\/users\/7"}],"replies":[{"embeddable":true,"href":"https:\/\/www.maria-koenigin.de\/index.php?rest_route=%2Fwp%2Fv2%2Fcomments&post=16077"}],"version-history":[{"count":1,"href":"https:\/\/www.maria-koenigin.de\/index.php?rest_route=\/wp\/v2\/posts\/16077\/revisions"}],"predecessor-version":[{"id":16081,"href":"https:\/\/www.maria-koenigin.de\/index.php?rest_route=\/wp\/v2\/posts\/16077\/revisions\/16081"}],"wp:attachment":[{"href":"https:\/\/www.maria-koenigin.de\/index.php?rest_route=%2Fwp%2Fv2%2Fmedia&parent=16077"}],"wp:term":[{"taxonomy":"category","embeddable":true,"href":"https:\/\/www.maria-koenigin.de\/index.php?rest_route=%2Fwp%2Fv2%2Fcategories&post=16077"},{"taxonomy":"post_tag","embeddable":true,"href":"https:\/\/www.maria-koenigin.de\/index.php?rest_route=%2Fwp%2Fv2%2Ftags&post=16077"}],"curies":[{"name":"wp","href":"https:\/\/api.w.org\/{rel}","templated":true}]}}