{"id":16082,"date":"2025-04-22T07:00:52","date_gmt":"2025-04-22T05:00:52","guid":{"rendered":"https:\/\/www.maria-koenigin.de\/?p=16082"},"modified":"2025-04-15T13:37:24","modified_gmt":"2025-04-15T11:37:24","slug":"lesekisten-der-8a-und-8b-freundschaft-kreativ-umgesetzt","status":"publish","type":"post","link":"https:\/\/www.maria-koenigin.de\/?p=16082","title":{"rendered":"Lesekisten der 8a und 8b: Freundschaft kreativ umgesetzt"},"content":{"rendered":"<p style=\"text-align: justify;\"><img loading=\"lazy\" decoding=\"async\" class=\"alignright wp-image-16083 size-full\" src=\"http:\/\/www.maria-koenigin.de\/wordpress\/wp-content\/uploads\/2025\/04\/Lesekiste1.jpg\" alt=\"\" width=\"640\" height=\"599\" srcset=\"https:\/\/www.maria-koenigin.de\/wordpress\/wp-content\/uploads\/2025\/04\/Lesekiste1.jpg 640w, https:\/\/www.maria-koenigin.de\/wordpress\/wp-content\/uploads\/2025\/04\/Lesekiste1-300x281.jpg 300w, https:\/\/www.maria-koenigin.de\/wordpress\/wp-content\/uploads\/2025\/04\/Lesekiste1-624x584.jpg 624w\" sizes=\"auto, (max-width: 640px) 100vw, 640px\" \/>Im Deutschunterricht haben sich die Klassen 8a und 8b intensiv mit dem Jugendroman \u201eVon wegen Freundschaft\u201c von Daniel H\u00f6ra besch\u00e4ftigt. Im Zentrum des Buches stehen wichtige Themen wie Freundschaft, pers\u00f6nliche Entwicklung und der Mut, den eigenen Weg zu gehen.<!--more--><\/p>\n<p style=\"text-align: justify;\"><img loading=\"lazy\" decoding=\"async\" class=\"alignright wp-image-16084 size-full\" src=\"http:\/\/www.maria-koenigin.de\/wordpress\/wp-content\/uploads\/2025\/04\/Lesekiste2.jpg\" alt=\"\" width=\"640\" height=\"597\" srcset=\"https:\/\/www.maria-koenigin.de\/wordpress\/wp-content\/uploads\/2025\/04\/Lesekiste2.jpg 640w, https:\/\/www.maria-koenigin.de\/wordpress\/wp-content\/uploads\/2025\/04\/Lesekiste2-300x280.jpg 300w, https:\/\/www.maria-koenigin.de\/wordpress\/wp-content\/uploads\/2025\/04\/Lesekiste2-624x582.jpg 624w\" sizes=\"auto, (max-width: 640px) 100vw, 640px\" \/>Als kreativen Abschluss gestalteten die Sch\u00fcler beeindruckende Lesekisten, in denen sie zentrale Motive des Buches symbolisch zum Ausdruck brachten. Dabei entstanden sehr pers\u00f6nliche und durchdachte Beitr\u00e4ge: Dicke B\u00e4nder standen f\u00fcr starke Freundschaften, zerplatzende Luftballons f\u00fcr Entt\u00e4uschungen, eine Lupe lud zum genauen Hinsehen und Reflektieren ein, ein Spiegel demonstrierte die Selbstfindung, w\u00e4hrend eine Einbahnstra\u00dfe die Entwicklung der Protagonisten verdeutlichte. Auch Puzzleteile wurden verwendet, um das Zusammenspiel der Charaktere und Themen zu veranschaulichen.<\/p>\n<p style=\"text-align: justify;\"><img loading=\"lazy\" decoding=\"async\" class=\"alignright wp-image-16085 size-full\" src=\"http:\/\/www.maria-koenigin.de\/wordpress\/wp-content\/uploads\/2025\/04\/Lesekiste3.jpg\" alt=\"\" width=\"640\" height=\"601\" srcset=\"https:\/\/www.maria-koenigin.de\/wordpress\/wp-content\/uploads\/2025\/04\/Lesekiste3.jpg 640w, https:\/\/www.maria-koenigin.de\/wordpress\/wp-content\/uploads\/2025\/04\/Lesekiste3-300x282.jpg 300w, https:\/\/www.maria-koenigin.de\/wordpress\/wp-content\/uploads\/2025\/04\/Lesekiste3-624x586.jpg 624w\" sizes=\"auto, (max-width: 640px) 100vw, 640px\" \/>Ein tolles Projekt mit viel Kreativit\u00e4t und Tiefgang \u2013 wir sind stolz auf die gro\u00dfartigen Ergebnisse!<\/p>\n<p style=\"text-align: justify;\"><em>Hanna Reuber<\/em><\/p>\n","protected":false},"excerpt":{"rendered":"<p>Im Deutschunterricht haben sich die Klassen 8a und 8b intensiv mit dem Jugendroman \u201eVon wegen Freundschaft\u201c von Daniel H\u00f6ra besch\u00e4ftigt. Im Zentrum des Buches stehen wichtige Themen wie Freundschaft, pers\u00f6nliche Entwicklung und der Mut, den eigenen Weg zu gehen.<\/p>\n","protected":false},"author":7,"featured_media":0,"comment_status":"closed","ping_status":"closed","sticky":false,"template":"","format":"standard","meta":{"ngg_post_thumbnail":0,"footnotes":""},"categories":[4],"tags":[],"class_list":["post-16082","post","type-post","status-publish","format-standard","hentry","category-aktuelles"],"_links":{"self":[{"href":"https:\/\/www.maria-koenigin.de\/index.php?rest_route=\/wp\/v2\/posts\/16082","targetHints":{"allow":["GET"]}}],"collection":[{"href":"https:\/\/www.maria-koenigin.de\/index.php?rest_route=\/wp\/v2\/posts"}],"about":[{"href":"https:\/\/www.maria-koenigin.de\/index.php?rest_route=\/wp\/v2\/types\/post"}],"author":[{"embeddable":true,"href":"https:\/\/www.maria-koenigin.de\/index.php?rest_route=\/wp\/v2\/users\/7"}],"replies":[{"embeddable":true,"href":"https:\/\/www.maria-koenigin.de\/index.php?rest_route=%2Fwp%2Fv2%2Fcomments&post=16082"}],"version-history":[{"count":2,"href":"https:\/\/www.maria-koenigin.de\/index.php?rest_route=\/wp\/v2\/posts\/16082\/revisions"}],"predecessor-version":[{"id":16087,"href":"https:\/\/www.maria-koenigin.de\/index.php?rest_route=\/wp\/v2\/posts\/16082\/revisions\/16087"}],"wp:attachment":[{"href":"https:\/\/www.maria-koenigin.de\/index.php?rest_route=%2Fwp%2Fv2%2Fmedia&parent=16082"}],"wp:term":[{"taxonomy":"category","embeddable":true,"href":"https:\/\/www.maria-koenigin.de\/index.php?rest_route=%2Fwp%2Fv2%2Fcategories&post=16082"},{"taxonomy":"post_tag","embeddable":true,"href":"https:\/\/www.maria-koenigin.de\/index.php?rest_route=%2Fwp%2Fv2%2Ftags&post=16082"}],"curies":[{"name":"wp","href":"https:\/\/api.w.org\/{rel}","templated":true}]}}