{"id":16171,"date":"2024-05-25T16:02:28","date_gmt":"2024-05-25T14:02:28","guid":{"rendered":"https:\/\/www.maria-koenigin.de\/?p=16171"},"modified":"2025-04-23T16:13:09","modified_gmt":"2025-04-23T14:13:09","slug":"exkursion-bio-lk-marburg","status":"publish","type":"post","link":"https:\/\/www.maria-koenigin.de\/?p=16171","title":{"rendered":"Exkursion Bio-LK Marburg"},"content":{"rendered":"<p style=\"text-align: justify;\" data-sourcepos=\"3:1-3:630\">Vom 22. bis 23. Mai fuhr der Biologie-Kooperations-Leistungskurs mit Herrn Plett nach Marburg zur Philipps-Universit\u00e4t. Nach einer etwa 1,5-st\u00fcndigen Busfahrt wurden wir am Botanischen Garten in Marburg abgesetzt und suchten den Eingang des Universit\u00e4tsgeb\u00e4udes. Dort angekommen, wurden wir von Herrn Deurer in Empfang genommen, der uns zu unserem Seminarraum f\u00fchrte, in dem wir die meiste Zeit der beiden Tage verbrachten. Gleich zu Beginn wurde uns eine kleine St\u00e4rkung mit ein paar Keksen und Kaffee bereitgestellt, von denen wir anfangs dachten, sie nicht zu brauchen, die aber zwischendurch eine kleine Rettung f\u00fcr uns waren.<\/p>\n<p data-sourcepos=\"3:1-3:630\"><img loading=\"lazy\" decoding=\"async\" class=\"alignnone wp-image-16173 size-full\" src=\"http:\/\/www.maria-koenigin.de\/wordpress\/wp-content\/uploads\/2025\/04\/IMG_2823-scaled.jpg\" alt=\"\" width=\"2560\" height=\"1920\" srcset=\"https:\/\/www.maria-koenigin.de\/wordpress\/wp-content\/uploads\/2025\/04\/IMG_2823-scaled.jpg 2560w, https:\/\/www.maria-koenigin.de\/wordpress\/wp-content\/uploads\/2025\/04\/IMG_2823-300x225.jpg 300w, https:\/\/www.maria-koenigin.de\/wordpress\/wp-content\/uploads\/2025\/04\/IMG_2823-1024x768.jpg 1024w, https:\/\/www.maria-koenigin.de\/wordpress\/wp-content\/uploads\/2025\/04\/IMG_2823-768x576.jpg 768w, https:\/\/www.maria-koenigin.de\/wordpress\/wp-content\/uploads\/2025\/04\/IMG_2823-1536x1152.jpg 1536w, https:\/\/www.maria-koenigin.de\/wordpress\/wp-content\/uploads\/2025\/04\/IMG_2823-2048x1536.jpg 2048w, https:\/\/www.maria-koenigin.de\/wordpress\/wp-content\/uploads\/2025\/04\/IMG_2823-624x468.jpg 624w\" sizes=\"auto, (max-width: 2560px) 100vw, 2560px\" \/><\/p>\n<p data-sourcepos=\"3:1-3:630\"><!--more--><\/p>\n<p style=\"text-align: justify;\" data-sourcepos=\"5:1-5:731\">Wir begannen mit einem kleinen Theorieblock, um den gelernten Stoff zum Themengebiet Photosynthese nochmals aufzufrischen. Dies war jedoch nicht zwingend notwendig, da uns Herr Plett bereits sehr gut auf das Thema vorbereitet hatte. Nachdem der Kurs gute Leistungen im Theorieblock gezeigt hatte, durften wir endlich in den Botanischen Garten, speziell in das Tropen- und W\u00fcstenhaus. Dort bekamen wir zun\u00e4chst Zeit, uns mit den verschiedenen Vegetationsgebieten vertraut zu machen. Im Botanischen Garten forschten wir dann mit verschiedenen Ger\u00e4tschaften, um Temperatur, Luftfeuchtigkeit und Sonneneinstrahlung zu messen. Sp\u00e4ter durften wir uns aus dem Tropenhaus ein Pr\u00e4parat entnehmen, das wir sp\u00e4ter genauer untersuchen sollten.<\/p>\n<p style=\"text-align: justify;\" data-sourcepos=\"5:1-5:731\">Zur\u00fcck im Seminarraum zogen wir unsere Laborkittel und Sicherheitshandschuhe an und gingen in das lang ersehnte Labor. Dort f\u00fchrten wir Schritt f\u00fcr Schritt eine D\u00fcnnschichtchromatographie durch, bei der als Ergebnis die verschiedenen Blattfarbstoffe zum Vorschein kommen sollten. Daf\u00fcr ben\u00f6tigten wir jedoch eine Wartezeit von einer Stunde, die wir als Pause nutzten. In dieser Zeit durften wir nochmals in den Botanischen Garten gehen und ihn ausgiebig erkunden, aber auch im Seminarraum bleiben und eine Runde UNO spielen, was bei Herrn Plett zu einigen Verwirrungen bez\u00fcglich der Spielregeln f\u00fchrte :).<\/p>\n<p style=\"text-align: justify;\" data-sourcepos=\"9:1-9:492\">Nach der Pause ging es wieder ins Labor, wo wir unsere Versuche fortsetzten und uns auf jeweils zwei verschiedene Blattfarbstoffe konzentrieren sollten. Danach wurden diese in ein Ger\u00e4t gestellt, welches das Absorptionsspektrum der einzelnen Blattpigmente darstellte. Nachdem dies geschafft war, war der Teil im Labor abgeschlossen und es ging zur\u00fcck in den Seminarraum. Dort besprachen und werteten wir gemeinsam unsere Ergebnisse aus. Somit war der biologische Teil des Tages abgeschlossen.<\/p>\n<p style=\"text-align: justify;\" data-sourcepos=\"11:1-11:292\">Gegen 17 Uhr fuhren wir zum Hotel, checkten ein und nutzten unsere etwa 3 Stunden Freizeit, um Marburg zu erkunden. Zum Ausklang des Tages gingen wir alle essen und tauschten uns nochmals \u00fcber den Tag aus. Anschlie\u00dfend ging es zur\u00fcck zum Hotel, in dem wir alle sehr ersch\u00f6pft ins Bett fielen.<\/p>\n<p style=\"text-align: justify;\" data-sourcepos=\"13:1-13:699\">Am n\u00e4chsten Morgen hie\u00df es f\u00fcr alle recht fr\u00fch aufstehen und schnell fr\u00fchst\u00fccken, denn Herr Deurer, Franziska Otto und Elizaveta Bobkova, zwei Forscherinnen vom Max-Planck-Institut, warteten auf uns. Wir hatten ein \u201eMeet a Scientist\u201c-Treffen mit ihnen. Sie berichteten uns von ihren Forschungen und erz\u00e4hlten, wie ihr Alltag aussieht. Im Anschluss konnten wir ihnen noch einige Fragen stellen. Danach hie\u00df es f\u00fcr uns das letzte Mal, in die Laborkittel zu steigen, denn wir machten noch ein Gruppenfoto, welches nun auch in der Philipps-Universit\u00e4t h\u00e4ngt. Des Weiteren durften wir uns in ein G\u00e4stebuch eintragen, in dem sich auch schon vorherige Biologie-Leistungskurse unserer Schule verewigt haben.<\/p>\n<p style=\"text-align: justify;\" data-sourcepos=\"15:1-15:521\">Nach einem sch\u00f6nen Abschluss trennte sich der Kurs, denn es war wieder Freizeit eingeplant. Einige Kursmitglieder blieben im Botanischen Garten, w\u00e4hrend andere wieder in die Stadt fuhren. Gegen Nachmittag trafen wir uns wieder und traten die R\u00fcckreise mit der Deutschen Bahn an. Zwar war die R\u00fcckfahrt nicht sehr angenehm, weil der Zug sehr \u00fcberf\u00fcllt war, doch trotzdem freute sich jeder wieder auf zu Hause. Somit waren zwei sehr sch\u00f6ne Tage vergangen, die uns allen sicherlich noch lange in Erinnerung bleiben werden.<\/p>\n<p data-sourcepos=\"15:1-15:521\"><img loading=\"lazy\" decoding=\"async\" class=\"alignnone wp-image-16177 size-full\" src=\"http:\/\/www.maria-koenigin.de\/wordpress\/wp-content\/uploads\/2025\/04\/20240522_105612054_iOS-scaled.jpg\" alt=\"\" width=\"2560\" height=\"1920\" srcset=\"https:\/\/www.maria-koenigin.de\/wordpress\/wp-content\/uploads\/2025\/04\/20240522_105612054_iOS-scaled.jpg 2560w, https:\/\/www.maria-koenigin.de\/wordpress\/wp-content\/uploads\/2025\/04\/20240522_105612054_iOS-300x225.jpg 300w, https:\/\/www.maria-koenigin.de\/wordpress\/wp-content\/uploads\/2025\/04\/20240522_105612054_iOS-1024x768.jpg 1024w, https:\/\/www.maria-koenigin.de\/wordpress\/wp-content\/uploads\/2025\/04\/20240522_105612054_iOS-768x576.jpg 768w, https:\/\/www.maria-koenigin.de\/wordpress\/wp-content\/uploads\/2025\/04\/20240522_105612054_iOS-1536x1152.jpg 1536w, https:\/\/www.maria-koenigin.de\/wordpress\/wp-content\/uploads\/2025\/04\/20240522_105612054_iOS-2048x1536.jpg 2048w, https:\/\/www.maria-koenigin.de\/wordpress\/wp-content\/uploads\/2025\/04\/20240522_105612054_iOS-624x468.jpg 624w\" sizes=\"auto, (max-width: 2560px) 100vw, 2560px\" \/><\/p>\n<p data-sourcepos=\"15:1-15:521\"><img loading=\"lazy\" decoding=\"async\" class=\"alignnone wp-image-16174 size-full\" src=\"http:\/\/www.maria-koenigin.de\/wordpress\/wp-content\/uploads\/2025\/04\/20240522_094728998_iOS-scaled.jpg\" alt=\"\" width=\"1920\" height=\"2560\" srcset=\"https:\/\/www.maria-koenigin.de\/wordpress\/wp-content\/uploads\/2025\/04\/20240522_094728998_iOS-scaled.jpg 1920w, https:\/\/www.maria-koenigin.de\/wordpress\/wp-content\/uploads\/2025\/04\/20240522_094728998_iOS-225x300.jpg 225w, https:\/\/www.maria-koenigin.de\/wordpress\/wp-content\/uploads\/2025\/04\/20240522_094728998_iOS-768x1024.jpg 768w, https:\/\/www.maria-koenigin.de\/wordpress\/wp-content\/uploads\/2025\/04\/20240522_094728998_iOS-1152x1536.jpg 1152w, https:\/\/www.maria-koenigin.de\/wordpress\/wp-content\/uploads\/2025\/04\/20240522_094728998_iOS-1536x2048.jpg 1536w, https:\/\/www.maria-koenigin.de\/wordpress\/wp-content\/uploads\/2025\/04\/20240522_094728998_iOS-624x832.jpg 624w\" sizes=\"auto, (max-width: 1920px) 100vw, 1920px\" \/><\/p>\n","protected":false},"excerpt":{"rendered":"<p>Vom 22. bis 23. Mai fuhr der Biologie-Kooperations-Leistungskurs mit Herrn Plett nach Marburg zur Philipps-Universit\u00e4t. Nach einer etwa 1,5-st\u00fcndigen Busfahrt wurden wir am Botanischen Garten in Marburg abgesetzt und suchten den Eingang des Universit\u00e4tsgeb\u00e4udes. Dort angekommen, wurden wir von Herrn Deurer in Empfang genommen, der uns zu unserem Seminarraum f\u00fchrte, in dem wir die meiste [&hellip;]<\/p>\n","protected":false},"author":14,"featured_media":0,"comment_status":"closed","ping_status":"closed","sticky":false,"template":"","format":"standard","meta":{"ngg_post_thumbnail":0,"footnotes":""},"categories":[4,19],"tags":[],"class_list":["post-16171","post","type-post","status-publish","format-standard","hentry","category-aktuelles","category-mint"],"_links":{"self":[{"href":"https:\/\/www.maria-koenigin.de\/index.php?rest_route=\/wp\/v2\/posts\/16171","targetHints":{"allow":["GET"]}}],"collection":[{"href":"https:\/\/www.maria-koenigin.de\/index.php?rest_route=\/wp\/v2\/posts"}],"about":[{"href":"https:\/\/www.maria-koenigin.de\/index.php?rest_route=\/wp\/v2\/types\/post"}],"author":[{"embeddable":true,"href":"https:\/\/www.maria-koenigin.de\/index.php?rest_route=\/wp\/v2\/users\/14"}],"replies":[{"embeddable":true,"href":"https:\/\/www.maria-koenigin.de\/index.php?rest_route=%2Fwp%2Fv2%2Fcomments&post=16171"}],"version-history":[{"count":3,"href":"https:\/\/www.maria-koenigin.de\/index.php?rest_route=\/wp\/v2\/posts\/16171\/revisions"}],"predecessor-version":[{"id":16179,"href":"https:\/\/www.maria-koenigin.de\/index.php?rest_route=\/wp\/v2\/posts\/16171\/revisions\/16179"}],"wp:attachment":[{"href":"https:\/\/www.maria-koenigin.de\/index.php?rest_route=%2Fwp%2Fv2%2Fmedia&parent=16171"}],"wp:term":[{"taxonomy":"category","embeddable":true,"href":"https:\/\/www.maria-koenigin.de\/index.php?rest_route=%2Fwp%2Fv2%2Fcategories&post=16171"},{"taxonomy":"post_tag","embeddable":true,"href":"https:\/\/www.maria-koenigin.de\/index.php?rest_route=%2Fwp%2Fv2%2Ftags&post=16171"}],"curies":[{"name":"wp","href":"https:\/\/api.w.org\/{rel}","templated":true}]}}