{"id":16219,"date":"2025-04-28T19:35:15","date_gmt":"2025-04-28T17:35:15","guid":{"rendered":"https:\/\/www.maria-koenigin.de\/?p=16219"},"modified":"2025-04-28T19:38:19","modified_gmt":"2025-04-28T17:38:19","slug":"ganz-viel-segen-und-ermutigung-fuers-abitur","status":"publish","type":"post","link":"https:\/\/www.maria-koenigin.de\/?p=16219","title":{"rendered":"Ganz viel Segen und Ermutigung f\u00fcr\u2019s Abitur"},"content":{"rendered":"<p style=\"text-align: justify;\"><img loading=\"lazy\" decoding=\"async\" class=\"alignright wp-image-14195 size-full\" src=\"http:\/\/www.maria-koenigin.de\/wordpress\/wp-content\/uploads\/2024\/04\/Wuensche-Abiturkl.jpg\" alt=\"\" width=\"640\" height=\"640\" srcset=\"https:\/\/www.maria-koenigin.de\/wordpress\/wp-content\/uploads\/2024\/04\/Wuensche-Abiturkl.jpg 640w, https:\/\/www.maria-koenigin.de\/wordpress\/wp-content\/uploads\/2024\/04\/Wuensche-Abiturkl-300x300.jpg 300w, https:\/\/www.maria-koenigin.de\/wordpress\/wp-content\/uploads\/2024\/04\/Wuensche-Abiturkl-150x150.jpg 150w, https:\/\/www.maria-koenigin.de\/wordpress\/wp-content\/uploads\/2024\/04\/Wuensche-Abiturkl-624x624.jpg 624w\" sizes=\"auto, (max-width: 640px) 100vw, 640px\" \/>Schon vor den Osterferien hat die Abiturientia in einem Gottesdienst auf die Schulzeit zur\u00fcckgeblickt und sich St\u00e4rkung f\u00fcr die anstehenden Pr\u00fcfungen geholt. Einige Sch\u00fcler und Sch\u00fclerinnen hatten den Gottesdienst gemeinsam mit der Stufenleitung und Religionslehrerin Regina Schmidt vorbereitet.<img loading=\"lazy\" decoding=\"async\" class=\"alignright wp-image-16221 size-full\" src=\"http:\/\/www.maria-koenigin.de\/wordpress\/wp-content\/uploads\/2025\/04\/Segnungsgodi3.jpg\" alt=\"\" width=\"640\" height=\"480\" srcset=\"https:\/\/www.maria-koenigin.de\/wordpress\/wp-content\/uploads\/2025\/04\/Segnungsgodi3.jpg 640w, https:\/\/www.maria-koenigin.de\/wordpress\/wp-content\/uploads\/2025\/04\/Segnungsgodi3-300x225.jpg 300w, https:\/\/www.maria-koenigin.de\/wordpress\/wp-content\/uploads\/2025\/04\/Segnungsgodi3-624x468.jpg 624w\" sizes=\"auto, (max-width: 640px) 100vw, 640px\" \/><!--more--><\/p>\n<p style=\"text-align: justify;\"><img loading=\"lazy\" decoding=\"async\" class=\"alignright wp-image-16220 size-full\" src=\"http:\/\/www.maria-koenigin.de\/wordpress\/wp-content\/uploads\/2025\/04\/Segnungsgodi1.jpg\" alt=\"\" width=\"640\" height=\"480\" srcset=\"https:\/\/www.maria-koenigin.de\/wordpress\/wp-content\/uploads\/2025\/04\/Segnungsgodi1.jpg 640w, https:\/\/www.maria-koenigin.de\/wordpress\/wp-content\/uploads\/2025\/04\/Segnungsgodi1-300x225.jpg 300w, https:\/\/www.maria-koenigin.de\/wordpress\/wp-content\/uploads\/2025\/04\/Segnungsgodi1-624x468.jpg 624w\" sizes=\"auto, (max-width: 640px) 100vw, 640px\" \/><\/p>\n<p style=\"text-align: justify;\">Mit einer Bilderserie passierten die Jahre der Unter- und Mittelstufe und besonders die letzten drei Jahre Oberstufe noch einmal Revue und manche Erinnerungen und auch ein paar Lacher wurden angesto\u00dfen.<\/p>\n<p style=\"text-align: justify;\">Auch die wachsende Anspannung vor der kommenden Pr\u00fcfungsphase kam zur Sprache. So formulierte Katharina: \u201eUnser Abitur r\u00fcckt immer n\u00e4her, und mit jedem Tag w\u00e4chst die Anspannung, die Sorge vor den Pr\u00fcfungen oder die Frage: Werde ich das schaffen?\u201c Die Abiturienten hatten dann die Gelegenheit ihr Sorgen und \u00c4ngste aufzuschreiben. Die Zettel wurden zum Abschluss des Gottesdienstes in einem symbolischen Akt verbrannt.<\/p>\n<p style=\"text-align: justify;\"><img loading=\"lazy\" decoding=\"async\" class=\"alignright wp-image-16222 size-full\" src=\"http:\/\/www.maria-koenigin.de\/wordpress\/wp-content\/uploads\/2025\/04\/Segnungsgodi4.jpg\" alt=\"\" width=\"640\" height=\"480\" srcset=\"https:\/\/www.maria-koenigin.de\/wordpress\/wp-content\/uploads\/2025\/04\/Segnungsgodi4.jpg 640w, https:\/\/www.maria-koenigin.de\/wordpress\/wp-content\/uploads\/2025\/04\/Segnungsgodi4-300x225.jpg 300w, https:\/\/www.maria-koenigin.de\/wordpress\/wp-content\/uploads\/2025\/04\/Segnungsgodi4-624x468.jpg 624w\" sizes=\"auto, (max-width: 640px) 100vw, 640px\" \/>Aber auch eine m\u00f6gliche Antwort auf die Unsicherheit und die \u00c4ngste wurde formuliert: \u201eGenau deshalb sind wir hier. Heute soll es um Mut f\u00fcr die Zukunft gehen. Mut, den wir brauchen, um den kommenden Herausforderungen mit Zuversicht entgegenzutreten. Mut, um nicht von der Angst vor dem Scheitern gel\u00e4hmt zu werden.\u201c<\/p>\n<p style=\"text-align: justify;\">Das Thema Mut zog sich dann auch wie ein roter Faden durch den weiteren Gottesdienst. Pastor Wollweber benannte in einer pers\u00f6nlich gehaltenen Predigt viele Gr\u00fcnde, mutig und hoffnungsvoll zu sein. Die musikalische Gestaltung durch ein Sch\u00fclerensemble und Hendrik Sch\u00f6rmann griff die Hoffnung auf die Begleitung Gottes in den Pr\u00fcfungen auf.<\/p>\n<p style=\"text-align: justify;\"><img loading=\"lazy\" decoding=\"async\" class=\"alignright wp-image-16223 size-full\" src=\"http:\/\/www.maria-koenigin.de\/wordpress\/wp-content\/uploads\/2025\/04\/Segnungsgodi2.jpg\" alt=\"\" width=\"640\" height=\"480\" srcset=\"https:\/\/www.maria-koenigin.de\/wordpress\/wp-content\/uploads\/2025\/04\/Segnungsgodi2.jpg 640w, https:\/\/www.maria-koenigin.de\/wordpress\/wp-content\/uploads\/2025\/04\/Segnungsgodi2-300x225.jpg 300w, https:\/\/www.maria-koenigin.de\/wordpress\/wp-content\/uploads\/2025\/04\/Segnungsgodi2-624x468.jpg 624w\" sizes=\"auto, (max-width: 640px) 100vw, 640px\" \/>Eine gro\u00dfe Gemeinschaft aus Abiturientia und Stufenleitung und weiteren Lehrern versammelte sich dann zur Eucharistie um den Altar und machte die gute Gemeinschaft der Stufe eindrucksvoll sp\u00fcrbar.<\/p>\n<p style=\"text-align: justify;\"><img loading=\"lazy\" decoding=\"async\" class=\"alignright wp-image-16224 size-full\" src=\"http:\/\/www.maria-koenigin.de\/wordpress\/wp-content\/uploads\/2025\/04\/Segnungsgodi5.jpg\" alt=\"\" width=\"640\" height=\"853\" srcset=\"https:\/\/www.maria-koenigin.de\/wordpress\/wp-content\/uploads\/2025\/04\/Segnungsgodi5.jpg 640w, https:\/\/www.maria-koenigin.de\/wordpress\/wp-content\/uploads\/2025\/04\/Segnungsgodi5-225x300.jpg 225w, https:\/\/www.maria-koenigin.de\/wordpress\/wp-content\/uploads\/2025\/04\/Segnungsgodi5-624x832.jpg 624w\" sizes=\"auto, (max-width: 640px) 100vw, 640px\" \/>Zum Abschluss erteilte dann die Stufenleitung, Lisa Braune, Ansgar Kaufmann und Matthias Walter, den Sch\u00fclerinnen und Sch\u00fclern einen pers\u00f6nlichen Segen. Alle Anwesenden erhielten ein Armband mit der Zusage: \u201eGott ist bei dir \u2013 MK 2025\u201c als Begleitung f\u00fcr die Pr\u00fcfungszeit.<\/p>\n<p style=\"text-align: justify;\">\n","protected":false},"excerpt":{"rendered":"<p>Schon vor den Osterferien hat die Abiturientia in einem Gottesdienst auf die Schulzeit zur\u00fcckgeblickt und sich St\u00e4rkung f\u00fcr die anstehenden Pr\u00fcfungen geholt. Einige Sch\u00fcler und Sch\u00fclerinnen hatten den Gottesdienst gemeinsam mit der Stufenleitung und Religionslehrerin Regina Schmidt vorbereitet.<\/p>\n","protected":false},"author":7,"featured_media":0,"comment_status":"closed","ping_status":"closed","sticky":false,"template":"","format":"standard","meta":{"ngg_post_thumbnail":0,"footnotes":""},"categories":[4],"tags":[],"class_list":["post-16219","post","type-post","status-publish","format-standard","hentry","category-aktuelles"],"_links":{"self":[{"href":"https:\/\/www.maria-koenigin.de\/index.php?rest_route=\/wp\/v2\/posts\/16219","targetHints":{"allow":["GET"]}}],"collection":[{"href":"https:\/\/www.maria-koenigin.de\/index.php?rest_route=\/wp\/v2\/posts"}],"about":[{"href":"https:\/\/www.maria-koenigin.de\/index.php?rest_route=\/wp\/v2\/types\/post"}],"author":[{"embeddable":true,"href":"https:\/\/www.maria-koenigin.de\/index.php?rest_route=\/wp\/v2\/users\/7"}],"replies":[{"embeddable":true,"href":"https:\/\/www.maria-koenigin.de\/index.php?rest_route=%2Fwp%2Fv2%2Fcomments&post=16219"}],"version-history":[{"count":3,"href":"https:\/\/www.maria-koenigin.de\/index.php?rest_route=\/wp\/v2\/posts\/16219\/revisions"}],"predecessor-version":[{"id":16227,"href":"https:\/\/www.maria-koenigin.de\/index.php?rest_route=\/wp\/v2\/posts\/16219\/revisions\/16227"}],"wp:attachment":[{"href":"https:\/\/www.maria-koenigin.de\/index.php?rest_route=%2Fwp%2Fv2%2Fmedia&parent=16219"}],"wp:term":[{"taxonomy":"category","embeddable":true,"href":"https:\/\/www.maria-koenigin.de\/index.php?rest_route=%2Fwp%2Fv2%2Fcategories&post=16219"},{"taxonomy":"post_tag","embeddable":true,"href":"https:\/\/www.maria-koenigin.de\/index.php?rest_route=%2Fwp%2Fv2%2Ftags&post=16219"}],"curies":[{"name":"wp","href":"https:\/\/api.w.org\/{rel}","templated":true}]}}