{"id":16237,"date":"2025-05-01T10:19:55","date_gmt":"2025-05-01T08:19:55","guid":{"rendered":"https:\/\/www.maria-koenigin.de\/?p=16237"},"modified":"2025-05-01T10:19:55","modified_gmt":"2025-05-01T08:19:55","slug":"cool-wie-bolle-lesefreude-zum-welttag-des-buches","status":"publish","type":"post","link":"https:\/\/www.maria-koenigin.de\/?p=16237","title":{"rendered":"\u201eCool wie Bolle\u201c \u2013 Lesefreude zum Welttag des Buches"},"content":{"rendered":"<p style=\"text-align: justify;\"><img loading=\"lazy\" decoding=\"async\" class=\"alignright wp-image-16238 size-full\" src=\"http:\/\/www.maria-koenigin.de\/wordpress\/wp-content\/uploads\/2025\/05\/Welttag-Buch-1.jpg\" alt=\"\" width=\"640\" height=\"853\" srcset=\"https:\/\/www.maria-koenigin.de\/wordpress\/wp-content\/uploads\/2025\/05\/Welttag-Buch-1.jpg 640w, https:\/\/www.maria-koenigin.de\/wordpress\/wp-content\/uploads\/2025\/05\/Welttag-Buch-1-225x300.jpg 225w, https:\/\/www.maria-koenigin.de\/wordpress\/wp-content\/uploads\/2025\/05\/Welttag-Buch-1-624x832.jpg 624w\" sizes=\"auto, (max-width: 640px) 100vw, 640px\" \/>Anl\u00e4sslich des Welttags des Buches bekam das Gymnasium Maria K\u00f6nigin besonderen Besuch: Vera Schnell von der Buchhandlung Hamm kam eigens vorbei, um den F\u00fcnftkl\u00e4sslern ein Buchgeschenk zu \u00fcberreichen. Im Gep\u00e4ck hatte sie das diesj\u00e4hrige Aktionsbuch \u201eCool wie Bolle\u201c \u2013 ein spannender und humorvoller Lesespa\u00df, der junge Leserinnen und Leser mit auf eine abenteuerliche Reise nimmt.<!--more--><\/p>\n<p style=\"text-align: justify;\">Mit gro\u00dfer Begeisterung stellte Frau Schnell den Sch\u00fclerinnen und Sch\u00fclern das Buch vor und schaffte es, ihre Neugier auf das Lesen zu wecken. Die Kinder h\u00f6rten gespannt zu, stellten Fragen und konnten es kaum erwarten, selbst in die Geschichte einzutauchen. Ein herzliches Dankesch\u00f6n f\u00fcr diesen inspirierenden Vormittag!<\/p>\n<p style=\"text-align: justify;\">Der Welttag des Buches wird weltweit gefeiert, um die Bedeutung des Lesens, der B\u00fccher und der Rechte von Autorinnen und Autoren zu w\u00fcrdigen. In Deutschland ist der Tag insbesondere f\u00fcr Kinder ein Anlass, Literatur spielerisch und mit Freude zu entdecken \u2013 zum Beispiel mit der Aktion \u201eIch schenk dir eine Geschichte\u201c, bei der j\u00e4hrlich ein speziell daf\u00fcr geschriebenes Buch verschenkt wird.<\/p>\n<p style=\"text-align: justify;\"><img loading=\"lazy\" decoding=\"async\" class=\"alignright wp-image-16239 size-full\" src=\"http:\/\/www.maria-koenigin.de\/wordpress\/wp-content\/uploads\/2025\/05\/IMG_7811.png\" alt=\"\" width=\"760\" height=\"634\" srcset=\"https:\/\/www.maria-koenigin.de\/wordpress\/wp-content\/uploads\/2025\/05\/IMG_7811.png 760w, https:\/\/www.maria-koenigin.de\/wordpress\/wp-content\/uploads\/2025\/05\/IMG_7811-300x250.png 300w, https:\/\/www.maria-koenigin.de\/wordpress\/wp-content\/uploads\/2025\/05\/IMG_7811-624x521.png 624w\" sizes=\"auto, (max-width: 760px) 100vw, 760px\" \/>Das diesj\u00e4hrige Buch \u201eCool wie Bolle\u201c stammt von Autor Thomas Winkler und Illustrator Timo Grubing. Es erz\u00e4hlt von Bodo, der mit seiner Zwillingsschwester auf dem Weg ist, das coolste Geschwisterpaar der Schule zu werden &#8211; und dabei viele aufregende und lustige Momente erlebt. Ein Buch voller Witz, Spannung und Herz.<\/p>\n<p style=\"text-align: justify;\"><img loading=\"lazy\" decoding=\"async\" class=\"alignright wp-image-16240 size-large\" src=\"http:\/\/www.maria-koenigin.de\/wordpress\/wp-content\/uploads\/2025\/05\/Welttag-Buch-2-612x1024.jpg\" alt=\"\" width=\"612\" height=\"1024\" srcset=\"https:\/\/www.maria-koenigin.de\/wordpress\/wp-content\/uploads\/2025\/05\/Welttag-Buch-2-612x1024.jpg 612w, https:\/\/www.maria-koenigin.de\/wordpress\/wp-content\/uploads\/2025\/05\/Welttag-Buch-2-179x300.jpg 179w, https:\/\/www.maria-koenigin.de\/wordpress\/wp-content\/uploads\/2025\/05\/Welttag-Buch-2-624x1043.jpg 624w, https:\/\/www.maria-koenigin.de\/wordpress\/wp-content\/uploads\/2025\/05\/Welttag-Buch-2.jpg 640w\" sizes=\"auto, (max-width: 612px) 100vw, 612px\" \/>Lesen ist weit mehr als Zeitvertreib: Es f\u00f6rdert die Fantasie, st\u00e4rkt das Sprachgef\u00fchl und erweitert den Horizont. B\u00fccher k\u00f6nnen tr\u00f6sten, zum Nachdenken anregen oder einfach nur Freude bereiten. Wie schon der gro\u00dfe Schriftsteller Erich K\u00e4stner sagte:\u00a0\u201eEs gibt nichts Gutes, au\u00dfer: man tut es. Und ein Buch lesen ist immer etwas Gutes.\u201c<\/p>\n<p><em>Hanna Reuber<\/em><\/p>\n","protected":false},"excerpt":{"rendered":"<p>Anl\u00e4sslich des Welttags des Buches bekam das Gymnasium Maria K\u00f6nigin besonderen Besuch: Vera Schnell von der Buchhandlung Hamm kam eigens vorbei, um den F\u00fcnftkl\u00e4sslern ein Buchgeschenk zu \u00fcberreichen. Im Gep\u00e4ck hatte sie das diesj\u00e4hrige Aktionsbuch \u201eCool wie Bolle\u201c \u2013 ein spannender und humorvoller Lesespa\u00df, der junge Leserinnen und Leser mit auf eine abenteuerliche Reise nimmt.<\/p>\n","protected":false},"author":7,"featured_media":0,"comment_status":"closed","ping_status":"closed","sticky":false,"template":"","format":"standard","meta":{"ngg_post_thumbnail":0,"footnotes":""},"categories":[4],"tags":[],"class_list":["post-16237","post","type-post","status-publish","format-standard","hentry","category-aktuelles"],"_links":{"self":[{"href":"https:\/\/www.maria-koenigin.de\/index.php?rest_route=\/wp\/v2\/posts\/16237","targetHints":{"allow":["GET"]}}],"collection":[{"href":"https:\/\/www.maria-koenigin.de\/index.php?rest_route=\/wp\/v2\/posts"}],"about":[{"href":"https:\/\/www.maria-koenigin.de\/index.php?rest_route=\/wp\/v2\/types\/post"}],"author":[{"embeddable":true,"href":"https:\/\/www.maria-koenigin.de\/index.php?rest_route=\/wp\/v2\/users\/7"}],"replies":[{"embeddable":true,"href":"https:\/\/www.maria-koenigin.de\/index.php?rest_route=%2Fwp%2Fv2%2Fcomments&post=16237"}],"version-history":[{"count":1,"href":"https:\/\/www.maria-koenigin.de\/index.php?rest_route=\/wp\/v2\/posts\/16237\/revisions"}],"predecessor-version":[{"id":16241,"href":"https:\/\/www.maria-koenigin.de\/index.php?rest_route=\/wp\/v2\/posts\/16237\/revisions\/16241"}],"wp:attachment":[{"href":"https:\/\/www.maria-koenigin.de\/index.php?rest_route=%2Fwp%2Fv2%2Fmedia&parent=16237"}],"wp:term":[{"taxonomy":"category","embeddable":true,"href":"https:\/\/www.maria-koenigin.de\/index.php?rest_route=%2Fwp%2Fv2%2Fcategories&post=16237"},{"taxonomy":"post_tag","embeddable":true,"href":"https:\/\/www.maria-koenigin.de\/index.php?rest_route=%2Fwp%2Fv2%2Ftags&post=16237"}],"curies":[{"name":"wp","href":"https:\/\/api.w.org\/{rel}","templated":true}]}}