{"id":16265,"date":"2025-05-11T23:30:12","date_gmt":"2025-05-11T21:30:12","guid":{"rendered":"https:\/\/www.maria-koenigin.de\/?p=16265"},"modified":"2025-05-11T23:32:22","modified_gmt":"2025-05-11T21:32:22","slug":"25-jahre-traegerverein-gymnasium-maria-koenigin-e-v","status":"publish","type":"post","link":"https:\/\/www.maria-koenigin.de\/?p=16265","title":{"rendered":"25 Jahre Tr\u00e4gerverein Gymnasium Maria K\u00f6nigin e.V."},"content":{"rendered":"<p style=\"text-align: justify;\"><img loading=\"lazy\" decoding=\"async\" class=\"alignright wp-image-16266 size-full\" src=\"http:\/\/www.maria-koenigin.de\/wordpress\/wp-content\/uploads\/2025\/05\/Traeger25-Gruppekl.jpg\" alt=\"\" width=\"640\" height=\"480\" srcset=\"https:\/\/www.maria-koenigin.de\/wordpress\/wp-content\/uploads\/2025\/05\/Traeger25-Gruppekl.jpg 640w, https:\/\/www.maria-koenigin.de\/wordpress\/wp-content\/uploads\/2025\/05\/Traeger25-Gruppekl-300x225.jpg 300w, https:\/\/www.maria-koenigin.de\/wordpress\/wp-content\/uploads\/2025\/05\/Traeger25-Gruppekl-624x468.jpg 624w\" sizes=\"auto, (max-width: 640px) 100vw, 640px\" \/>Am 3. Mai 2025 konnte der Tr\u00e4gerverein sein 25-j\u00e4hriges Bestehen feiern. Zahlreiche aktuelle wie auch ehemalige Mitglieder sowie Pater Egon F\u00e4rber, Pater Michael Baumbach und Pater Heinrich B\u00fcdenbender blickten auf ein Vierteljahrhundert sehr erfolgreicher Vereinsarbeit zur\u00fcck. Nach einem Gottesdienst in der Klosterkirche gaben Hans-Gerd Mummel und Berthold Schleime im ehemaligen Speisesaal der Patres einen informativen Einblick in die ehrenamtliche Vereinsarbeit und deren sehr positive Entwicklung. <!--more--><\/p>\n<p style=\"text-align: justify;\">Der \u00dcbergang der Tr\u00e4gerschaft von den Missionaren von der Heiligen Familie zu einem privaten Tr\u00e4gerverein war nicht immer h\u00fcrdenlos, hat sich aber im R\u00fcckblick zu einem tragf\u00e4higen Zukunftsmodell entwickelt, so dass die Zukunft von Maria K\u00f6nigin langfristig gesichert ist.<\/p>\n<p style=\"text-align: justify;\">Eine besondere W\u00fcrdigung des Tr\u00e4gervereins formulierte Pater Michael Baumbach in seiner Predigt in der Klosterkirche Maria K\u00f6nigin:<\/p>\n<p style=\"text-align: justify;\"><img loading=\"lazy\" decoding=\"async\" class=\"alignright wp-image-16267 size-full\" src=\"http:\/\/www.maria-koenigin.de\/wordpress\/wp-content\/uploads\/2025\/05\/Michael-Baumbach.jpg\" alt=\"\" width=\"960\" height=\"802\" srcset=\"https:\/\/www.maria-koenigin.de\/wordpress\/wp-content\/uploads\/2025\/05\/Michael-Baumbach.jpg 960w, https:\/\/www.maria-koenigin.de\/wordpress\/wp-content\/uploads\/2025\/05\/Michael-Baumbach-300x251.jpg 300w, https:\/\/www.maria-koenigin.de\/wordpress\/wp-content\/uploads\/2025\/05\/Michael-Baumbach-768x642.jpg 768w, https:\/\/www.maria-koenigin.de\/wordpress\/wp-content\/uploads\/2025\/05\/Michael-Baumbach-624x521.jpg 624w\" sizes=\"auto, (max-width: 960px) 100vw, 960px\" \/>&#8222;Liebe Schwestern und Br\u00fcder,\u00a0vor 25 Jahren wurde manifest, was schon l\u00e4ngst klar war. Wir Missionare von der Heiligen Familie konnten das Gymnasium Maria K\u00f6nigin nicht mehr tragen. Wir kamen an die Grenzen &#8211; personell und dann auch finanziell.\u00a0Aus der Position heraus, nicht mehr zu k\u00f6nnen, werden nicht viele gute Entscheidungen getroffen.\u00a0Die Gr\u00fcndung des Tr\u00e4gervereins war jedoch eine gute Entscheidung.<\/p>\n<p style=\"text-align: justify;\">Personelle Grenzen im Orden wurden entgrenzt durch die Menschen vor Ort. Lehrerinnen und Lehrer, Eltern, Ehemalige, Menschen, die einfach Spa\u00df an der Schule auf dem Berg hatten.\u00a0Die Binnenperspektive des Ordens wurde schon lange von der Sicht der mit der Schule verbundenen Menschen erg\u00e4nzt, bereichert, korrigiert.<\/p>\n<p style=\"text-align: justify;\">Und vor 25 Jahren war es soweit.\u00a0Die Schultr\u00e4gerschaft konnte in andere H\u00e4nde \u00fcbergeben werden.\u00a0Und wenn ich sage, in bessere H\u00e4nde, dann ist damit keine Geringsch\u00e4tzung der Lebensleistung von so manchem Mitbruder ausgedr\u00fcckt, sondern eine Wertsch\u00e4tzung der Leistung aller am Schulleben Beteiligten.\u00a0Finanziell war die \u00dcbertragung der Tr\u00e4gerschaft erst recht ein Risiko. Der bange Blick des Provinz\u00f6konoms auf die Zahlen wurde der bange Blick des Vorstands der Tr\u00e4gervereins und des ganzen Vereins. Und auch da hielten meistens die politisch Verantwortlichen im Interesse der Sch\u00fclerinnen und Sch\u00fcler zusammen. Das Bistum engagierte sich und entdeckte das Potenzial hier oben auf dem Berg.<\/p>\n<p style=\"text-align: justify;\"><img loading=\"lazy\" decoding=\"async\" class=\"alignright wp-image-16268 size-full\" src=\"http:\/\/www.maria-koenigin.de\/wordpress\/wp-content\/uploads\/2025\/05\/Traeger25-1kl.jpg\" alt=\"\" width=\"640\" height=\"480\" srcset=\"https:\/\/www.maria-koenigin.de\/wordpress\/wp-content\/uploads\/2025\/05\/Traeger25-1kl.jpg 640w, https:\/\/www.maria-koenigin.de\/wordpress\/wp-content\/uploads\/2025\/05\/Traeger25-1kl-300x225.jpg 300w, https:\/\/www.maria-koenigin.de\/wordpress\/wp-content\/uploads\/2025\/05\/Traeger25-1kl-624x468.jpg 624w\" sizes=\"auto, (max-width: 640px) 100vw, 640px\" \/>Wir haben die Schule abgegeben, weil wir es personell und finanziell nicht mehr schafften. Wir konnten nicht mehr garantieren, dass die M\u00e4dchen und Jungen hier oben bis zum Abschluss gut aufgehoben sein w\u00fcrden. Neben Personen und Geld kam jedoch noch etwas anderes hinzu. Vielleicht etwas noch Wichtigeres:\u00a0Vernetzung und neue Ideen.<\/p>\n<p style=\"text-align: justify;\">Nat\u00fcrlich waren auch unsere Mitbr\u00fcder hier bekannt. Aber eine solche Vernetzung, wie der Tr\u00e4gerverein erm\u00f6glichte, das h\u00e4tten wir nie geschafft. Und darum geht es &#8211; Vernetzung, Kompetenzen vor Ort nutzen, entdecken und heben. Sich einlassen auf die neue Situation. Sich wirklich einlassen.\u00a0Sehen Sie es mir nach, dass ich Ihre Aufmerksamkeit noch einmal auf die Lesung lenken m\u00f6chte.<\/p>\n<p style=\"text-align: justify;\"><img loading=\"lazy\" decoding=\"async\" class=\"alignright wp-image-16269 size-large\" src=\"http:\/\/www.maria-koenigin.de\/wordpress\/wp-content\/uploads\/2025\/05\/Traegerjubilaeum-768x1024.jpeg\" alt=\"\" width=\"625\" height=\"833\" srcset=\"https:\/\/www.maria-koenigin.de\/wordpress\/wp-content\/uploads\/2025\/05\/Traegerjubilaeum-768x1024.jpeg 768w, https:\/\/www.maria-koenigin.de\/wordpress\/wp-content\/uploads\/2025\/05\/Traegerjubilaeum-225x300.jpeg 225w, https:\/\/www.maria-koenigin.de\/wordpress\/wp-content\/uploads\/2025\/05\/Traegerjubilaeum-1152x1536.jpeg 1152w, https:\/\/www.maria-koenigin.de\/wordpress\/wp-content\/uploads\/2025\/05\/Traegerjubilaeum-624x832.jpeg 624w, https:\/\/www.maria-koenigin.de\/wordpress\/wp-content\/uploads\/2025\/05\/Traegerjubilaeum.jpeg 1500w\" sizes=\"auto, (max-width: 625px) 100vw, 625px\" \/>Der Prophet Jeremia bekommt eine neue Aufgabe. Sein Volk, die Israeliten sind in der Verbannung &#8211; im Exil. Weit entfernt vom Gelobten Land, und darum auch weit entfernt vom Bund mit Gott. Nicht nur Fremde in einem fremden Land, sondern entfremdet von Gott. Und in dieser Situation soll er den Israeliten einen Brief schreiben:\u00a0\u00a0Und es sind wunderbare Zeilen. Er schreibt: Gott meint, ihr solltet euch nicht f\u00fcr etwas Besseres halten. Glaubt nicht, ihr k\u00f6nntet euch, oder etwas retten, wenn ihr euch raushaltet. Baut H\u00e4user in der fremden Welt!\u00a0Bleibt nicht unter euch. Nehmt euch Frauen und M\u00e4nner des Volkes, in dem ihr lebt. Und verheiratet eure T\u00f6chter und S\u00f6hne mit den T\u00f6chtern und S\u00f6hnen des Landes, in dem ihr wohnt. Unglaublich. Lasst euch ein in die Welt, die euch umgibt. Nehmt den Geruch der Welt um euch herum an. Habt keine Angst vor dem Zeitgeist! Ihr m\u00fcsst ihn schon kennenlernen wollen, sonst bleibt ihr Fremde. Und genau das feiern wir heute.<\/p>\n<p style=\"text-align: justify;\">Wir denken dankbar daran, dass die Tr\u00e4gerschaft einer katholischen &#8211; einer christlichen Schule zu tun hat mit dem Wirken Gottes in unserer Welt, einer Welt, f\u00fcr die Jesus Christus gestorben ist.\u00a0Wir blicken auf 25 Jahre Tr\u00e4gerverein Maria K\u00f6nigin. 25 Jahre, in denen es gelungen ist, Menschen mitzunehmen, zu begeistern, zu sich, sie zu ihren Potenzialen zu f\u00fchren, sie etwas zu beheimaten.\u00a0Wir feiern Menschen, die sich auch aus \u00dcberzeugung eingelassen ha\u00adben auf unsere Schule.\u00a0Und das Bodenst\u00e4ndige, das Schlicht-und-Einfache, das Kreative, das verbindet uns mit dem Auftrag, gemeinsam missionarisch zu leben.<\/p>\n<p style=\"text-align: justify;\"><img loading=\"lazy\" decoding=\"async\" class=\"alignright wp-image-16271 size-full\" src=\"http:\/\/www.maria-koenigin.de\/wordpress\/wp-content\/uploads\/2025\/05\/Blick-von-Maria-Koeniginkl.jpg\" alt=\"\" width=\"640\" height=\"413\" srcset=\"https:\/\/www.maria-koenigin.de\/wordpress\/wp-content\/uploads\/2025\/05\/Blick-von-Maria-Koeniginkl.jpg 640w, https:\/\/www.maria-koenigin.de\/wordpress\/wp-content\/uploads\/2025\/05\/Blick-von-Maria-Koeniginkl-300x194.jpg 300w, https:\/\/www.maria-koenigin.de\/wordpress\/wp-content\/uploads\/2025\/05\/Blick-von-Maria-Koeniginkl-624x403.jpg 624w\" sizes=\"auto, (max-width: 640px) 100vw, 640px\" \/>Etwas fehlt noch: All das w\u00e4re nicht m\u00f6glich gewesen, ohne die merkw\u00fcrdige Gegenwart Gottes, selbst zwischen T\u00fcr und Angel. All das w\u00e4re aus lauter Angst schon l\u00e4ngst eingegangen, ohne die Zusagen Gottes an uns und die Welt:\u00a0Denn ich, ich kenne die Gedanken, die ich f\u00fcr euch denke &#8211; Spruch des HERRN -, Gedanken des Heils und nicht des Unheils; denn ich will euch eine Zukunft und eine Hoffnung geben.\u00a0Ihr werdet mich anrufen, ihr werdet kommen und zu mir beten und ich werde euch erh\u00f6ren.\u00a0Ihr werdet mich suchen und ihr werdet mich finden, wenn ihr nach mir fragt von ganzem Herzen.\u00a0Und ich lasse mich von euch finden &#8211; Spruch des HERRN!<\/p>\n<p style=\"text-align: justify;\">Was f\u00fcr Zusagen! Und mit so viel zugesagter Gegenwart Gottes sollten sich die n\u00e4chsten Schritte tun lassen. So viel von Gott zugesagtes Gutes, Tr\u00f6stendes, Unterst\u00fctzendes, kommt dann in Menschen und Institutionen an, wenn man selbst Gutes zusagt, tr\u00f6stet, unterst\u00fctzt.&#8220;<\/p>\n<p>Eine kurze Chronik des Tr\u00e4gervereines findet sich unter diesem Link:<\/p>\n<p><a href=\"http:\/\/www.maria-koenigin.de\/wordpress\/wp-content\/uploads\/2025\/05\/Traegerverein25-Chronik.pdf\">Traegerverein25-Chronik<\/a><\/p>\n<p><em>Michael Br\u00fcseken<\/em><\/p>\n","protected":false},"excerpt":{"rendered":"<p>Am 3. Mai 2025 konnte der Tr\u00e4gerverein sein 25-j\u00e4hriges Bestehen feiern. Zahlreiche aktuelle wie auch ehemalige Mitglieder sowie Pater Egon F\u00e4rber, Pater Michael Baumbach und Pater Heinrich B\u00fcdenbender blickten auf ein Vierteljahrhundert sehr erfolgreicher Vereinsarbeit zur\u00fcck. Nach einem Gottesdienst in der Klosterkirche gaben Hans-Gerd Mummel und Berthold Schleime im ehemaligen Speisesaal der Patres einen informativen [&hellip;]<\/p>\n","protected":false},"author":7,"featured_media":0,"comment_status":"closed","ping_status":"closed","sticky":false,"template":"","format":"standard","meta":{"ngg_post_thumbnail":0,"footnotes":""},"categories":[4],"tags":[],"class_list":["post-16265","post","type-post","status-publish","format-standard","hentry","category-aktuelles"],"_links":{"self":[{"href":"https:\/\/www.maria-koenigin.de\/index.php?rest_route=\/wp\/v2\/posts\/16265","targetHints":{"allow":["GET"]}}],"collection":[{"href":"https:\/\/www.maria-koenigin.de\/index.php?rest_route=\/wp\/v2\/posts"}],"about":[{"href":"https:\/\/www.maria-koenigin.de\/index.php?rest_route=\/wp\/v2\/types\/post"}],"author":[{"embeddable":true,"href":"https:\/\/www.maria-koenigin.de\/index.php?rest_route=\/wp\/v2\/users\/7"}],"replies":[{"embeddable":true,"href":"https:\/\/www.maria-koenigin.de\/index.php?rest_route=%2Fwp%2Fv2%2Fcomments&post=16265"}],"version-history":[{"count":4,"href":"https:\/\/www.maria-koenigin.de\/index.php?rest_route=\/wp\/v2\/posts\/16265\/revisions"}],"predecessor-version":[{"id":16275,"href":"https:\/\/www.maria-koenigin.de\/index.php?rest_route=\/wp\/v2\/posts\/16265\/revisions\/16275"}],"wp:attachment":[{"href":"https:\/\/www.maria-koenigin.de\/index.php?rest_route=%2Fwp%2Fv2%2Fmedia&parent=16265"}],"wp:term":[{"taxonomy":"category","embeddable":true,"href":"https:\/\/www.maria-koenigin.de\/index.php?rest_route=%2Fwp%2Fv2%2Fcategories&post=16265"},{"taxonomy":"post_tag","embeddable":true,"href":"https:\/\/www.maria-koenigin.de\/index.php?rest_route=%2Fwp%2Fv2%2Ftags&post=16265"}],"curies":[{"name":"wp","href":"https:\/\/api.w.org\/{rel}","templated":true}]}}