{"id":16277,"date":"2025-05-18T16:22:27","date_gmt":"2025-05-18T14:22:27","guid":{"rendered":"https:\/\/www.maria-koenigin.de\/?p=16277"},"modified":"2025-05-18T16:22:27","modified_gmt":"2025-05-18T14:22:27","slug":"einblicke-in-den-berufsalltag-eines-richters","status":"publish","type":"post","link":"https:\/\/www.maria-koenigin.de\/?p=16277","title":{"rendered":"Einblicke in den Berufsalltag eines Richters"},"content":{"rendered":"<p style=\"text-align: justify;\"><img loading=\"lazy\" decoding=\"async\" class=\"alignright wp-image-16278 size-full\" src=\"http:\/\/www.maria-koenigin.de\/wordpress\/wp-content\/uploads\/2025\/05\/Rechtskunde1.jpg\" alt=\"\" width=\"640\" height=\"480\" srcset=\"https:\/\/www.maria-koenigin.de\/wordpress\/wp-content\/uploads\/2025\/05\/Rechtskunde1.jpg 640w, https:\/\/www.maria-koenigin.de\/wordpress\/wp-content\/uploads\/2025\/05\/Rechtskunde1-300x225.jpg 300w, https:\/\/www.maria-koenigin.de\/wordpress\/wp-content\/uploads\/2025\/05\/Rechtskunde1-624x468.jpg 624w\" sizes=\"auto, (max-width: 640px) 100vw, 640px\" \/>Im Rahmen des Politikunterrichts besch\u00e4ftigen sich die Sch\u00fclerinnen und Sch\u00fcler der\u00a0Jahrgangsstufe 8 derzeit mit dem Thema \u201eWir Jugendlichen und das Recht\u201c. Dabei setzen\u00a0 sie\u00a0sich mit der Bedeutung von Gesetzen im Alltag, Formen, Ursachen und F\u00e4llen von\u00a0Jugendkriminalit\u00e4t auseinander. Dabei nehmen sie sogar selbst die Rolle eines Richters ein\u00a0und f\u00e4llen eigene Urteile. <!--more--><\/p>\n<p style=\"text-align: justify;\">Ein besonderes Highlight im Rahmen dieser Unterrichtsreihe war der Besuch von Herrn\u00a0Witte, Richter am Amtsgericht Olpe. Er wurde eingeladen, um den Jugendlichen einen\u00a0praxisnahen Einblick in die juristische Arbeit zu erm\u00f6glichen. In einem anschaulichen\u00a0Vortrag berichtete Herr Witte von seinem beruflichen Alltag, erl\u00e4uterte typische Abl\u00e4ufe im\u00a0Gerichtsverfahren und nahm sich viel Zeit, um die zahlreichen Fragen der Sch\u00fclerinnen und\u00a0Sch\u00fcler zu beantworten. Besonders positiv wurde dabei aufgenommen, dass er viele Beispiele\u00a0aus dem Alltag einflie\u00dfen lie\u00df, um die Inhalte verst\u00e4ndlich und lebensnah zu vermitteln.<\/p>\n<p style=\"text-align: justify;\"><img loading=\"lazy\" decoding=\"async\" class=\"alignright wp-image-16279 size-large\" src=\"http:\/\/www.maria-koenigin.de\/wordpress\/wp-content\/uploads\/2025\/05\/IMG_1965-1024x768.jpeg\" alt=\"\" width=\"625\" height=\"469\" srcset=\"https:\/\/www.maria-koenigin.de\/wordpress\/wp-content\/uploads\/2025\/05\/IMG_1965-1024x768.jpeg 1024w, https:\/\/www.maria-koenigin.de\/wordpress\/wp-content\/uploads\/2025\/05\/IMG_1965-300x225.jpeg 300w, https:\/\/www.maria-koenigin.de\/wordpress\/wp-content\/uploads\/2025\/05\/IMG_1965-768x576.jpeg 768w, https:\/\/www.maria-koenigin.de\/wordpress\/wp-content\/uploads\/2025\/05\/IMG_1965-1536x1152.jpeg 1536w, https:\/\/www.maria-koenigin.de\/wordpress\/wp-content\/uploads\/2025\/05\/IMG_1965-2048x1536.jpeg 2048w, https:\/\/www.maria-koenigin.de\/wordpress\/wp-content\/uploads\/2025\/05\/IMG_1965-624x468.jpeg 624w\" sizes=\"auto, (max-width: 625px) 100vw, 625px\" \/> Viele zeigten gro\u00dfes Interesse und stellten gezielte Fragen zum Beruf des Richters, zum deutschen Rechtssystem und zu konkreten F\u00e4llen aus dem Alltag. Besonders beeindruckt war eine Sch\u00fclerin, die im Anschluss sagte:\u00a0\u201eIch w\u00fcrde gerne Anw\u00e4ltin werden. Daher war es f\u00fcr mich sehr interessant. Ich konnte einige spannende Einblicke erhalten und auch meine Fragen wurden beantwortet \u2013 das fand ich echt toll.\u201c<\/p>\n<p style=\"text-align: justify;\">Solche praxisnahen Begegnungen mit Fachleuten sind eine wertvolle Erg\u00e4nzung zum\u00a0Unterrichtsgeschehen. Sie erm\u00f6glichen es den Sch\u00fclerinnen und Sch\u00fclern, theoretisches\u00a0Wissen mit realen Erfahrungen zu verkn\u00fcpfen und berufliche Perspektiven kennenzulernen.\u00a0Ein herzlicher Dank geht an Herrn Witte f\u00fcr seinen Besuch und die anschauliche Gestaltung\u00a0dieser besonderen Unterrichtseinheit!<\/p>\n<p><em>Mara Br\u00fcggemann<\/em><\/p>\n","protected":false},"excerpt":{"rendered":"<p>Im Rahmen des Politikunterrichts besch\u00e4ftigen sich die Sch\u00fclerinnen und Sch\u00fcler der\u00a0Jahrgangsstufe 8 derzeit mit dem Thema \u201eWir Jugendlichen und das Recht\u201c. Dabei setzen\u00a0 sie\u00a0sich mit der Bedeutung von Gesetzen im Alltag, Formen, Ursachen und F\u00e4llen von\u00a0Jugendkriminalit\u00e4t auseinander. Dabei nehmen sie sogar selbst die Rolle eines Richters ein\u00a0und f\u00e4llen eigene Urteile.<\/p>\n","protected":false},"author":7,"featured_media":0,"comment_status":"closed","ping_status":"closed","sticky":false,"template":"","format":"standard","meta":{"ngg_post_thumbnail":0,"footnotes":""},"categories":[4],"tags":[],"class_list":["post-16277","post","type-post","status-publish","format-standard","hentry","category-aktuelles"],"_links":{"self":[{"href":"https:\/\/www.maria-koenigin.de\/index.php?rest_route=\/wp\/v2\/posts\/16277","targetHints":{"allow":["GET"]}}],"collection":[{"href":"https:\/\/www.maria-koenigin.de\/index.php?rest_route=\/wp\/v2\/posts"}],"about":[{"href":"https:\/\/www.maria-koenigin.de\/index.php?rest_route=\/wp\/v2\/types\/post"}],"author":[{"embeddable":true,"href":"https:\/\/www.maria-koenigin.de\/index.php?rest_route=\/wp\/v2\/users\/7"}],"replies":[{"embeddable":true,"href":"https:\/\/www.maria-koenigin.de\/index.php?rest_route=%2Fwp%2Fv2%2Fcomments&post=16277"}],"version-history":[{"count":1,"href":"https:\/\/www.maria-koenigin.de\/index.php?rest_route=\/wp\/v2\/posts\/16277\/revisions"}],"predecessor-version":[{"id":16281,"href":"https:\/\/www.maria-koenigin.de\/index.php?rest_route=\/wp\/v2\/posts\/16277\/revisions\/16281"}],"wp:attachment":[{"href":"https:\/\/www.maria-koenigin.de\/index.php?rest_route=%2Fwp%2Fv2%2Fmedia&parent=16277"}],"wp:term":[{"taxonomy":"category","embeddable":true,"href":"https:\/\/www.maria-koenigin.de\/index.php?rest_route=%2Fwp%2Fv2%2Fcategories&post=16277"},{"taxonomy":"post_tag","embeddable":true,"href":"https:\/\/www.maria-koenigin.de\/index.php?rest_route=%2Fwp%2Fv2%2Ftags&post=16277"}],"curies":[{"name":"wp","href":"https:\/\/api.w.org\/{rel}","templated":true}]}}