{"id":16282,"date":"2025-05-21T22:26:38","date_gmt":"2025-05-21T20:26:38","guid":{"rendered":"https:\/\/www.maria-koenigin.de\/?p=16282"},"modified":"2025-05-21T22:26:38","modified_gmt":"2025-05-21T20:26:38","slug":"engagement-im-warenkorb-klasse-8b-hilft-mit","status":"publish","type":"post","link":"https:\/\/www.maria-koenigin.de\/?p=16282","title":{"rendered":"Engagement im \u201eWarenkorb\u201d: Klasse 8b hilft mit"},"content":{"rendered":"<p style=\"text-align: justify;\"><img loading=\"lazy\" decoding=\"async\" class=\"alignright wp-image-16283 size-full\" src=\"http:\/\/www.maria-koenigin.de\/wordpress\/wp-content\/uploads\/2025\/05\/Warenkorb6.jpg\" alt=\"\" width=\"640\" height=\"853\" srcset=\"https:\/\/www.maria-koenigin.de\/wordpress\/wp-content\/uploads\/2025\/05\/Warenkorb6.jpg 640w, https:\/\/www.maria-koenigin.de\/wordpress\/wp-content\/uploads\/2025\/05\/Warenkorb6-225x300.jpg 225w, https:\/\/www.maria-koenigin.de\/wordpress\/wp-content\/uploads\/2025\/05\/Warenkorb6-624x832.jpg 624w\" sizes=\"auto, (max-width: 640px) 100vw, 640px\" \/>Im Rahmen des Politikunterrichts durfte die Klasse 8b unserer Schule eine besondere Erfahrung machen: Die Sch\u00fclerinnen und Sch\u00fcler unterst\u00fctzten das Team des \u201eWarenkorbs\u201d in Lennestadt \u2013 ein Projekt der \u00f6rtlichen Kirchengemeinden und der Caritas zur Unterst\u00fctzung bed\u00fcrftiger Menschen mit Lebensmitteln und anderer notwendiger Artikel des t\u00e4glichen Bedarfs. <!--more--><\/p>\n<p style=\"text-align: justify;\"><img loading=\"lazy\" decoding=\"async\" class=\"alignright wp-image-16284 size-full\" src=\"http:\/\/www.maria-koenigin.de\/wordpress\/wp-content\/uploads\/2025\/05\/Warenkorb7.jpg\" alt=\"\" width=\"640\" height=\"480\" srcset=\"https:\/\/www.maria-koenigin.de\/wordpress\/wp-content\/uploads\/2025\/05\/Warenkorb7.jpg 640w, https:\/\/www.maria-koenigin.de\/wordpress\/wp-content\/uploads\/2025\/05\/Warenkorb7-300x225.jpg 300w, https:\/\/www.maria-koenigin.de\/wordpress\/wp-content\/uploads\/2025\/05\/Warenkorb7-624x468.jpg 624w\" sizes=\"auto, (max-width: 640px) 100vw, 640px\" \/>M\u00f6glich wurde dieser Einsatz durch die Kooperation unserer Schule mit dem Projekt EiL \u2013 Ehrenamt in Lennestadt, das freiwilliges Engagement in der Region f\u00f6rdert. Vor Ort packte die Klasse tatkr\u00e4ftig mit an: Lebensmittel wurden sortiert, haltbare Produkte \u00fcberpr\u00fcft und die Ausgabe vorbereitet.<\/p>\n<p style=\"text-align: justify;\"><img loading=\"lazy\" decoding=\"async\" class=\"alignright wp-image-16285 size-full\" src=\"http:\/\/www.maria-koenigin.de\/wordpress\/wp-content\/uploads\/2025\/05\/Warenkorb1.jpg\" alt=\"\" width=\"640\" height=\"853\" srcset=\"https:\/\/www.maria-koenigin.de\/wordpress\/wp-content\/uploads\/2025\/05\/Warenkorb1.jpg 640w, https:\/\/www.maria-koenigin.de\/wordpress\/wp-content\/uploads\/2025\/05\/Warenkorb1-225x300.jpg 225w, https:\/\/www.maria-koenigin.de\/wordpress\/wp-content\/uploads\/2025\/05\/Warenkorb1-624x832.jpg 624w\" sizes=\"auto, (max-width: 640px) 100vw, 640px\" \/><img loading=\"lazy\" decoding=\"async\" class=\"alignright wp-image-16286 size-full\" src=\"http:\/\/www.maria-koenigin.de\/wordpress\/wp-content\/uploads\/2025\/05\/Warenkorb4.jpg\" alt=\"\" width=\"640\" height=\"853\" srcset=\"https:\/\/www.maria-koenigin.de\/wordpress\/wp-content\/uploads\/2025\/05\/Warenkorb4.jpg 640w, https:\/\/www.maria-koenigin.de\/wordpress\/wp-content\/uploads\/2025\/05\/Warenkorb4-225x300.jpg 225w, https:\/\/www.maria-koenigin.de\/wordpress\/wp-content\/uploads\/2025\/05\/Warenkorb4-624x832.jpg 624w\" sizes=\"auto, (max-width: 640px) 100vw, 640px\" \/>Die Aktion kn\u00fcpfte an zentrale Inhalte des Politikunterrichts an: gesellschaftliches Engagement, Verantwortung \u00fcbernehmen, Hilfe f\u00fcr hilfsbed\u00fcrftige Menschen sowie ein bewusster Umgang mit Ressourcen und Lebensmitteln. So konnten die Jugendlichen ganz praktisch erleben, wie wichtig Solidarit\u00e4t und Nachhaltigkeit im Alltag sind.<\/p>\n<p style=\"text-align: justify;\"><img loading=\"lazy\" decoding=\"async\" class=\"alignright wp-image-16287 size-full\" src=\"http:\/\/www.maria-koenigin.de\/wordpress\/wp-content\/uploads\/2025\/05\/Warenkorbfertig.jpg\" alt=\"\" width=\"640\" height=\"854\" srcset=\"https:\/\/www.maria-koenigin.de\/wordpress\/wp-content\/uploads\/2025\/05\/Warenkorbfertig.jpg 640w, https:\/\/www.maria-koenigin.de\/wordpress\/wp-content\/uploads\/2025\/05\/Warenkorbfertig-225x300.jpg 225w, https:\/\/www.maria-koenigin.de\/wordpress\/wp-content\/uploads\/2025\/05\/Warenkorbfertig-624x833.jpg 624w\" sizes=\"auto, (max-width: 640px) 100vw, 640px\" \/>Bei bestem Wetter wanderte die Klasse nach getaner Arbeit zur\u00fcck und machte noch einen kleinen Stopp in der Eisdiele &#8211; nach der tatkr\u00e4ftigen Unterst\u00fctzung hatten sich alle eine leckere Abk\u00fchlung verdient!<\/p>\n<p><img loading=\"lazy\" decoding=\"async\" class=\"alignright wp-image-16288 size-full\" src=\"http:\/\/www.maria-koenigin.de\/wordpress\/wp-content\/uploads\/2025\/05\/Warenkorb5.jpg\" alt=\"\" width=\"640\" height=\"853\" srcset=\"https:\/\/www.maria-koenigin.de\/wordpress\/wp-content\/uploads\/2025\/05\/Warenkorb5.jpg 640w, https:\/\/www.maria-koenigin.de\/wordpress\/wp-content\/uploads\/2025\/05\/Warenkorb5-225x300.jpg 225w, https:\/\/www.maria-koenigin.de\/wordpress\/wp-content\/uploads\/2025\/05\/Warenkorb5-624x832.jpg 624w\" sizes=\"auto, (max-width: 640px) 100vw, 640px\" \/>Ein herzliches Dankesch\u00f6n an alle Beteiligten f\u00fcr diese wertvolle Erfahrung!\u00a0Wer sich weitere Informationen \u00fcber diese bedeutsame Arbeit einholen m\u00f6chte, kann sich schlau machen unter\u00a0 \u00a0 <a href=\"https:\/\/www.eil-ehrenamt-lennestadt.de\">https:\/\/www.eil-ehrenamt-lennestadt.de<\/a>\u00a0 \u00a0\u00a0und\u00a0 \u00a0<a href=\"https:\/\/www.kirche-in-lennestadt.de\/wirsindfuersieda\/warenkorb\/\">https:\/\/www.kirche-in-lennestadt.de\/wirsindfuersieda\/warenkorb\/ \u00a0<\/a><\/p>\n<p><em>Hanna Reuber\u00a0<\/em><\/p>\n<p>&nbsp;<\/p>\n","protected":false},"excerpt":{"rendered":"<p>Im Rahmen des Politikunterrichts durfte die Klasse 8b unserer Schule eine besondere Erfahrung machen: Die Sch\u00fclerinnen und Sch\u00fcler unterst\u00fctzten das Team des \u201eWarenkorbs\u201d in Lennestadt \u2013 ein Projekt der \u00f6rtlichen Kirchengemeinden und der Caritas zur Unterst\u00fctzung bed\u00fcrftiger Menschen mit Lebensmitteln und anderer notwendiger Artikel des t\u00e4glichen Bedarfs.<\/p>\n","protected":false},"author":7,"featured_media":0,"comment_status":"closed","ping_status":"closed","sticky":false,"template":"","format":"standard","meta":{"ngg_post_thumbnail":0,"footnotes":""},"categories":[4],"tags":[],"class_list":["post-16282","post","type-post","status-publish","format-standard","hentry","category-aktuelles"],"_links":{"self":[{"href":"https:\/\/www.maria-koenigin.de\/index.php?rest_route=\/wp\/v2\/posts\/16282","targetHints":{"allow":["GET"]}}],"collection":[{"href":"https:\/\/www.maria-koenigin.de\/index.php?rest_route=\/wp\/v2\/posts"}],"about":[{"href":"https:\/\/www.maria-koenigin.de\/index.php?rest_route=\/wp\/v2\/types\/post"}],"author":[{"embeddable":true,"href":"https:\/\/www.maria-koenigin.de\/index.php?rest_route=\/wp\/v2\/users\/7"}],"replies":[{"embeddable":true,"href":"https:\/\/www.maria-koenigin.de\/index.php?rest_route=%2Fwp%2Fv2%2Fcomments&post=16282"}],"version-history":[{"count":1,"href":"https:\/\/www.maria-koenigin.de\/index.php?rest_route=\/wp\/v2\/posts\/16282\/revisions"}],"predecessor-version":[{"id":16289,"href":"https:\/\/www.maria-koenigin.de\/index.php?rest_route=\/wp\/v2\/posts\/16282\/revisions\/16289"}],"wp:attachment":[{"href":"https:\/\/www.maria-koenigin.de\/index.php?rest_route=%2Fwp%2Fv2%2Fmedia&parent=16282"}],"wp:term":[{"taxonomy":"category","embeddable":true,"href":"https:\/\/www.maria-koenigin.de\/index.php?rest_route=%2Fwp%2Fv2%2Fcategories&post=16282"},{"taxonomy":"post_tag","embeddable":true,"href":"https:\/\/www.maria-koenigin.de\/index.php?rest_route=%2Fwp%2Fv2%2Ftags&post=16282"}],"curies":[{"name":"wp","href":"https:\/\/api.w.org\/{rel}","templated":true}]}}