{"id":16387,"date":"2025-06-25T07:00:16","date_gmt":"2025-06-25T05:00:16","guid":{"rendered":"https:\/\/www.maria-koenigin.de\/?p=16387"},"modified":"2025-06-23T10:18:26","modified_gmt":"2025-06-23T08:18:26","slug":"exodus-der-ausbruch-der-zusammenschweisste","status":"publish","type":"post","link":"https:\/\/www.maria-koenigin.de\/?p=16387","title":{"rendered":"\u201eEXODUS\u201c \u2013 der Ausbruch, der zusammenschwei\u00dfte"},"content":{"rendered":"<p style=\"text-align: justify;\"><img loading=\"lazy\" decoding=\"async\" class=\"alignright wp-image-16388 size-full\" src=\"http:\/\/www.maria-koenigin.de\/wordpress\/wp-content\/uploads\/2025\/06\/40-Jahre-Abi-Signetkl.jpg\" alt=\"\" width=\"640\" height=\"631\" srcset=\"https:\/\/www.maria-koenigin.de\/wordpress\/wp-content\/uploads\/2025\/06\/40-Jahre-Abi-Signetkl.jpg 640w, https:\/\/www.maria-koenigin.de\/wordpress\/wp-content\/uploads\/2025\/06\/40-Jahre-Abi-Signetkl-300x296.jpg 300w, https:\/\/www.maria-koenigin.de\/wordpress\/wp-content\/uploads\/2025\/06\/40-Jahre-Abi-Signetkl-624x615.jpg 624w\" sizes=\"auto, (max-width: 640px) 100vw, 640px\" \/>40 Jahre Abitur 1985 &#8211; 2025:\u00a0 <em>Ein R\u00fcckblick auf einen besonderen Jahrgang an Maria K\u00f6nigin<\/em><\/p>\n<p style=\"text-align: justify;\"><img loading=\"lazy\" decoding=\"async\" class=\"alignright wp-image-16390 size-full\" src=\"http:\/\/www.maria-koenigin.de\/wordpress\/wp-content\/uploads\/2025\/06\/40JahreAbi6kl.jpg\" alt=\"\" width=\"640\" height=\"480\" srcset=\"https:\/\/www.maria-koenigin.de\/wordpress\/wp-content\/uploads\/2025\/06\/40JahreAbi6kl.jpg 640w, https:\/\/www.maria-koenigin.de\/wordpress\/wp-content\/uploads\/2025\/06\/40JahreAbi6kl-300x225.jpg 300w, https:\/\/www.maria-koenigin.de\/wordpress\/wp-content\/uploads\/2025\/06\/40JahreAbi6kl-624x468.jpg 624w\" sizes=\"auto, (max-width: 640px) 100vw, 640px\" \/><em>Auf den alten Pl\u00e4tzen im Biologie-Saal <\/em><\/p>\n<p style=\"text-align: justify;\">Es war das Jahr 1985, als ein Abiturjahrgang am Gymnasium Maria K\u00f6nigin (MK) f\u00fcr Aufsehen sorgte \u2013 innerhalb wie au\u00dferhalb der Schulgemeinschaft. Unter dem Motto <strong>\u201eExodus\u201c \u2013 der Ausbruch aus den Zw\u00e4ngen der Schulzeit\u201c<\/strong> verabschiedeten sich die damaligen Abiturientinnen und Abiturienten von ihrer Schulzeit \u2013 provokativ, laut und mit einer ordentlichen Portion jugendlicher Rebellion.<!--more--><\/p>\n<p style=\"text-align: justify;\"><img loading=\"lazy\" decoding=\"async\" class=\"alignright wp-image-16389 size-full\" src=\"http:\/\/www.maria-koenigin.de\/wordpress\/wp-content\/uploads\/2025\/06\/40JahreAbi2kl.jpg\" alt=\"\" width=\"640\" height=\"480\" srcset=\"https:\/\/www.maria-koenigin.de\/wordpress\/wp-content\/uploads\/2025\/06\/40JahreAbi2kl.jpg 640w, https:\/\/www.maria-koenigin.de\/wordpress\/wp-content\/uploads\/2025\/06\/40JahreAbi2kl-300x225.jpg 300w, https:\/\/www.maria-koenigin.de\/wordpress\/wp-content\/uploads\/2025\/06\/40JahreAbi2kl-624x468.jpg 624w\" sizes=\"auto, (max-width: 640px) 100vw, 640px\" \/><em>Der Schulparkplatz war damals wie heute Treffpunkt <\/em><\/p>\n<p style=\"text-align: justify;\">Schon die Abizeitung, in der der Jahrgang seinen Frust \u00fcber die Schulzeit und dem Wunsch nach Freiheit Ausdruck verlieh, sorgte f\u00fcr gro\u00dfen Wirbel. Die Reaktionen im Lehrerkollegium reichten von Emp\u00f6rung bis Entt\u00e4uschung. Die Folge: eine abgespeckte, n\u00fcchterne Abiturfeier, die nicht allen gerecht wurde \u2013 und auch in der lokalen Presse Wellen schlug. Doch was damals als Skandal galt, erwies sich r\u00fcckblickend als Startpunkt einer besonderen Verbundenheit. Die intensive Auseinandersetzung mit dem \u201eSystem Schule\u201c, das mutige Hinterfragen von Strukturen und die gemeinsame Bew\u00e4ltigung der Konsequenzen schwei\u00dfte den Jahrgang zusammen. <strong>Was als Protest begann, wurde zur Grundlage f\u00fcr eine lebenslange Gemeinschaft.\u00a0<\/strong><\/p>\n<p style=\"text-align: justify;\"><img loading=\"lazy\" decoding=\"async\" class=\"alignright wp-image-16393 size-full\" src=\"http:\/\/www.maria-koenigin.de\/wordpress\/wp-content\/uploads\/2025\/06\/40JahreAbi5kl-1.jpg\" alt=\"\" width=\"640\" height=\"481\" srcset=\"https:\/\/www.maria-koenigin.de\/wordpress\/wp-content\/uploads\/2025\/06\/40JahreAbi5kl-1.jpg 640w, https:\/\/www.maria-koenigin.de\/wordpress\/wp-content\/uploads\/2025\/06\/40JahreAbi5kl-1-300x225.jpg 300w, https:\/\/www.maria-koenigin.de\/wordpress\/wp-content\/uploads\/2025\/06\/40JahreAbi5kl-1-624x469.jpg 624w\" sizes=\"auto, (max-width: 640px) 100vw, 640px\" \/><img loading=\"lazy\" decoding=\"async\" class=\"alignright wp-image-16394 size-full\" src=\"http:\/\/www.maria-koenigin.de\/wordpress\/wp-content\/uploads\/2025\/06\/40JahreAbi4kl-1.jpg\" alt=\"\" width=\"640\" height=\"296\" srcset=\"https:\/\/www.maria-koenigin.de\/wordpress\/wp-content\/uploads\/2025\/06\/40JahreAbi4kl-1.jpg 640w, https:\/\/www.maria-koenigin.de\/wordpress\/wp-content\/uploads\/2025\/06\/40JahreAbi4kl-1-300x139.jpg 300w, https:\/\/www.maria-koenigin.de\/wordpress\/wp-content\/uploads\/2025\/06\/40JahreAbi4kl-1-624x289.jpg 624w\" sizes=\"auto, (max-width: 640px) 100vw, 640px\" \/><em>Im Ilot &#8211; an selber Stelle 40 Jahre sp\u00e4ter<\/em><\/p>\n<p style=\"text-align: justify;\">Bis heute \u2013 40 Jahre sp\u00e4ter \u2013 trifft sich der Abi-Jahrgang von 1985 regelm\u00e4\u00dfig. Ob zum runden Jubil\u00e4um, zu kleineren Klassentreffen oder ganz spontan: Die Verbindung untereinander ist nie abgerissen. Und auch zur Schule besteht weiterhin eine enge Beziehung. <strong>Ironie der Geschichte: Ausgerechnet aus diesem \u201eSkandaljahrgang\u201c sind heute viele Ehemalige in Vereinen und Institutionen rund um MK aktiv -als Vorst\u00e4nde, F\u00f6rderer, Organisatoren.\u00a0<\/strong>\u201eWir haben damals Grenzen ausgelotet, sicher auch \u00fcberschritten \u2013 aber wir haben gelernt, Verantwortung zu \u00fcbernehmen\u201c, sagt ein Ehemaliger heute. <strong>Die kritische Auseinandersetzung mit der Schulzeit war nicht destruktiv, sondern pr\u00e4gend. Sie habe vielen geholfen, ihren Weg zu finden \u2013 beruflich, pers\u00f6nlich, gesellschaftlich.<\/strong><\/p>\n<p style=\"text-align: justify;\"><img loading=\"lazy\" decoding=\"async\" class=\"alignright wp-image-16395 size-full\" src=\"http:\/\/www.maria-koenigin.de\/wordpress\/wp-content\/uploads\/2025\/06\/40JahreAbi3kl.jpg\" alt=\"\" width=\"640\" height=\"480\" srcset=\"https:\/\/www.maria-koenigin.de\/wordpress\/wp-content\/uploads\/2025\/06\/40JahreAbi3kl.jpg 640w, https:\/\/www.maria-koenigin.de\/wordpress\/wp-content\/uploads\/2025\/06\/40JahreAbi3kl-300x225.jpg 300w, https:\/\/www.maria-koenigin.de\/wordpress\/wp-content\/uploads\/2025\/06\/40JahreAbi3kl-624x468.jpg 624w\" sizes=\"auto, (max-width: 640px) 100vw, 640px\" \/>Zum 40-j\u00e4hrigen Jubil\u00e4um des Abiturs blickt der Jahrgang mit Stolz zur\u00fcck \u2013 auf eine bewegte Vergangenheit, auf gemeinsame Erinnerungen, und auf eine Zeit, die viel mehr war als Unterricht und Pr\u00fcfungen. <strong>Die enge Bindung an das Gymnasium Maria K\u00f6nigin bleibt \u2013 damals wie heute \u2013 bestehen.<\/strong> Denn wahre Schulzeit endet nicht mit dem letzten Zeugnis \u2013 sie lebt weiter in Freundschaften, Werten und Engagement.<\/p>\n<p style=\"text-align: justify;\"><strong>Herzlichen Gl\u00fcckwunsch, Jahrgang 1985 \u2013 auf die n\u00e4chsten Jahrzehnte der Verbundenheit!<\/strong><\/p>\n","protected":false},"excerpt":{"rendered":"<p>40 Jahre Abitur 1985 &#8211; 2025:\u00a0 Ein R\u00fcckblick auf einen besonderen Jahrgang an Maria K\u00f6nigin Auf den alten Pl\u00e4tzen im Biologie-Saal Es war das Jahr 1985, als ein Abiturjahrgang am Gymnasium Maria K\u00f6nigin (MK) f\u00fcr Aufsehen sorgte \u2013 innerhalb wie au\u00dferhalb der Schulgemeinschaft. Unter dem Motto \u201eExodus\u201c \u2013 der Ausbruch aus den Zw\u00e4ngen der Schulzeit\u201c [&hellip;]<\/p>\n","protected":false},"author":7,"featured_media":0,"comment_status":"closed","ping_status":"closed","sticky":false,"template":"","format":"standard","meta":{"ngg_post_thumbnail":0,"footnotes":""},"categories":[4],"tags":[],"class_list":["post-16387","post","type-post","status-publish","format-standard","hentry","category-aktuelles"],"_links":{"self":[{"href":"https:\/\/www.maria-koenigin.de\/index.php?rest_route=\/wp\/v2\/posts\/16387","targetHints":{"allow":["GET"]}}],"collection":[{"href":"https:\/\/www.maria-koenigin.de\/index.php?rest_route=\/wp\/v2\/posts"}],"about":[{"href":"https:\/\/www.maria-koenigin.de\/index.php?rest_route=\/wp\/v2\/types\/post"}],"author":[{"embeddable":true,"href":"https:\/\/www.maria-koenigin.de\/index.php?rest_route=\/wp\/v2\/users\/7"}],"replies":[{"embeddable":true,"href":"https:\/\/www.maria-koenigin.de\/index.php?rest_route=%2Fwp%2Fv2%2Fcomments&post=16387"}],"version-history":[{"count":1,"href":"https:\/\/www.maria-koenigin.de\/index.php?rest_route=\/wp\/v2\/posts\/16387\/revisions"}],"predecessor-version":[{"id":16396,"href":"https:\/\/www.maria-koenigin.de\/index.php?rest_route=\/wp\/v2\/posts\/16387\/revisions\/16396"}],"wp:attachment":[{"href":"https:\/\/www.maria-koenigin.de\/index.php?rest_route=%2Fwp%2Fv2%2Fmedia&parent=16387"}],"wp:term":[{"taxonomy":"category","embeddable":true,"href":"https:\/\/www.maria-koenigin.de\/index.php?rest_route=%2Fwp%2Fv2%2Fcategories&post=16387"},{"taxonomy":"post_tag","embeddable":true,"href":"https:\/\/www.maria-koenigin.de\/index.php?rest_route=%2Fwp%2Fv2%2Ftags&post=16387"}],"curies":[{"name":"wp","href":"https:\/\/api.w.org\/{rel}","templated":true}]}}