{"id":16405,"date":"2025-06-29T13:11:38","date_gmt":"2025-06-29T11:11:38","guid":{"rendered":"https:\/\/www.maria-koenigin.de\/?p=16405"},"modified":"2025-06-30T21:23:55","modified_gmt":"2025-06-30T19:23:55","slug":"abiturfeier-2025-ein-tag-der-freude","status":"publish","type":"post","link":"https:\/\/www.maria-koenigin.de\/?p=16405","title":{"rendered":"Abiturfeier 2025 &#8211; Ein Tag der Freude"},"content":{"rendered":"<p style=\"text-align: justify;\"><img loading=\"lazy\" decoding=\"async\" class=\"alignright wp-image-16412 size-large\" src=\"http:\/\/www.maria-koenigin.de\/wordpress\/wp-content\/uploads\/2025\/06\/MK25-Abiturfoto-1385-2-1-1024x768.jpg\" alt=\"\" width=\"625\" height=\"469\" srcset=\"https:\/\/www.maria-koenigin.de\/wordpress\/wp-content\/uploads\/2025\/06\/MK25-Abiturfoto-1385-2-1-1024x768.jpg 1024w, https:\/\/www.maria-koenigin.de\/wordpress\/wp-content\/uploads\/2025\/06\/MK25-Abiturfoto-1385-2-1-300x225.jpg 300w, https:\/\/www.maria-koenigin.de\/wordpress\/wp-content\/uploads\/2025\/06\/MK25-Abiturfoto-1385-2-1-768x576.jpg 768w, https:\/\/www.maria-koenigin.de\/wordpress\/wp-content\/uploads\/2025\/06\/MK25-Abiturfoto-1385-2-1-1536x1152.jpg 1536w, https:\/\/www.maria-koenigin.de\/wordpress\/wp-content\/uploads\/2025\/06\/MK25-Abiturfoto-1385-2-1-624x468.jpg 624w, https:\/\/www.maria-koenigin.de\/wordpress\/wp-content\/uploads\/2025\/06\/MK25-Abiturfoto-1385-2-1.jpg 1920w\" sizes=\"auto, (max-width: 625px) 100vw, 625px\" \/>Mit einer gelungen und sch\u00f6nen Abiturfeier wurden am Samstag die Abiturienten und\u00a0 Abiturientinnen des Jahres 2025 verabschiedet. Alle 91 Sch\u00fclerinnen und Sch\u00fcler konnten die Abiturpr\u00fcfung bestehen und so war die Freude auch bei Eltern und Kollegium gro\u00df.<img loading=\"lazy\" decoding=\"async\" class=\"alignright wp-image-16413 size-large\" src=\"http:\/\/www.maria-koenigin.de\/wordpress\/wp-content\/uploads\/2025\/06\/MK25-Abiturfoto-1363-1-1024x683.jpg\" alt=\"\" width=\"625\" height=\"417\" srcset=\"https:\/\/www.maria-koenigin.de\/wordpress\/wp-content\/uploads\/2025\/06\/MK25-Abiturfoto-1363-1-1024x683.jpg 1024w, https:\/\/www.maria-koenigin.de\/wordpress\/wp-content\/uploads\/2025\/06\/MK25-Abiturfoto-1363-1-300x200.jpg 300w, https:\/\/www.maria-koenigin.de\/wordpress\/wp-content\/uploads\/2025\/06\/MK25-Abiturfoto-1363-1-768x512.jpg 768w, https:\/\/www.maria-koenigin.de\/wordpress\/wp-content\/uploads\/2025\/06\/MK25-Abiturfoto-1363-1-1536x1024.jpg 1536w, https:\/\/www.maria-koenigin.de\/wordpress\/wp-content\/uploads\/2025\/06\/MK25-Abiturfoto-1363-1-624x416.jpg 624w, https:\/\/www.maria-koenigin.de\/wordpress\/wp-content\/uploads\/2025\/06\/MK25-Abiturfoto-1363-1.jpg 1920w\" sizes=\"auto, (max-width: 625px) 100vw, 625px\" \/><\/p>\n<p style=\"text-align: justify;\"><!--more--><\/p>\n<p style=\"text-align: justify;\"><img loading=\"lazy\" decoding=\"async\" class=\"alignright wp-image-16408 size-full\" src=\"http:\/\/www.maria-koenigin.de\/wordpress\/wp-content\/uploads\/2025\/06\/Abi-25-Feier-5klein.jpg\" alt=\"\" width=\"640\" height=\"960\" srcset=\"https:\/\/www.maria-koenigin.de\/wordpress\/wp-content\/uploads\/2025\/06\/Abi-25-Feier-5klein.jpg 640w, https:\/\/www.maria-koenigin.de\/wordpress\/wp-content\/uploads\/2025\/06\/Abi-25-Feier-5klein-200x300.jpg 200w, https:\/\/www.maria-koenigin.de\/wordpress\/wp-content\/uploads\/2025\/06\/Abi-25-Feier-5klein-624x936.jpg 624w\" sizes=\"auto, (max-width: 640px) 100vw, 640px\" \/><em>Foto: Helena von Schledorn\/MK<\/em><\/p>\n<p style=\"text-align: justify;\">Das sind die Namen der Abiturientinnen und Abiturienten des Gymnasiums Maria K\u00f6nigin 2025:<\/p>\n<p style=\"text-align: justify;\">Stadt Lennestadt:\u00a0Jakob Artin, Adrian Augele, Elena Baumhoff, Lilli Belke, Linus Biermann, Benjamin Br\u00fcggemann, \u00a0Lena Deichmann, Moritz Ehlers, Dana Fischer, Felix Forth, Marvin Freimuth, Carolin Geisler,\u00a0Amy G\u00f6dde, Johannes Hamers, Elias Linn, Cecilia Mester, Samira Pla\u00dfmann, Lidia Potyra,\u00a0Julius Remmel, Katharina Rinscheid, Melina Rondinelli, Tymofii Rozhkov, Daria Rozhkova, Hannah Sauer, Nikola Sauer, Hannah Schneider, Felix Schnorbus, Mika Schweinsberg,\u00a0Enesa Sherifi, Hannah S\u00f6bke, Rosa Sonntag, Jimmy Steffen, Luca Steiner, Eileen Theile,\u00a0Lina Utner, Lea Vente, Etienne Wensing, Mia Winkelmann, Nele Winkelmeier, Wybke W\u00fcrde<\/p>\n<p style=\"text-align: justify;\">Gemeinde Kirchhundem:\u00a0Justus Alff, Lilli Arens, Henry A\u00dfmann, Nico Assmann, Sebastian Berens, Max D\u00fcmpelmann, Jonas Gr\u00fcbel, Adrian Hupertz, Daniel Jouhet, Philipp Kr\u00e4mer, Josephine Kristes, Lukas Lenneper, Fabian Maag, Hannes Mertens, David Moj, Leah M\u00fcller, Lenie Nies, Lui Picker, Niklas Reichling, Maren Sandholz, Tony Santolaya Wu, Pia Schmelzer, Jannik Schmidt, Malte Schmidt,\u00a0Jarno Suens, Saskia Tr\u00f6ster, Henri Wadsack, Mia Weyand, Amelie Wolff<\/p>\n<p style=\"text-align: justify;\">Stadt Schmallenberg: \u00a0Flavia Corvitto, Greta\u00a0 Dornseifer, Beatrice Fabbri, Sina Funke, Alexander Galvas, Greta Gamm, Johanna G\u00f6bel, Till Hanfland, Mia Hebbecker, Sarah Hickmann, Aliessa Luttermann, \u00a0Yvette M\u00f6nig, Alisha Pape, Lea Richart-Willmes, Maria Schmidt, Cai Schulte<\/p>\n<p style=\"text-align: justify;\">Gemeinde Finnentrop:\u00a0Lisa Fleper, Steffen Hirschh\u00e4user, Jolina-Sophie Raab, Moritz Schmidt<\/p>\n<p style=\"text-align: justify;\">Gemeinde Eslohe: Sina Funke, Aliessa Luttermann, Lukas Winkelmeier<\/p>\n<p style=\"text-align: justify;\">Ein ausf\u00fchrlicher Bericht und das offizielle Abiturfoto folgen in den n\u00e4chsten Tagen.<\/p>\n<p><img loading=\"lazy\" decoding=\"async\" class=\"alignright wp-image-16407 size-full\" src=\"http:\/\/www.maria-koenigin.de\/wordpress\/wp-content\/uploads\/2025\/06\/Abi-25-Feier-3klein.jpg\" alt=\"\" width=\"640\" height=\"427\" srcset=\"https:\/\/www.maria-koenigin.de\/wordpress\/wp-content\/uploads\/2025\/06\/Abi-25-Feier-3klein.jpg 640w, https:\/\/www.maria-koenigin.de\/wordpress\/wp-content\/uploads\/2025\/06\/Abi-25-Feier-3klein-300x200.jpg 300w, https:\/\/www.maria-koenigin.de\/wordpress\/wp-content\/uploads\/2025\/06\/Abi-25-Feier-3klein-624x416.jpg 624w\" sizes=\"auto, (max-width: 640px) 100vw, 640px\" \/><\/p>\n<p><em>Foto: Helena von Schledorn\/MK<\/em><\/p>\n<p>&nbsp;<\/p>\n<p>&nbsp;<\/p>\n","protected":false},"excerpt":{"rendered":"<p>Mit einer gelungen und sch\u00f6nen Abiturfeier wurden am Samstag die Abiturienten und\u00a0 Abiturientinnen des Jahres 2025 verabschiedet. Alle 91 Sch\u00fclerinnen und Sch\u00fcler konnten die Abiturpr\u00fcfung bestehen und so war die Freude auch bei Eltern und Kollegium gro\u00df.<\/p>\n","protected":false},"author":7,"featured_media":0,"comment_status":"closed","ping_status":"closed","sticky":false,"template":"","format":"standard","meta":{"ngg_post_thumbnail":0,"footnotes":""},"categories":[4],"tags":[],"class_list":["post-16405","post","type-post","status-publish","format-standard","hentry","category-aktuelles"],"_links":{"self":[{"href":"https:\/\/www.maria-koenigin.de\/index.php?rest_route=\/wp\/v2\/posts\/16405","targetHints":{"allow":["GET"]}}],"collection":[{"href":"https:\/\/www.maria-koenigin.de\/index.php?rest_route=\/wp\/v2\/posts"}],"about":[{"href":"https:\/\/www.maria-koenigin.de\/index.php?rest_route=\/wp\/v2\/types\/post"}],"author":[{"embeddable":true,"href":"https:\/\/www.maria-koenigin.de\/index.php?rest_route=\/wp\/v2\/users\/7"}],"replies":[{"embeddable":true,"href":"https:\/\/www.maria-koenigin.de\/index.php?rest_route=%2Fwp%2Fv2%2Fcomments&post=16405"}],"version-history":[{"count":4,"href":"https:\/\/www.maria-koenigin.de\/index.php?rest_route=\/wp\/v2\/posts\/16405\/revisions"}],"predecessor-version":[{"id":16419,"href":"https:\/\/www.maria-koenigin.de\/index.php?rest_route=\/wp\/v2\/posts\/16405\/revisions\/16419"}],"wp:attachment":[{"href":"https:\/\/www.maria-koenigin.de\/index.php?rest_route=%2Fwp%2Fv2%2Fmedia&parent=16405"}],"wp:term":[{"taxonomy":"category","embeddable":true,"href":"https:\/\/www.maria-koenigin.de\/index.php?rest_route=%2Fwp%2Fv2%2Fcategories&post=16405"},{"taxonomy":"post_tag","embeddable":true,"href":"https:\/\/www.maria-koenigin.de\/index.php?rest_route=%2Fwp%2Fv2%2Ftags&post=16405"}],"curies":[{"name":"wp","href":"https:\/\/api.w.org\/{rel}","templated":true}]}}