{"id":16420,"date":"2025-06-30T21:51:43","date_gmt":"2025-06-30T19:51:43","guid":{"rendered":"https:\/\/www.maria-koenigin.de\/?p=16420"},"modified":"2025-06-30T21:54:07","modified_gmt":"2025-06-30T19:54:07","slug":"man-geht-wenn-es-am-schoensten-ist","status":"publish","type":"post","link":"https:\/\/www.maria-koenigin.de\/?p=16420","title":{"rendered":"\u201eMan geht, wenn es am sch\u00f6nsten ist.\u201c"},"content":{"rendered":"<p style=\"text-align: justify;\"><img loading=\"lazy\" decoding=\"async\" class=\"alignright wp-image-16421 size-full\" src=\"http:\/\/www.maria-koenigin.de\/wordpress\/wp-content\/uploads\/2025\/06\/Stufenfoto-Abitur-25-Pressekl.jpg\" alt=\"\" width=\"640\" height=\"427\" srcset=\"https:\/\/www.maria-koenigin.de\/wordpress\/wp-content\/uploads\/2025\/06\/Stufenfoto-Abitur-25-Pressekl.jpg 640w, https:\/\/www.maria-koenigin.de\/wordpress\/wp-content\/uploads\/2025\/06\/Stufenfoto-Abitur-25-Pressekl-300x200.jpg 300w, https:\/\/www.maria-koenigin.de\/wordpress\/wp-content\/uploads\/2025\/06\/Stufenfoto-Abitur-25-Pressekl-624x416.jpg 624w\" sizes=\"auto, (max-width: 640px) 100vw, 640px\" \/>In einem festlichen Rahmen verabschiedete das Gymnasium Maria K\u00f6nigin in diesen Tagen die Abiturientinnen und Abiturienten des Jahrgangs 2025. Insgesamt 91 junge Menschen nahmen stolz ihr Abiturzeugnis entgegen \u2013 begleitet von Applaus, vielen Gl\u00fcckw\u00fcnschen und bewegenden Redebeitr\u00e4gen. Damit haben alle Sch\u00fcler, die zur Pr\u00fcfung angetreten sind, das Abitur bestanden.<!--more--><\/p>\n<p style=\"text-align: justify;\"><img loading=\"lazy\" decoding=\"async\" class=\"alignright wp-image-16422 size-full\" src=\"http:\/\/www.maria-koenigin.de\/wordpress\/wp-content\/uploads\/2025\/06\/MK25-Abiturfeier-1320kl.jpg\" alt=\"\" width=\"640\" height=\"427\" srcset=\"https:\/\/www.maria-koenigin.de\/wordpress\/wp-content\/uploads\/2025\/06\/MK25-Abiturfeier-1320kl.jpg 640w, https:\/\/www.maria-koenigin.de\/wordpress\/wp-content\/uploads\/2025\/06\/MK25-Abiturfeier-1320kl-300x200.jpg 300w, https:\/\/www.maria-koenigin.de\/wordpress\/wp-content\/uploads\/2025\/06\/MK25-Abiturfeier-1320kl-624x416.jpg 624w\" sizes=\"auto, (max-width: 640px) 100vw, 640px\" \/><img loading=\"lazy\" decoding=\"async\" class=\"alignright wp-image-16423 size-full\" src=\"http:\/\/www.maria-koenigin.de\/wordpress\/wp-content\/uploads\/2025\/06\/MK25-Abiturfeier-1317kl.jpg\" alt=\"\" width=\"640\" height=\"427\" srcset=\"https:\/\/www.maria-koenigin.de\/wordpress\/wp-content\/uploads\/2025\/06\/MK25-Abiturfeier-1317kl.jpg 640w, https:\/\/www.maria-koenigin.de\/wordpress\/wp-content\/uploads\/2025\/06\/MK25-Abiturfeier-1317kl-300x200.jpg 300w, https:\/\/www.maria-koenigin.de\/wordpress\/wp-content\/uploads\/2025\/06\/MK25-Abiturfeier-1317kl-624x416.jpg 624w\" sizes=\"auto, (max-width: 640px) 100vw, 640px\" \/>Den feierlichen Auftakt bildete ein gemeinsamer Gottesdienst zum Thema \u201eNeuanfang\u201c, der von Pfarrer Ludger Wollweber gehalten und inhaltlich von einer Gruppe der Abiturientia sowie Lehrkr\u00e4ften vorbereitet wurde.<\/p>\n<p style=\"text-align: justify;\"><img loading=\"lazy\" decoding=\"async\" class=\"alignright wp-image-16424 size-full\" src=\"http:\/\/www.maria-koenigin.de\/wordpress\/wp-content\/uploads\/2025\/06\/MK25-Abiturfeier-1341kl.jpg\" alt=\"\" width=\"640\" height=\"427\" srcset=\"https:\/\/www.maria-koenigin.de\/wordpress\/wp-content\/uploads\/2025\/06\/MK25-Abiturfeier-1341kl.jpg 640w, https:\/\/www.maria-koenigin.de\/wordpress\/wp-content\/uploads\/2025\/06\/MK25-Abiturfeier-1341kl-300x200.jpg 300w, https:\/\/www.maria-koenigin.de\/wordpress\/wp-content\/uploads\/2025\/06\/MK25-Abiturfeier-1341kl-624x416.jpg 624w\" sizes=\"auto, (max-width: 640px) 100vw, 640px\" \/>Der Gottesdienst schlug bewusst eine Br\u00fccke zwischen Abschied und Aufbruch \u2013 als Moment der Besinnung, des Dankes und der Hoffnung. In der Predigt wurde symbolisch ein \u201eKoffer\u201c gepackt \u2013 gef\u00fcllt mit Gegenst\u00e4nden von Lehrkr\u00e4ften, Eltern sowie Sch\u00fclerinnen und Sch\u00fclern. Sie standen stellvertretend f\u00fcr Erfahrungen, Werte und Hilfestellungen, die die Abiturientia auf ihrem weiteren Weg begleiten sollen.<img loading=\"lazy\" decoding=\"async\" class=\"alignright wp-image-16407 size-full\" src=\"http:\/\/www.maria-koenigin.de\/wordpress\/wp-content\/uploads\/2025\/06\/Abi-25-Feier-3klein.jpg\" alt=\"\" width=\"640\" height=\"427\" srcset=\"https:\/\/www.maria-koenigin.de\/wordpress\/wp-content\/uploads\/2025\/06\/Abi-25-Feier-3klein.jpg 640w, https:\/\/www.maria-koenigin.de\/wordpress\/wp-content\/uploads\/2025\/06\/Abi-25-Feier-3klein-300x200.jpg 300w, https:\/\/www.maria-koenigin.de\/wordpress\/wp-content\/uploads\/2025\/06\/Abi-25-Feier-3klein-624x416.jpg 624w\" sizes=\"auto, (max-width: 640px) 100vw, 640px\" \/><\/p>\n<p style=\"text-align: justify;\"><img loading=\"lazy\" decoding=\"async\" class=\"alignright wp-image-16425 size-full\" src=\"http:\/\/www.maria-koenigin.de\/wordpress\/wp-content\/uploads\/2025\/06\/MK25-Abiturfeier-1414kl.jpg\" alt=\"\" width=\"640\" height=\"427\" srcset=\"https:\/\/www.maria-koenigin.de\/wordpress\/wp-content\/uploads\/2025\/06\/MK25-Abiturfeier-1414kl.jpg 640w, https:\/\/www.maria-koenigin.de\/wordpress\/wp-content\/uploads\/2025\/06\/MK25-Abiturfeier-1414kl-300x200.jpg 300w, https:\/\/www.maria-koenigin.de\/wordpress\/wp-content\/uploads\/2025\/06\/MK25-Abiturfeier-1414kl-624x416.jpg 624w\" sizes=\"auto, (max-width: 640px) 100vw, 640px\" \/>Im Anschluss begr\u00fc\u00dfte Schulleiter Jan Fabian Borys zahlreiche G\u00e4ste aus Politik, Kirche und Gesellschaft. Er bedankte sich herzlich bei den Abiturienten: \u201eLiebe Abiturientia, ich m\u00f6chte mich heute f\u00fcr all das Gute bedanken, das Ihr Tag f\u00fcr Tag in unsere Schule gebracht habt. Ihr habt bis zum heutigen Tag mitgeholfen, das Lernumfeld unserer Schule Maria K\u00f6nigin mit Leben und Freude zu f\u00fcllen.\u201c<\/p>\n<p style=\"text-align: justify;\">Auch die Gastredner nutzten die Gelegenheit, den jungen Erwachsenen Mut f\u00fcr die vor ihnen liegende Zukunft zuzusprechen. B\u00fcrgermeister Tobias Puspas (Lennestadt) und B\u00fcrgermeister Bj\u00f6rn Jarosz (Kirchhundem) w\u00fcnschten ihnen f\u00fcr ihren weiteren Lebensweg alles Gute \u2013 und riefen dazu auf, trotz aller M\u00f6glichkeiten, die ihnen offenstehen, ihre Wurzeln nicht zu vergessen. Auch Christoph Henrichs, stellvertretender Vorsitzender des Tr\u00e4gervereins, ermutigte die Abiturientia, ihren eigenen Weg zu gehen \u2013 gerade mit Blick auf die Herausforderungen unserer Zeit.<\/p>\n<p style=\"text-align: justify;\"><img loading=\"lazy\" decoding=\"async\" class=\"alignright wp-image-16426 size-full\" src=\"http:\/\/www.maria-koenigin.de\/wordpress\/wp-content\/uploads\/2025\/06\/MK25-Abiturfeier-1392kl.jpg\" alt=\"\" width=\"640\" height=\"427\" srcset=\"https:\/\/www.maria-koenigin.de\/wordpress\/wp-content\/uploads\/2025\/06\/MK25-Abiturfeier-1392kl.jpg 640w, https:\/\/www.maria-koenigin.de\/wordpress\/wp-content\/uploads\/2025\/06\/MK25-Abiturfeier-1392kl-300x200.jpg 300w, https:\/\/www.maria-koenigin.de\/wordpress\/wp-content\/uploads\/2025\/06\/MK25-Abiturfeier-1392kl-624x416.jpg 624w\" sizes=\"auto, (max-width: 640px) 100vw, 640px\" \/>F\u00fcr die Eltern sprach Birgit Augele. Sie gratulierte im Namen aller Familien und brachte ihren Stolz \u00fcber die Leistungen der jungen Erwachsenen zum Ausdruck. Besonders hob sie den starken Zusammenhalt innerhalb des Jahrgangs hervor \u2013 ein Thema, das sich wie ein roter Faden durch den gesamten Festakt zog.<\/p>\n<p style=\"text-align: justify;\"><img loading=\"lazy\" decoding=\"async\" class=\"alignright wp-image-16427 size-full\" src=\"http:\/\/www.maria-koenigin.de\/wordpress\/wp-content\/uploads\/2025\/06\/MK25-Abiturfeier-1399kl.jpg\" alt=\"\" width=\"640\" height=\"427\" srcset=\"https:\/\/www.maria-koenigin.de\/wordpress\/wp-content\/uploads\/2025\/06\/MK25-Abiturfeier-1399kl.jpg 640w, https:\/\/www.maria-koenigin.de\/wordpress\/wp-content\/uploads\/2025\/06\/MK25-Abiturfeier-1399kl-300x200.jpg 300w, https:\/\/www.maria-koenigin.de\/wordpress\/wp-content\/uploads\/2025\/06\/MK25-Abiturfeier-1399kl-624x416.jpg 624w\" sizes=\"auto, (max-width: 640px) 100vw, 640px\" \/>Denn auch Lisa Braune, gemeinsam mit Ansgar Kaufmann und Matthias Walter Jahrgangsstufenleiterin, lobte den besonderen Teamgeist dieser Abiturientia und begl\u00fcckw\u00fcnschte sie von ganzem Herzen: \u201eWir haben viel erlebt, ihr habt viel gemeistert; und doch hatten wir alle eine richtig gute Zeit. Ich freue mich, dass wir heute euren finalen Auftritt erleben d\u00fcrfen. Wir haben euch von Seiten der Schule alles mitgegeben, was ihr daf\u00fcr braucht \u2013 jetzt seid ihr am Zug!\u201c<\/p>\n<p style=\"text-align: justify;\"><img loading=\"lazy\" decoding=\"async\" class=\"alignright wp-image-16428 size-full\" src=\"http:\/\/www.maria-koenigin.de\/wordpress\/wp-content\/uploads\/2025\/06\/MK25-Abiturfeier-1401kl.jpg\" alt=\"\" width=\"640\" height=\"427\" srcset=\"https:\/\/www.maria-koenigin.de\/wordpress\/wp-content\/uploads\/2025\/06\/MK25-Abiturfeier-1401kl.jpg 640w, https:\/\/www.maria-koenigin.de\/wordpress\/wp-content\/uploads\/2025\/06\/MK25-Abiturfeier-1401kl-300x200.jpg 300w, https:\/\/www.maria-koenigin.de\/wordpress\/wp-content\/uploads\/2025\/06\/MK25-Abiturfeier-1401kl-624x416.jpg 624w\" sizes=\"auto, (max-width: 640px) 100vw, 640px\" \/>Die Jahrgangsstufensprecher Adrian Augele und Nele Winkelmeier gaben mit sp\u00fcrbarem Wehmut Einblicke in drei unvergessliche Oberstufenjahre und schlossen das Fazit: \u201eDiese Schule hat uns \u2013 neben der Bildung des Simple Past &#8211; viel mehr f\u00fcr unser sp\u00e4teres Leben mitgegeben. Jetzt diesen Ort verlassen zu m\u00fcssen, macht Angst und f\u00fchlt sich so an, als w\u00e4re es ein Abschied f\u00fcr immer. Doch wir werden uns bestimmt wiedersehen. Vor allem ist dieser Abschied ein Neuanfang, um nun unseren eigenen Weg zu gehen.\u201c Den emotionalen Schlusspunkt setzte eine ukrainische Sch\u00fclerin, die sich f\u00fcr die herzliche Aufnahme und Unterst\u00fctzung durch ihre Mitsch\u00fclerinnen und Mitsch\u00fcler bedankte. Ihre Worte bewegten viele Zuh\u00f6rerinnen und Zuh\u00f6rer tief. Lisa Fleper schloss den offiziellen Teil mit einem herzlichen Dank an das gesamte Schulteam \u2013 von der Schulleitung \u00fcber das Hausmeisterteam bis hin zum Sekretariat.<\/p>\n<p style=\"text-align: justify;\"><img loading=\"lazy\" decoding=\"async\" class=\"alignright wp-image-16429 size-full\" src=\"http:\/\/www.maria-koenigin.de\/wordpress\/wp-content\/uploads\/2025\/06\/Abi-25-Feier-7klein.jpg\" alt=\"\" width=\"640\" height=\"960\" srcset=\"https:\/\/www.maria-koenigin.de\/wordpress\/wp-content\/uploads\/2025\/06\/Abi-25-Feier-7klein.jpg 640w, https:\/\/www.maria-koenigin.de\/wordpress\/wp-content\/uploads\/2025\/06\/Abi-25-Feier-7klein-200x300.jpg 200w, https:\/\/www.maria-koenigin.de\/wordpress\/wp-content\/uploads\/2025\/06\/Abi-25-Feier-7klein-624x936.jpg 624w\" sizes=\"auto, (max-width: 640px) 100vw, 640px\" \/>Musikalisch begleitet wurde der Festakt von der Schulband \u201eHektoliteratur\u201c und von Musiklehrer Hendrik Sch\u00f6rmann, unter anderem mit Songs aus dem Musical \u201eThe Greatest Showman\u201c, das die Stufe zuvor selbst auf die B\u00fchne gebracht hatte.<\/p>\n<p style=\"text-align: justify;\"><img loading=\"lazy\" decoding=\"async\" class=\"alignright wp-image-16430 size-full\" src=\"http:\/\/www.maria-koenigin.de\/wordpress\/wp-content\/uploads\/2025\/06\/MK25-Abiturfeier-1450kl.jpg\" alt=\"\" width=\"640\" height=\"427\" srcset=\"https:\/\/www.maria-koenigin.de\/wordpress\/wp-content\/uploads\/2025\/06\/MK25-Abiturfeier-1450kl.jpg 640w, https:\/\/www.maria-koenigin.de\/wordpress\/wp-content\/uploads\/2025\/06\/MK25-Abiturfeier-1450kl-300x200.jpg 300w, https:\/\/www.maria-koenigin.de\/wordpress\/wp-content\/uploads\/2025\/06\/MK25-Abiturfeier-1450kl-624x416.jpg 624w\" sizes=\"auto, (max-width: 640px) 100vw, 640px\" \/>91 Sch\u00fclerinnen und Sch\u00fcler erhielten ihr Abiturzeugnis. 26 von ihnen erzielten eine 1 vor dem Komma, 13 davon mit einer Durchschnittsnote von 1,5 oder besser. Ein Abiturient erreichte sogar die Traumnote 1,0. Zudem wurden verschiedene Sch\u00fclerinnen und Sch\u00fcler f\u00fcr besondere Leistungen in Chemie, Mathematik, Physik und Religion geehrt.<\/p>\n<p style=\"text-align: justify;\"><img loading=\"lazy\" decoding=\"async\" class=\"alignright wp-image-16413 size-large\" src=\"http:\/\/www.maria-koenigin.de\/wordpress\/wp-content\/uploads\/2025\/06\/MK25-Abiturfoto-1363-1-1024x683.jpg\" alt=\"\" width=\"625\" height=\"417\" srcset=\"https:\/\/www.maria-koenigin.de\/wordpress\/wp-content\/uploads\/2025\/06\/MK25-Abiturfoto-1363-1-1024x683.jpg 1024w, https:\/\/www.maria-koenigin.de\/wordpress\/wp-content\/uploads\/2025\/06\/MK25-Abiturfoto-1363-1-300x200.jpg 300w, https:\/\/www.maria-koenigin.de\/wordpress\/wp-content\/uploads\/2025\/06\/MK25-Abiturfoto-1363-1-768x512.jpg 768w, https:\/\/www.maria-koenigin.de\/wordpress\/wp-content\/uploads\/2025\/06\/MK25-Abiturfoto-1363-1-1536x1024.jpg 1536w, https:\/\/www.maria-koenigin.de\/wordpress\/wp-content\/uploads\/2025\/06\/MK25-Abiturfoto-1363-1-624x416.jpg 624w, https:\/\/www.maria-koenigin.de\/wordpress\/wp-content\/uploads\/2025\/06\/MK25-Abiturfoto-1363-1.jpg 1920w\" sizes=\"auto, (max-width: 625px) 100vw, 625px\" \/>Das sind die Abiturientinnen und Abiturienten des Gymnasiums Maria K\u00f6nigin 2025:<\/p>\n<p style=\"text-align: justify;\"><strong>Stadt Lennestadt:<\/strong>\u00a0Jakob Artin, Adrian Augele, Elena Baumhoff, Lilli Belke, Linus Biermann, Benjamin Br\u00fcggemann,\u00a0 Lena Deichmann, Moritz Ehlers, Dana Fischer, Felix Forth, Marvin Freimuth, Carolin Geisler,\u00a0Amy G\u00f6dde, Johannes Hamers, Elias Linn, Cecilia Mester, Samira Pla\u00dfmann, Lidia Potyra,\u00a0Julius Remmel, Katharina Rinscheid, Melina Rondinelli, Tymofii Rozhkov, Daria Rozhkova, Hannah Sauer, Nikola Sauer, Hannah Schneider, Felix Schnorbus, Mika Schweinsberg,\u00a0Enesa Sherifi, Hannah S\u00f6bke, Rosa Sonntag, Jimmy Steffen, Luca Steiner, Eileen Theile, Sofiia Tymofieieva, Lina Utner, Lea Vente, Etienne Wensing, Mia Winkelmann, Nele Winkelmeier, Wybke W\u00fcrde<\/p>\n<p style=\"text-align: justify;\"><strong>Gemeinde Kirchhundem:<\/strong>\u00a0Justus Alff, Lilli Arens, Henry A\u00dfmann, Nico Assmann, Sebastian Berens, Max D\u00fcmpelmann, Jonas Gr\u00fcbel, Adrian Hupertz, Daniel Jouhet, Philipp Kr\u00e4mer, Josephine Kristes, Lukas Lenneper, Fabian Maag, Hannes Mertens, David Moj, Leah M\u00fcller, Lenie Nies, Lui Picker, Niklas Reichling, Maren Sandholz, Tony Santolaya Wu, Pia Schmelzer, Jannik Schmidt, Malte Schmidt,\u00a0Jarno Suens, Saskia Tr\u00f6ster, Henri Wadsack, Mia Weyand, Amelie Wolff<\/p>\n<p style=\"text-align: justify;\"><strong>Stadt Schmallenberg:<\/strong>\u00a0Flavia Corvitto, Greta\u00a0 Dornseifer, Beatrice Fabbri, Alexander Galvas, Greta Gamm,\u00a0Johanna G\u00f6bel, Till Hanfland, Mia Hebbecker, Sarah Hickmann, Yvette M\u00f6nig, Alisha Pape,\u00a0Lea Richart-Willmes, Maria Schmidt, Cai Schulte<\/p>\n<p style=\"text-align: justify;\"><strong>Gemeinde Finnentrop:<\/strong>\u00a0Lisa Fleper, Steffen Hirschh\u00e4user, Jolina-Sophie Raab, Moritz Schmidt<\/p>\n<p style=\"text-align: justify;\"><strong>Gemeinde Eslohe:<\/strong>\u00a0Sina Funke, Aliessa Luttermann, Lukas Winkelmeier<\/p>\n<p><em>Hanna Reuber<\/em><\/p>\n<p><em>Fotos: Thomas Hilger und Helena von Schledorn\u00a0<\/em><\/p>\n<p><img loading=\"lazy\" decoding=\"async\" class=\"alignright wp-image-16434 size-full\" src=\"http:\/\/www.maria-koenigin.de\/wordpress\/wp-content\/uploads\/2025\/06\/MK25-Abiturfeier-1429kl-1.jpg\" alt=\"\" width=\"640\" height=\"427\" srcset=\"https:\/\/www.maria-koenigin.de\/wordpress\/wp-content\/uploads\/2025\/06\/MK25-Abiturfeier-1429kl-1.jpg 640w, https:\/\/www.maria-koenigin.de\/wordpress\/wp-content\/uploads\/2025\/06\/MK25-Abiturfeier-1429kl-1-300x200.jpg 300w, https:\/\/www.maria-koenigin.de\/wordpress\/wp-content\/uploads\/2025\/06\/MK25-Abiturfeier-1429kl-1-624x416.jpg 624w\" sizes=\"auto, (max-width: 640px) 100vw, 640px\" \/><\/p>\n","protected":false},"excerpt":{"rendered":"<p>In einem festlichen Rahmen verabschiedete das Gymnasium Maria K\u00f6nigin in diesen Tagen die Abiturientinnen und Abiturienten des Jahrgangs 2025. Insgesamt 91 junge Menschen nahmen stolz ihr Abiturzeugnis entgegen \u2013 begleitet von Applaus, vielen Gl\u00fcckw\u00fcnschen und bewegenden Redebeitr\u00e4gen. Damit haben alle Sch\u00fcler, die zur Pr\u00fcfung angetreten sind, das Abitur bestanden.<\/p>\n","protected":false},"author":7,"featured_media":0,"comment_status":"closed","ping_status":"closed","sticky":false,"template":"","format":"standard","meta":{"ngg_post_thumbnail":0,"footnotes":""},"categories":[4],"tags":[],"class_list":["post-16420","post","type-post","status-publish","format-standard","hentry","category-aktuelles"],"_links":{"self":[{"href":"https:\/\/www.maria-koenigin.de\/index.php?rest_route=\/wp\/v2\/posts\/16420","targetHints":{"allow":["GET"]}}],"collection":[{"href":"https:\/\/www.maria-koenigin.de\/index.php?rest_route=\/wp\/v2\/posts"}],"about":[{"href":"https:\/\/www.maria-koenigin.de\/index.php?rest_route=\/wp\/v2\/types\/post"}],"author":[{"embeddable":true,"href":"https:\/\/www.maria-koenigin.de\/index.php?rest_route=\/wp\/v2\/users\/7"}],"replies":[{"embeddable":true,"href":"https:\/\/www.maria-koenigin.de\/index.php?rest_route=%2Fwp%2Fv2%2Fcomments&post=16420"}],"version-history":[{"count":3,"href":"https:\/\/www.maria-koenigin.de\/index.php?rest_route=\/wp\/v2\/posts\/16420\/revisions"}],"predecessor-version":[{"id":16437,"href":"https:\/\/www.maria-koenigin.de\/index.php?rest_route=\/wp\/v2\/posts\/16420\/revisions\/16437"}],"wp:attachment":[{"href":"https:\/\/www.maria-koenigin.de\/index.php?rest_route=%2Fwp%2Fv2%2Fmedia&parent=16420"}],"wp:term":[{"taxonomy":"category","embeddable":true,"href":"https:\/\/www.maria-koenigin.de\/index.php?rest_route=%2Fwp%2Fv2%2Fcategories&post=16420"},{"taxonomy":"post_tag","embeddable":true,"href":"https:\/\/www.maria-koenigin.de\/index.php?rest_route=%2Fwp%2Fv2%2Ftags&post=16420"}],"curies":[{"name":"wp","href":"https:\/\/api.w.org\/{rel}","templated":true}]}}