{"id":16450,"date":"2025-07-07T16:41:00","date_gmt":"2025-07-07T14:41:00","guid":{"rendered":"https:\/\/www.maria-koenigin.de\/?p=16450"},"modified":"2025-07-08T15:28:03","modified_gmt":"2025-07-08T13:28:03","slug":"wir-sind-ab-sofort-mint-ec-schule","status":"publish","type":"post","link":"https:\/\/www.maria-koenigin.de\/?p=16450","title":{"rendered":"Wir sind ab sofort MINT-EC Schule!"},"content":{"rendered":"<p><img loading=\"lazy\" decoding=\"async\" class=\"alignnone wp-image-16451 size-full\" src=\"http:\/\/www.maria-koenigin.de\/wordpress\/wp-content\/uploads\/2025\/07\/MINT-EC-SCHULE_Logo_Mitglied.jpg\" alt=\"\" width=\"768\" height=\"508\" srcset=\"https:\/\/www.maria-koenigin.de\/wordpress\/wp-content\/uploads\/2025\/07\/MINT-EC-SCHULE_Logo_Mitglied.jpg 768w, https:\/\/www.maria-koenigin.de\/wordpress\/wp-content\/uploads\/2025\/07\/MINT-EC-SCHULE_Logo_Mitglied-300x198.jpg 300w, https:\/\/www.maria-koenigin.de\/wordpress\/wp-content\/uploads\/2025\/07\/MINT-EC-SCHULE_Logo_Mitglied-624x413.jpg 624w\" sizes=\"auto, (max-width: 768px) 100vw, 768px\" \/><br \/>\nWir freuen uns sehr, dass wir in das nationale Excellence-Schulnetzwerk MINT-EC aufgenommen wurden!<br \/>\nDiese Auszeichnung w\u00fcrdigt unser besonderes Engagement in den MINT-F\u00e4chern (Mathematik, Informatik, Naturwissenschaften und Technik) und er\u00f6ffnet unseren Sch\u00fclerinnen und Sch\u00fclern k\u00fcnftig exklusive F\u00f6rderm\u00f6glichkeiten, Wettbewerbe und Vernetzungsangebote auf bundesweiter Ebene. Au\u00dferdem k\u00f6nnen wir damit besonders engagierten Sch\u00fclerinnen und Sch\u00fclern in diesem Bereich ein MINT-EC-Zertifikat im Rahmen ihres Abiturs verleihen.<\/p>\n<p>Weitere Informationen folgen in K\u00fcrze.<\/p>\n","protected":false},"excerpt":{"rendered":"<p>Wir freuen uns sehr, dass wir in das nationale Excellence-Schulnetzwerk MINT-EC aufgenommen wurden! Diese Auszeichnung w\u00fcrdigt unser besonderes Engagement in den MINT-F\u00e4chern (Mathematik, Informatik, Naturwissenschaften und Technik) und er\u00f6ffnet unseren Sch\u00fclerinnen und Sch\u00fclern k\u00fcnftig exklusive F\u00f6rderm\u00f6glichkeiten, Wettbewerbe und Vernetzungsangebote auf bundesweiter Ebene. Au\u00dferdem k\u00f6nnen wir damit besonders engagierten Sch\u00fclerinnen und Sch\u00fclern in diesem Bereich ein [&hellip;]<\/p>\n","protected":false},"author":14,"featured_media":0,"comment_status":"closed","ping_status":"closed","sticky":false,"template":"","format":"standard","meta":{"ngg_post_thumbnail":0,"footnotes":""},"categories":[4,19],"tags":[],"class_list":["post-16450","post","type-post","status-publish","format-standard","hentry","category-aktuelles","category-mint"],"_links":{"self":[{"href":"https:\/\/www.maria-koenigin.de\/index.php?rest_route=\/wp\/v2\/posts\/16450","targetHints":{"allow":["GET"]}}],"collection":[{"href":"https:\/\/www.maria-koenigin.de\/index.php?rest_route=\/wp\/v2\/posts"}],"about":[{"href":"https:\/\/www.maria-koenigin.de\/index.php?rest_route=\/wp\/v2\/types\/post"}],"author":[{"embeddable":true,"href":"https:\/\/www.maria-koenigin.de\/index.php?rest_route=\/wp\/v2\/users\/14"}],"replies":[{"embeddable":true,"href":"https:\/\/www.maria-koenigin.de\/index.php?rest_route=%2Fwp%2Fv2%2Fcomments&post=16450"}],"version-history":[{"count":5,"href":"https:\/\/www.maria-koenigin.de\/index.php?rest_route=\/wp\/v2\/posts\/16450\/revisions"}],"predecessor-version":[{"id":16472,"href":"https:\/\/www.maria-koenigin.de\/index.php?rest_route=\/wp\/v2\/posts\/16450\/revisions\/16472"}],"wp:attachment":[{"href":"https:\/\/www.maria-koenigin.de\/index.php?rest_route=%2Fwp%2Fv2%2Fmedia&parent=16450"}],"wp:term":[{"taxonomy":"category","embeddable":true,"href":"https:\/\/www.maria-koenigin.de\/index.php?rest_route=%2Fwp%2Fv2%2Fcategories&post=16450"},{"taxonomy":"post_tag","embeddable":true,"href":"https:\/\/www.maria-koenigin.de\/index.php?rest_route=%2Fwp%2Fv2%2Ftags&post=16450"}],"curies":[{"name":"wp","href":"https:\/\/api.w.org\/{rel}","templated":true}]}}