{"id":16550,"date":"2025-07-17T23:18:18","date_gmt":"2025-07-17T21:18:18","guid":{"rendered":"https:\/\/www.maria-koenigin.de\/?p=16550"},"modified":"2025-07-17T23:31:12","modified_gmt":"2025-07-17T21:31:12","slug":"spendenlauf-84-000-euro-fuer-projekte-in-kenia","status":"publish","type":"post","link":"https:\/\/www.maria-koenigin.de\/?p=16550","title":{"rendered":"Spendenlauf: 84.000 Euro f\u00fcr Projekte in Kenia"},"content":{"rendered":"<p style=\"text-align: justify;\"><img loading=\"lazy\" decoding=\"async\" class=\"alignright wp-image-16558 size-full\" src=\"http:\/\/www.maria-koenigin.de\/wordpress\/wp-content\/uploads\/2025\/07\/1kl.jpg\" alt=\"\" width=\"640\" height=\"480\" srcset=\"https:\/\/www.maria-koenigin.de\/wordpress\/wp-content\/uploads\/2025\/07\/1kl.jpg 640w, https:\/\/www.maria-koenigin.de\/wordpress\/wp-content\/uploads\/2025\/07\/1kl-300x225.jpg 300w, https:\/\/www.maria-koenigin.de\/wordpress\/wp-content\/uploads\/2025\/07\/1kl-624x468.jpg 624w\" sizes=\"auto, (max-width: 640px) 100vw, 640px\" \/>Mit einem nicht erwarteten Ergebnis endete der Spendenlauf am Gymnasium Maria K\u00f6nigin zugunsten zweier Projekte in Kenia, die vom Verein \u201eServir e.V.\u201c unterst\u00fctzt werden. Im Rahmen eines \u201eTages f\u00fcr Servir\u201c konnte am Ende des Schuljahres ein Betrag von \u00fcber 84.000 Euro an die zwei Ordensschwestern Schwester Delora und Schwester Ancy und Father Kevin von den Salesianern \u00fcbergeben werden.<!--more--><\/p>\n<p style=\"text-align: justify;\"><img loading=\"lazy\" decoding=\"async\" class=\"alignright wp-image-16552 size-full\" src=\"http:\/\/www.maria-koenigin.de\/wordpress\/wp-content\/uploads\/2025\/07\/MK-2025_07_09-Tag-fuer-Servir-1606kl.jpg\" alt=\"\" width=\"640\" height=\"427\" srcset=\"https:\/\/www.maria-koenigin.de\/wordpress\/wp-content\/uploads\/2025\/07\/MK-2025_07_09-Tag-fuer-Servir-1606kl.jpg 640w, https:\/\/www.maria-koenigin.de\/wordpress\/wp-content\/uploads\/2025\/07\/MK-2025_07_09-Tag-fuer-Servir-1606kl-300x200.jpg 300w, https:\/\/www.maria-koenigin.de\/wordpress\/wp-content\/uploads\/2025\/07\/MK-2025_07_09-Tag-fuer-Servir-1606kl-624x416.jpg 624w\" sizes=\"auto, (max-width: 640px) 100vw, 640px\" \/>Schulleiter Fabian Borys, die Vorsitzende des Servir e.V., Anne-Katrin Lingemann, und weitere Vertreter der Schule und des Vereins freuten sich, zwei Schecks \u00fcber jeweils 42.000 Euro \u00fcbergeben zu k\u00f6nnen. Das Geld kommt zwei Projekten in Kenia zugute: Die Bishop Morrow School in Pundamilia ben\u00f6tigt weitere R\u00e4ume f\u00fcr die Kindertagesst\u00e4tte, da mittlerweile 30 Kinder betreut werden. Das zweite Projekt ist die Renovierung der asbestverseuchten D\u00e4cher des Missionskomplexes von Don Bosco in Makuyu, wohin Servir schon seit vielen Jahren Kontakt hat.<\/p>\n<p style=\"text-align: justify;\"><img loading=\"lazy\" decoding=\"async\" class=\"alignright wp-image-16553 size-full\" src=\"http:\/\/www.maria-koenigin.de\/wordpress\/wp-content\/uploads\/2025\/07\/MK-2025_07_09-Tag-fuer-Servir-1921kl.jpg\" alt=\"\" width=\"640\" height=\"427\" srcset=\"https:\/\/www.maria-koenigin.de\/wordpress\/wp-content\/uploads\/2025\/07\/MK-2025_07_09-Tag-fuer-Servir-1921kl.jpg 640w, https:\/\/www.maria-koenigin.de\/wordpress\/wp-content\/uploads\/2025\/07\/MK-2025_07_09-Tag-fuer-Servir-1921kl-300x200.jpg 300w, https:\/\/www.maria-koenigin.de\/wordpress\/wp-content\/uploads\/2025\/07\/MK-2025_07_09-Tag-fuer-Servir-1921kl-624x416.jpg 624w\" sizes=\"auto, (max-width: 640px) 100vw, 640px\" \/>\u201eWir freuen uns sehr, die beiden wichtigen Projekte unterst\u00fctzen zu k\u00f6nnen und so kurz vor den Ferien noch ein starkes Zeichen der Solidarit\u00e4t zu setzen,\u201c erkl\u00e4rte Fabian Borys. \u00a0\u201eSo eine gro\u00dfe Spendensumme alleine aus der Schulgemeinschaft hat es am Gymnasium Maria K\u00f6nigin noch nicht gegeben\u201c. Die Spenden\u00fcbergabe erfolgte im Beisein aller Sch\u00fcler, die das tolle Ergebnis bejubelten. Dr. Frederik Linn erl\u00e4uterte den G\u00e4sten aus Kenia in englischer Sprache die Aktion der Schule und lobte die wichtige Arbeit der beiden Projekte.<\/p>\n<p style=\"text-align: justify;\"><img loading=\"lazy\" decoding=\"async\" class=\"alignright wp-image-16356 size-full\" src=\"http:\/\/www.maria-koenigin.de\/wordpress\/wp-content\/uploads\/2025\/06\/Spela1.jpg\" alt=\"\" width=\"640\" height=\"480\" srcset=\"https:\/\/www.maria-koenigin.de\/wordpress\/wp-content\/uploads\/2025\/06\/Spela1.jpg 640w, https:\/\/www.maria-koenigin.de\/wordpress\/wp-content\/uploads\/2025\/06\/Spela1-300x225.jpg 300w, https:\/\/www.maria-koenigin.de\/wordpress\/wp-content\/uploads\/2025\/06\/Spela1-624x468.jpg 624w\" sizes=\"auto, (max-width: 640px) 100vw, 640px\" \/>Mitte Juni hatten alle Sch\u00fclerinnen und Sch\u00fcler des Gymnasiums an dem Spendenlauf teilgenommen und waren viele Runden um den Sportplatz der Schule gelaufen. F\u00fcr diese Laufleistung hatten sie sich Sponsoren gesucht. Organisator Ansgar Kaufmann lobte noch einmal die Sch\u00fcler, die f\u00fcr dieses tolle Ergebnis verantwortlich sind: \u201eBesonders flei\u00dfig waren die F\u00fcnft- und Sechstkl\u00e4ssler: Deren Ergebnisse waren teilweise drei-, manchmal sogar vierstellig.\u201c<\/p>\n<p style=\"text-align: justify;\"><img loading=\"lazy\" decoding=\"async\" class=\"alignright wp-image-16554 size-full\" src=\"http:\/\/www.maria-koenigin.de\/wordpress\/wp-content\/uploads\/2025\/07\/MK-2025_07_09-Tag-fuer-Servir-1813kl.jpg\" alt=\"\" width=\"640\" height=\"427\" srcset=\"https:\/\/www.maria-koenigin.de\/wordpress\/wp-content\/uploads\/2025\/07\/MK-2025_07_09-Tag-fuer-Servir-1813kl.jpg 640w, https:\/\/www.maria-koenigin.de\/wordpress\/wp-content\/uploads\/2025\/07\/MK-2025_07_09-Tag-fuer-Servir-1813kl-300x200.jpg 300w, https:\/\/www.maria-koenigin.de\/wordpress\/wp-content\/uploads\/2025\/07\/MK-2025_07_09-Tag-fuer-Servir-1813kl-624x416.jpg 624w\" sizes=\"auto, (max-width: 640px) 100vw, 640px\" \/>Die Spenden\u00fcbergabe war der Abschluss eines Aktionstages am Gymnasium Maria K\u00f6nigin, der federf\u00fchrend von Anne-Kathrin Lingemann organisiert worden war. Den ganzen Morgen \u00fcber nahmen die Sch\u00fcler an verschiedenen Projekten teil, bauten aus Bambusst\u00f6cken H\u00fctten, waren auf der Obstwiese im Einsatz, packten beim Upcycling oder in der Alu-Scheune mit an, studierten afrikanische T\u00e4nze und Lieder ein und vieles mehr.<\/p>\n<p style=\"text-align: justify;\"><img loading=\"lazy\" decoding=\"async\" class=\"alignright wp-image-16556 size-full\" src=\"http:\/\/www.maria-koenigin.de\/wordpress\/wp-content\/uploads\/2025\/07\/MK-2025_07_09-Tag-fuer-Servir-1600kl.jpg\" alt=\"\" width=\"640\" height=\"427\" srcset=\"https:\/\/www.maria-koenigin.de\/wordpress\/wp-content\/uploads\/2025\/07\/MK-2025_07_09-Tag-fuer-Servir-1600kl.jpg 640w, https:\/\/www.maria-koenigin.de\/wordpress\/wp-content\/uploads\/2025\/07\/MK-2025_07_09-Tag-fuer-Servir-1600kl-300x200.jpg 300w, https:\/\/www.maria-koenigin.de\/wordpress\/wp-content\/uploads\/2025\/07\/MK-2025_07_09-Tag-fuer-Servir-1600kl-624x416.jpg 624w\" sizes=\"auto, (max-width: 640px) 100vw, 640px\" \/>Geplant ist, diesen \u201eTag f\u00fcr Servir\u201c k\u00fcnftig fest in das Schuljahr zu integrieren. Anlass f\u00fcr den Spendenlauf und auch f\u00fcr den Aktionstag war das 40j\u00e4hrige Jubil\u00e4um des Projektes Servir, zu dem es im Laufe des Jahres noch weitere Aktivit\u00e4ten geben wird.\u00a0Ausf\u00fchrliche Informationen zum Servir e. V. gibt es unter<a href=\"http:\/\/servir.de\"> servir.de \u00a0\u00a0<\/a><\/p>\n<p><img loading=\"lazy\" decoding=\"async\" class=\"alignright wp-image-16555 size-full\" src=\"http:\/\/www.maria-koenigin.de\/wordpress\/wp-content\/uploads\/2025\/07\/MK-2025_07_09-Tag-fuer-Servir-1703kl.jpg\" alt=\"\" width=\"640\" height=\"960\" srcset=\"https:\/\/www.maria-koenigin.de\/wordpress\/wp-content\/uploads\/2025\/07\/MK-2025_07_09-Tag-fuer-Servir-1703kl.jpg 640w, https:\/\/www.maria-koenigin.de\/wordpress\/wp-content\/uploads\/2025\/07\/MK-2025_07_09-Tag-fuer-Servir-1703kl-200x300.jpg 200w, https:\/\/www.maria-koenigin.de\/wordpress\/wp-content\/uploads\/2025\/07\/MK-2025_07_09-Tag-fuer-Servir-1703kl-624x936.jpg 624w\" sizes=\"auto, (max-width: 640px) 100vw, 640px\" \/><\/p>\n","protected":false},"excerpt":{"rendered":"<p>Mit einem nicht erwarteten Ergebnis endete der Spendenlauf am Gymnasium Maria K\u00f6nigin zugunsten zweier Projekte in Kenia, die vom Verein \u201eServir e.V.\u201c unterst\u00fctzt werden. Im Rahmen eines \u201eTages f\u00fcr Servir\u201c konnte am Ende des Schuljahres ein Betrag von \u00fcber 84.000 Euro an die zwei Ordensschwestern Schwester Delora und Schwester Ancy und Father Kevin von den [&hellip;]<\/p>\n","protected":false},"author":7,"featured_media":0,"comment_status":"closed","ping_status":"closed","sticky":false,"template":"","format":"standard","meta":{"ngg_post_thumbnail":0,"footnotes":""},"categories":[4],"tags":[],"class_list":["post-16550","post","type-post","status-publish","format-standard","hentry","category-aktuelles"],"_links":{"self":[{"href":"https:\/\/www.maria-koenigin.de\/index.php?rest_route=\/wp\/v2\/posts\/16550","targetHints":{"allow":["GET"]}}],"collection":[{"href":"https:\/\/www.maria-koenigin.de\/index.php?rest_route=\/wp\/v2\/posts"}],"about":[{"href":"https:\/\/www.maria-koenigin.de\/index.php?rest_route=\/wp\/v2\/types\/post"}],"author":[{"embeddable":true,"href":"https:\/\/www.maria-koenigin.de\/index.php?rest_route=\/wp\/v2\/users\/7"}],"replies":[{"embeddable":true,"href":"https:\/\/www.maria-koenigin.de\/index.php?rest_route=%2Fwp%2Fv2%2Fcomments&post=16550"}],"version-history":[{"count":3,"href":"https:\/\/www.maria-koenigin.de\/index.php?rest_route=\/wp\/v2\/posts\/16550\/revisions"}],"predecessor-version":[{"id":16560,"href":"https:\/\/www.maria-koenigin.de\/index.php?rest_route=\/wp\/v2\/posts\/16550\/revisions\/16560"}],"wp:attachment":[{"href":"https:\/\/www.maria-koenigin.de\/index.php?rest_route=%2Fwp%2Fv2%2Fmedia&parent=16550"}],"wp:term":[{"taxonomy":"category","embeddable":true,"href":"https:\/\/www.maria-koenigin.de\/index.php?rest_route=%2Fwp%2Fv2%2Fcategories&post=16550"},{"taxonomy":"post_tag","embeddable":true,"href":"https:\/\/www.maria-koenigin.de\/index.php?rest_route=%2Fwp%2Fv2%2Ftags&post=16550"}],"curies":[{"name":"wp","href":"https:\/\/api.w.org\/{rel}","templated":true}]}}