{"id":16561,"date":"2025-07-21T07:00:57","date_gmt":"2025-07-21T05:00:57","guid":{"rendered":"https:\/\/www.maria-koenigin.de\/?p=16561"},"modified":"2025-07-18T11:49:26","modified_gmt":"2025-07-18T09:49:26","slug":"besuch-von-eil-im-politik-unterricht-der-klasse-5a","status":"publish","type":"post","link":"https:\/\/www.maria-koenigin.de\/?p=16561","title":{"rendered":"Besuch von EiL im Politik-Unterricht der Klasse 5a"},"content":{"rendered":"<p style=\"text-align: justify;\"><img loading=\"lazy\" decoding=\"async\" class=\"alignright wp-image-16562 size-full\" src=\"http:\/\/www.maria-koenigin.de\/wordpress\/wp-content\/uploads\/2025\/07\/EiL1kl.jpg\" alt=\"\" width=\"640\" height=\"480\" srcset=\"https:\/\/www.maria-koenigin.de\/wordpress\/wp-content\/uploads\/2025\/07\/EiL1kl.jpg 640w, https:\/\/www.maria-koenigin.de\/wordpress\/wp-content\/uploads\/2025\/07\/EiL1kl-300x225.jpg 300w, https:\/\/www.maria-koenigin.de\/wordpress\/wp-content\/uploads\/2025\/07\/EiL1kl-624x468.jpg 624w\" sizes=\"auto, (max-width: 640px) 100vw, 640px\" \/>Am Ende des Schuljahres besuchten Ulla Baumhoff und Hartmut Schweinsberg von EiL (Ehrenamt in Lennestadt) die Klasse 5a im Politikunterricht, um dort von ihren Aufgaben und den Angeboten der Initiative zu berichten. Gesellschaftlich relevante Themen wie Integration von Zuwanderern, die Lebenssituation von \u00e4lteren und alten Menschen, Leben mit Behinderung und Armut stehen dabei im Mittelpunkt und wurden im Unterricht angesprochen.<!--more--><\/p>\n<p style=\"text-align: justify;\">Herr Schweinsberg suchte mit den Sch\u00fclerinnen und Sch\u00fclern zun\u00e4chst den Austausch \u00fcber die Bedeutung von Ehrenamt und freiwilligen Arbeiten und sammelt Beispiele aus der Lebenswelt der Kinder, wie die freiwillige Feuerwehr, Sch\u00fctzenverein, Mithilfe in der Kirche, aber auch Nachbarschaftshilfe oder eben Sp\u00fclmaschine ausr\u00e4umen oder Rasen m\u00e4hen zuhause. Frau Baumhoff stellte den Jungen und M\u00e4dchen dann Projekte und Angebote vor wie die Taschengeldb\u00f6rse, bei der Jugendliche zwischen 13 und 18 Jahren sich anmelden k\u00f6nnen, um gegen ein Taschengeld anderen Menschen, die Hilfe im Alltag ben\u00f6tigen, zu unterst\u00fctzen. Die Jugendlichen k\u00f6nnen leichte T\u00e4tigkeiten \u00fcbernehmen, zu denen Rasenm\u00e4hen, leichte Gartenarbeit, Einkauf im Dorf, aber auch Babysitten oder das Ausf\u00fchren des Hundes geh\u00f6ren.\u00a0Oder die Fahrradwerkstatt, bei der gespendete Fahrr\u00e4der gemeinsam repariert werden, um die anschlie\u00dfend Bed\u00fcrftigen zukommen zu lassen. Die Aktion Warenkorb war den Sch\u00fclerinnen und Sch\u00fclern schon bekannt, weil sie f\u00fcr die Weihnachtsausgabe als Klasse Weihnachtst\u00fcten f\u00fcr gleichaltrige, arme, Kinder gepackt hatten.<\/p>\n<p style=\"text-align: justify;\"><img loading=\"lazy\" decoding=\"async\" class=\"alignright wp-image-16563 size-full\" src=\"http:\/\/www.maria-koenigin.de\/wordpress\/wp-content\/uploads\/2025\/07\/EiL-2kl.jpg\" alt=\"\" width=\"640\" height=\"480\" srcset=\"https:\/\/www.maria-koenigin.de\/wordpress\/wp-content\/uploads\/2025\/07\/EiL-2kl.jpg 640w, https:\/\/www.maria-koenigin.de\/wordpress\/wp-content\/uploads\/2025\/07\/EiL-2kl-300x225.jpg 300w, https:\/\/www.maria-koenigin.de\/wordpress\/wp-content\/uploads\/2025\/07\/EiL-2kl-624x468.jpg 624w\" sizes=\"auto, (max-width: 640px) 100vw, 640px\" \/>Die Sch\u00fclerinnen und Sch\u00fcler zeigten sich interessiert, und hoffentlich entdeckt der ein oder andere in Zukunft das ehrenamtliche, gesellschaftliche Engagement f\u00fcr sich. Vielen Dank an Ulla Baumhoff und Harmut Schweinsberg, dass Sie sich die Zeit f\u00fcr diesen Besuch genommen haben.\u00a0Infos zu EiL Lennestadt gibt es unter:\u00a0<a href=\"http:\/\/eil-ehrenamt-lennestadt.de\">http:\/\/eil-ehrenamt-lennestadt.de<\/a><\/p>\n<p><em>Simone Reuter<\/em><\/p>\n","protected":false},"excerpt":{"rendered":"<p>Am Ende des Schuljahres besuchten Ulla Baumhoff und Hartmut Schweinsberg von EiL (Ehrenamt in Lennestadt) die Klasse 5a im Politikunterricht, um dort von ihren Aufgaben und den Angeboten der Initiative zu berichten. Gesellschaftlich relevante Themen wie Integration von Zuwanderern, die Lebenssituation von \u00e4lteren und alten Menschen, Leben mit Behinderung und Armut stehen dabei im Mittelpunkt [&hellip;]<\/p>\n","protected":false},"author":7,"featured_media":0,"comment_status":"closed","ping_status":"closed","sticky":false,"template":"","format":"standard","meta":{"ngg_post_thumbnail":0,"footnotes":""},"categories":[4],"tags":[],"class_list":["post-16561","post","type-post","status-publish","format-standard","hentry","category-aktuelles"],"_links":{"self":[{"href":"https:\/\/www.maria-koenigin.de\/index.php?rest_route=\/wp\/v2\/posts\/16561","targetHints":{"allow":["GET"]}}],"collection":[{"href":"https:\/\/www.maria-koenigin.de\/index.php?rest_route=\/wp\/v2\/posts"}],"about":[{"href":"https:\/\/www.maria-koenigin.de\/index.php?rest_route=\/wp\/v2\/types\/post"}],"author":[{"embeddable":true,"href":"https:\/\/www.maria-koenigin.de\/index.php?rest_route=\/wp\/v2\/users\/7"}],"replies":[{"embeddable":true,"href":"https:\/\/www.maria-koenigin.de\/index.php?rest_route=%2Fwp%2Fv2%2Fcomments&post=16561"}],"version-history":[{"count":3,"href":"https:\/\/www.maria-koenigin.de\/index.php?rest_route=\/wp\/v2\/posts\/16561\/revisions"}],"predecessor-version":[{"id":16566,"href":"https:\/\/www.maria-koenigin.de\/index.php?rest_route=\/wp\/v2\/posts\/16561\/revisions\/16566"}],"wp:attachment":[{"href":"https:\/\/www.maria-koenigin.de\/index.php?rest_route=%2Fwp%2Fv2%2Fmedia&parent=16561"}],"wp:term":[{"taxonomy":"category","embeddable":true,"href":"https:\/\/www.maria-koenigin.de\/index.php?rest_route=%2Fwp%2Fv2%2Fcategories&post=16561"},{"taxonomy":"post_tag","embeddable":true,"href":"https:\/\/www.maria-koenigin.de\/index.php?rest_route=%2Fwp%2Fv2%2Ftags&post=16561"}],"curies":[{"name":"wp","href":"https:\/\/api.w.org\/{rel}","templated":true}]}}