{"id":16567,"date":"2025-07-24T07:00:27","date_gmt":"2025-07-24T05:00:27","guid":{"rendered":"https:\/\/www.maria-koenigin.de\/?p=16567"},"modified":"2025-07-18T12:02:37","modified_gmt":"2025-07-18T10:02:37","slug":"cinefete-an-maria-koenigin","status":"publish","type":"post","link":"https:\/\/www.maria-koenigin.de\/?p=16567","title":{"rendered":"Cin\u00e9f\u00eate an Maria K\u00f6nigin"},"content":{"rendered":"<p style=\"text-align: justify;\"><img loading=\"lazy\" decoding=\"async\" class=\"alignright wp-image-16569 size-full\" src=\"http:\/\/www.maria-koenigin.de\/wordpress\/wp-content\/uploads\/2025\/07\/Cinefete2.jpg\" alt=\"\" width=\"640\" height=\"480\" srcset=\"https:\/\/www.maria-koenigin.de\/wordpress\/wp-content\/uploads\/2025\/07\/Cinefete2.jpg 640w, https:\/\/www.maria-koenigin.de\/wordpress\/wp-content\/uploads\/2025\/07\/Cinefete2-300x225.jpg 300w, https:\/\/www.maria-koenigin.de\/wordpress\/wp-content\/uploads\/2025\/07\/Cinefete2-624x468.jpg 624w\" sizes=\"auto, (max-width: 640px) 100vw, 640px\" \/>Kurz vor den Ferien fand f\u00fcr unsere Franz\u00f6sischkurse der Stufe 8 bis EF die diesj\u00e4hrige Cin\u00e9f\u00eate im Lichtspielhaus Lennestadt statt. Cin\u00e9f\u00eate ist ein Schulfilmfestival, wodurch den Lernenden eine spannende und authentische Begegnung mit der franz\u00f6sischen Sprache und Filmkunst erm\u00f6glicht wird. Die vom Institut Fran\u00e7ais zur Verf\u00fcgung gestellten Filme transportieren die Zuschauer:innen an unbekannte Orte der Zielkultur und beleuchten die kleinen und gro\u00dfen Probleme im Alltag unter dem Motto: Wenn wir zusammenhalten, dann klappt alles.<!--more--><\/p>\n<p style=\"text-align: justify;\">F\u00fcr die Stufen 8 und 9 stand der Film \u201eJuniors\u201c (F, 2022) auf dem Programm: Mit kahlem Kopf sitzt der 14-j\u00e4hrige Hobby-Streamer Jordan an seiner PlayStation, schuld ist eine Panne beim Haareschneiden. Seine wenigen Zuschauer zeigen sich au\u00dferordentlich gro\u00dfz\u00fcgig und \u00fcberh\u00e4ufen den augenscheinlich an Krebs erkrankten Jordan mit Spenden. Als die geliebte Spielkonsole den Geist aufgibt, wird aus dem Zufall eine perfide L\u00fcge und aus dem \u201ekranken\u201c Jordan ein Superstar. Schnell w\u00e4chst ihm die Aufmerksamkeit in der sonst so ruhigen Gemeinde \u00fcber den rasierten Kopf und die kaputte Konsole wird zur kleinsten Sorge. Eine einzelne, kleine L\u00fcge in einem winzigen Dorf in S\u00fcdfrankreich. Wie schlimm kann die schon sein? Das lernen die Freunde Jordan und Patrick auf die harte Tour, denn im\u00a0 digitalen Zeitalter wachsen den L\u00fcgen in Windeseile Beine. Neben den Stolperfallen des Internets geht es dabei auch um moderne soziale Dynamiken und wie zerbrechlich sie sein k\u00f6nnen.<\/p>\n<p style=\"text-align: justify;\"><img loading=\"lazy\" decoding=\"async\" class=\"alignright wp-image-16570 size-full\" src=\"http:\/\/www.maria-koenigin.de\/wordpress\/wp-content\/uploads\/2025\/07\/Cinefete1-1.jpg\" alt=\"\" width=\"640\" height=\"480\" srcset=\"https:\/\/www.maria-koenigin.de\/wordpress\/wp-content\/uploads\/2025\/07\/Cinefete1-1.jpg 640w, https:\/\/www.maria-koenigin.de\/wordpress\/wp-content\/uploads\/2025\/07\/Cinefete1-1-300x225.jpg 300w, https:\/\/www.maria-koenigin.de\/wordpress\/wp-content\/uploads\/2025\/07\/Cinefete1-1-624x468.jpg 624w\" sizes=\"auto, (max-width: 640px) 100vw, 640px\" \/>Die Kurse der Klassen 10 und EF sahen die Drama-Kom\u00f6die \u201eSage-Homme\u201c (F, 2023). Medizin ist die Leidenschaft von Leopold, doch leider setzt er die Aufnahmepr\u00fcfung in den Sand. Aus der Not heraus meldet er sich f\u00fcr eine Ausbildung zur Hebamme an. Widerwillig legt er die pinke Uniform an und begibt sich in eine v\u00f6llig unbekannte Welt, die nicht nur gr\u00f6\u00dftenteils von Frauen bev\u00f6lkert wird, sondern auch v\u00f6llig neue Anforderungen an den jungen Mann stellt. Langsam gew\u00f6hnt er sich an den von Einf\u00fchlsamkeit gepr\u00e4gten Alltag. Gleichzeitig w\u00e4chst die Sorge, was sein privates Umfeld von der ungew\u00f6hnlichen Berufswahl halten wird. Beide von den Franz\u00f6sischlehrerinnen Ilse Beul und Nathaly N\u00fcckel ausgew\u00e4hlten Filme fanden bei den Lernenden gro\u00dfen Anklang und sorgten f\u00fcr einen abwechslungsreichen Tag, weitab vom allt\u00e4glichen Schulleben.<\/p>\n<p><em>Ilse Beul<\/em><\/p>\n","protected":false},"excerpt":{"rendered":"<p>Kurz vor den Ferien fand f\u00fcr unsere Franz\u00f6sischkurse der Stufe 8 bis EF die diesj\u00e4hrige Cin\u00e9f\u00eate im Lichtspielhaus Lennestadt statt. Cin\u00e9f\u00eate ist ein Schulfilmfestival, wodurch den Lernenden eine spannende und authentische Begegnung mit der franz\u00f6sischen Sprache und Filmkunst erm\u00f6glicht wird. Die vom Institut Fran\u00e7ais zur Verf\u00fcgung gestellten Filme transportieren die Zuschauer:innen an unbekannte Orte der [&hellip;]<\/p>\n","protected":false},"author":7,"featured_media":0,"comment_status":"closed","ping_status":"closed","sticky":false,"template":"","format":"standard","meta":{"ngg_post_thumbnail":0,"footnotes":""},"categories":[4],"tags":[],"class_list":["post-16567","post","type-post","status-publish","format-standard","hentry","category-aktuelles"],"_links":{"self":[{"href":"https:\/\/www.maria-koenigin.de\/index.php?rest_route=\/wp\/v2\/posts\/16567","targetHints":{"allow":["GET"]}}],"collection":[{"href":"https:\/\/www.maria-koenigin.de\/index.php?rest_route=\/wp\/v2\/posts"}],"about":[{"href":"https:\/\/www.maria-koenigin.de\/index.php?rest_route=\/wp\/v2\/types\/post"}],"author":[{"embeddable":true,"href":"https:\/\/www.maria-koenigin.de\/index.php?rest_route=\/wp\/v2\/users\/7"}],"replies":[{"embeddable":true,"href":"https:\/\/www.maria-koenigin.de\/index.php?rest_route=%2Fwp%2Fv2%2Fcomments&post=16567"}],"version-history":[{"count":1,"href":"https:\/\/www.maria-koenigin.de\/index.php?rest_route=\/wp\/v2\/posts\/16567\/revisions"}],"predecessor-version":[{"id":16571,"href":"https:\/\/www.maria-koenigin.de\/index.php?rest_route=\/wp\/v2\/posts\/16567\/revisions\/16571"}],"wp:attachment":[{"href":"https:\/\/www.maria-koenigin.de\/index.php?rest_route=%2Fwp%2Fv2%2Fmedia&parent=16567"}],"wp:term":[{"taxonomy":"category","embeddable":true,"href":"https:\/\/www.maria-koenigin.de\/index.php?rest_route=%2Fwp%2Fv2%2Fcategories&post=16567"},{"taxonomy":"post_tag","embeddable":true,"href":"https:\/\/www.maria-koenigin.de\/index.php?rest_route=%2Fwp%2Fv2%2Ftags&post=16567"}],"curies":[{"name":"wp","href":"https:\/\/api.w.org\/{rel}","templated":true}]}}